{"id":260982,"date":"2025-11-28T21:17:13","date_gmt":"2025-11-28T21:17:13","guid":{"rendered":"https:\/\/www.europesays.com\/es\/260982\/"},"modified":"2025-11-28T21:17:13","modified_gmt":"2025-11-28T21:17:13","slug":"triunfo-de-los-golfistas-angosturenses-nani-hernandez-y-silvio-martinez-en-un-torneo-internacional-en-chile","status":"publish","type":"post","link":"https:\/\/www.europesays.com\/es\/260982\/","title":{"rendered":"Triunfo de los golfistas angosturenses \u00abNani\u00bb Hern\u00e1ndez y Silvio Mart\u00ednez en un torneo internacional en Chile"},"content":{"rendered":"<p data-start=\"176\" data-end=\"600\">Los representantes de Villa La Angostura, \u201c<strong data-start=\"218\" data-end=\"236\">Nani\u201d Hern\u00e1ndez<\/strong> y <strong data-start=\"239\" data-end=\"258\">Silvio Mart\u00ednez<\/strong>, lograron destacadas actuaciones en el <strong data-start=\"298\" data-end=\"345\">Torneo de Golf del Club de Campo Bandurrias<\/strong>, realizado este fin de semana en la ciudad de <strong data-start=\"392\" data-end=\"409\">Osorno, Chile<\/strong>. El certamen reuni\u00f3 a <strong data-start=\"432\" data-end=\"454\">casi 120 golfistas<\/strong> provenientes de distintos clubes de <strong data-start=\"491\" data-end=\"512\">Chile y Argentina<\/strong>, consolid\u00e1ndose como una de las competencias amateurs m\u00e1s convocantes de la regi\u00f3n sur.<\/p>\n<p><strong data-start=\"606\" data-end=\"646\">Silvio Mart\u00ednez, campe\u00f3n en Senior B<\/strong><\/p>\n<p data-start=\"648\" data-end=\"869\">En la competitiva <strong data-start=\"666\" data-end=\"688\">categor\u00eda Senior B<\/strong>, el angosturense <strong data-start=\"706\" data-end=\"725\">Silvio Mart\u00ednez<\/strong> se coron\u00f3 campe\u00f3n tras completar una s\u00f3lida jornada, manteniendo regularidad y precisi\u00f3n en un circuito reconocido por su dificultad t\u00e9cnica.<\/p>\n<p data-start=\"871\" data-end=\"922\">El podio qued\u00f3 conformado de la siguiente manera:<\/p>\n<ul data-start=\"923\" data-end=\"1076\">\n<li data-start=\"923\" data-end=\"971\">\n<p data-start=\"925\" data-end=\"971\"><strong data-start=\"925\" data-end=\"948\">1\u00b0) Silvio Mart\u00ednez<\/strong> \u2013 Villa La Angostura<\/p>\n<\/li>\n<li data-start=\"972\" data-end=\"1028\">\n<p data-start=\"974\" data-end=\"1028\"><strong data-start=\"974\" data-end=\"1003\">2\u00b0) John Paul Lloyd Clare<\/strong> \u2013 Club El Alba (Chile)<\/p>\n<\/li>\n<li data-start=\"1029\" data-end=\"1076\">\n<p data-start=\"1031\" data-end=\"1076\"><strong data-start=\"1031\" data-end=\"1054\">3\u00b0) Mauricio Belmar<\/strong> \u2013 Club 7 R\u00edos (Chile)<\/p>\n<\/li>\n<\/ul>\n<p data-start=\"1078\" data-end=\"1219\">La actuaci\u00f3n de Mart\u00ednez reafirma su gran presente deportivo y su constancia en torneos regionales tanto en Argentina como en el vecino pa\u00eds.<\/p>\n<p data-start=\"1078\" data-end=\"1219\"><img fetchpriority=\"high\" decoding=\"async\" class=\"alignnone wp-image-62100 size-full\" src=\"https:\/\/www.europesays.com\/es\/wp-content\/uploads\/2025\/11\/golf-silvio-25-ce2627bf-9f98-4b0a-aa9f-3ce3df879bd7.jpeg\" alt=\"\" width=\"811\" height=\"456\"  \/><\/p>\n<p data-start=\"1221\" data-end=\"1268\"><strong data-start=\"1225\" data-end=\"1268\">\u201cNani\u201d Hern\u00e1ndez, l\u00edder en Gross Senior B<\/strong><\/p>\n<p data-start=\"1270\" data-end=\"1516\">Por su parte, el tambi\u00e9n angosturense <strong data-start=\"1308\" data-end=\"1328\">\u201cNani\u201d Hern\u00e1ndez<\/strong> obtuvo el <strong data-start=\"1339\" data-end=\"1362\">primer puesto Gross<\/strong> en la misma categor\u00eda, imponi\u00e9ndose entre jugadores de gran nivel y demostrando una vez m\u00e1s su trayectoria y experiencia en competencias internacionales.<\/p>\n<p data-start=\"1518\" data-end=\"1566\">El resultado final del <strong data-start=\"1541\" data-end=\"1559\">Gross Senior B<\/strong> fue:<\/p>\n<ul data-start=\"1567\" data-end=\"1721\">\n<li data-start=\"1567\" data-end=\"1614\">\n<p data-start=\"1569\" data-end=\"1614\"><strong data-start=\"1569\" data-end=\"1591\">1\u00b0) \u201cNani\u201d Hern\u00e1ndez<\/strong> \u2013 Villa La Angostura<\/p>\n<\/li>\n<li data-start=\"1615\" data-end=\"1674\">\n<p data-start=\"1617\" data-end=\"1674\"><strong data-start=\"1617\" data-end=\"1648\">2\u00b0) Ricardo Juli\u00e1n Valverde<\/strong> \u2013 Club Patagonia Virgin<\/p>\n<\/li>\n<li data-start=\"1675\" data-end=\"1721\">\n<p data-start=\"1677\" data-end=\"1721\"><strong data-start=\"1677\" data-end=\"1700\">3\u00b0) Silvio Mart\u00ednez<\/strong> \u2013 Villa La Angostura<\/p>\n<\/li>\n<\/ul>\n<p data-start=\"1723\" data-end=\"1754\"><strong data-start=\"1727\" data-end=\"1754\">Reconocimiento regional<\/strong><\/p>\n<p data-start=\"1756\" data-end=\"1965\">La participaci\u00f3n de Hern\u00e1ndez y Mart\u00ednez volvi\u00f3 a posicionar a Villa La Angostura en el mapa del golf patag\u00f3nico, destacando el nivel de sus deportistas y el trabajo que llevan adelante en cada presentaci\u00f3n.<\/p>\n<p data-start=\"1967\" data-end=\"2142\">Ambos jugadores regresan con importantes logros, representando a la localidad en un evento de alta competitividad y fortaleciendo los lazos deportivos entre Argentina y Chile.<\/p>\n<p>\n\tRelacionado<\/p>\n","protected":false},"excerpt":{"rendered":"Los representantes de Villa La Angostura, \u201cNani\u201d Hern\u00e1ndez y Silvio Mart\u00ednez, lograron destacadas actuaciones en el Torneo de&hellip;\n","protected":false},"author":2,"featured_media":260983,"comment_status":"","ping_status":"","sticky":false,"template":"","format":"standard","meta":{"footnotes":""},"categories":[275],"tags":[168,25,24,329,23,167],"class_list":{"0":"post-260982","1":"post","2":"type-post","3":"status-publish","4":"format-standard","5":"has-post-thumbnail","7":"category-golf","8":"tag-deportes","9":"tag-es","10":"tag-espana","11":"tag-golf","12":"tag-spain","13":"tag-sports"},"share_on_mastodon":{"url":"https:\/\/pubeurope.com\/@es\/115629409079170663","error":""},"_links":{"self":[{"href":"https:\/\/www.europesays.com\/es\/wp-json\/wp\/v2\/posts\/260982","targetHints":{"allow":["GET"]}}],"collection":[{"href":"https:\/\/www.europesays.com\/es\/wp-json\/wp\/v2\/posts"}],"about":[{"href":"https:\/\/www.europesays.com\/es\/wp-json\/wp\/v2\/types\/post"}],"author":[{"embeddable":true,"href":"https:\/\/www.europesays.com\/es\/wp-json\/wp\/v2\/users\/2"}],"replies":[{"embeddable":true,"href":"https:\/\/www.europesays.com\/es\/wp-json\/wp\/v2\/comments?post=260982"}],"version-history":[{"count":0,"href":"https:\/\/www.europesays.com\/es\/wp-json\/wp\/v2\/posts\/260982\/revisions"}],"wp:featuredmedia":[{"embeddable":true,"href":"https:\/\/www.europesays.com\/es\/wp-json\/wp\/v2\/media\/260983"}],"wp:attachment":[{"href":"https:\/\/www.europesays.com\/es\/wp-json\/wp\/v2\/media?parent=260982"}],"wp:term":[{"taxonomy":"category","embeddable":true,"href":"https:\/\/www.europesays.com\/es\/wp-json\/wp\/v2\/categories?post=260982"},{"taxonomy":"post_tag","embeddable":true,"href":"https:\/\/www.europesays.com\/es\/wp-json\/wp\/v2\/tags?post=260982"}],"curies":[{"name":"wp","href":"https:\/\/api.w.org\/{rel}","templated":true}]}}