{"id":260984,"date":"2025-11-28T21:18:19","date_gmt":"2025-11-28T21:18:19","guid":{"rendered":"https:\/\/www.europesays.com\/es\/260984\/"},"modified":"2025-11-28T21:18:19","modified_gmt":"2025-11-28T21:18:19","slug":"mouratoglou-se-rinde-con-un-aspecto-de-sinner-es-algo","status":"publish","type":"post","link":"https:\/\/www.europesays.com\/es\/260984\/","title":{"rendered":"Mouratoglou se rinde con un aspecto de Sinner: \u00abEs algo&#8230;\u00bb"},"content":{"rendered":"<p class=\"quota-display text-align-center\">\n        <a href=\"https:\/\/www.puntodebreak.com\/MDBA-B3-PDB-QUOTA-25\" rel=\"sponsored nofollow noopener\" title=\"Apuesta en bet365\" target=\"_blank\"><\/p>\n<p>            <img decoding=\"async\" alt=\"Bet365\" class=\"bet-logo lazyload\" loading=\"lazy\" src=\"https:\/\/www.europesays.com\/es\/wp-content\/uploads\/2025\/11\/1764017829_940_b365.jpg\"\/>Streaming Australian Open Asia-Pacific WC en directo<\/p>\n<p> \ud83c\udfbe Yunchaokete Bu vs Akira Santillan<\/p>\n<ol class=\"stream-card__steps\">\n<li>Entra aqu\u00ed y reg\u00edstrate en Bet365<\/li>\n<li>Haz tu primer dep\u00f3sito de m\u00ednimo 5\u00a0\u20ac<\/li>\n<li>Entra en la secci\u00f3n \u00abDirecto\u00bb y ve todos los partidos<\/li>\n<\/ol>\n<p>\n                                Ver partido en Bet365\n                            <\/p>\n<p>        <\/a>\n      <\/p>\n<p class=\"text-align-justify\"><a href=\"https:\/\/www.puntodebreak.com\/tag\/patrick-mouratoglou\" rel=\"nofollow noopener\" target=\"_blank\"><strong>Patrick Mouratoglou<\/strong><\/a> siempre se encuentra en el foco del tenis. Ya sea por su figura como entrenador, donde ha dirigido las carreras de <strong>Serena Williams, Holger Rune o Naomi Osaka<\/strong>, o por sus declaraciones, a veces m\u00e1s pol\u00e9micas, a veces m\u00e1s acertadas sobre el mundo del tenis.<\/p>\n<p class=\"text-align-justify\">El franc\u00e9s acostumbra \u00faltimamente a subir a su red social de LinkedIn publicaciones donde da su opini\u00f3n sobre un tema concreto. Hace una semana compar\u00f3 ten\u00edsticamente a <a href=\"https:\/\/www.puntodebreak.com\/tenis\/carlos-alcaraz\" rel=\"nofollow noopener\" target=\"_blank\"><strong>Carlos Alcaraz <\/strong><\/a>y <strong><a href=\"https:\/\/www.puntodebreak.com\/tenis\/jannik-sinner\" rel=\"nofollow noopener\" target=\"_blank\">Jannik Sinner<\/a> <\/strong>y esta vez los sujetos son los mismos, pero el tema que trat\u00f3 fue sobre la temporada de ambos y tambi\u00e9n sobre un aspecto del juego del italiano que le hace, seg\u00fan Mouratoglou\u00a0\u00ab\u00fanico\u00bb\u00a0en la historia.\u00a0<\/p>\n<p><strong>Patrick Mouratoglou analiza la rivalidad de Carlos Alcaraz y Jannik Sinner en 2025<\/strong><\/p>\n<p class=\"text-align-justify\">\u00abLa temporada 2025 termin\u00f3 justo como deb\u00eda: con Carlos Alcaraz y Jannik Sinner luchando por el t\u00edtulo. Alcaraz termina el a\u00f1o como n\u00famero 1 del mundo, pero Sinner se alza con el trofeo de las ATP Finals. Y esta final resumi\u00f3 todo el a\u00f1o. Una rivalidad cimentada en cuatro finales importantes en 2025: Roland Garros, Wimbledon, el US Open y ahora las ATP Finals. Dos victorias cada uno. Cuatro escenarios enormes. Pero cuatro partidos muy diferentes\u00bb.<\/p>\n<p><strong>La diferencia clave entre un tenista y otro<\/strong><\/p>\n<p class=\"text-align-justify\">\u00abSalvo la final de Roland Garros, que fue incre\u00edblemente re\u00f1ida, las otras tres fueron m\u00e1s desiguales. En Wimbledon, Sinner fue claramente mejor. En el US Open, Carlos fue claramente mejor. En las ATP Finals, Sinner volvi\u00f3 a ser claramente mejor. La pregunta es: \u00bfpor qu\u00e9? El saque lo decidi\u00f3 todo. Lo m\u00e1s destacado esta semana en Tur\u00edn es simple: Sinner sac\u00f3 a un nivel completamente diferente, el mejor de todo el torneo\u00bb.<\/p>\n<p class=\"text-align-justify\"><img decoding=\"async\" alt=\".\" data-entity-type=\"file\" data-entity-uuid=\"eb4c3c0c-a504-4bdf-ba4d-3e3af0cdb186\" width=\"612\" height=\"408\" loading=\"lazy\" class=\"lazyload\" src=\"https:\/\/www.europesays.com\/es\/wp-content\/uploads\/2025\/11\/Sinner-Alcaraz-ATP-Finals.jpg\"\/><\/p>\n<p class=\"text-align-justify\">\u00abY no solo el saque en s\u00ed, sino el saque +1, el tercer golpe y la capacidad de tomar el control de inmediato. En el US Open, el saque de Carlos marc\u00f3 la diferencia. Despu\u00e9s de esa final, si me hubieran preguntado qui\u00e9n ten\u00eda el mejor saque, habr\u00eda dicho: Alcaraz. \u00bfHoy, despu\u00e9s de Tur\u00edn? No hay debate: <strong>Sinner tiene el mejor saque ahora mismo<\/strong>\u00ab.<\/p>\n<p><strong>Ve a Sinner con un punto m\u00e1s en cuanto a mentalidad<\/strong><\/p>\n<p class=\"text-align-justify\">\u00abY luego viene la mentalidad. Hay un momento que lo explica todo. Punto de set en contra en la final de las ATP Finals en el primer set. Segundo saque. Jannik impacta a 187 km\/h en la esquina, puro riesgo. Despu\u00e9s del partido, dijo: &#8216;Ten\u00eda tres opciones. Eleg\u00ed la m\u00e1s arriesgada. Si ten\u00eda que perder el set, ten\u00eda que hacerlo en mis propios t\u00e9rminos&#8217;. Esta es la mentalidad de \u00e9lite. La mentalidad que se necesita para ganar estas finales. Y es exactamente lo que aprendi\u00f3 despu\u00e9s del US Open\u00bb.<\/p>\n<p><strong>Toque de atenci\u00f3n y advertencia a Alcaraz<\/strong><\/p>\n<p class=\"text-align-justify\">\u00ab\u00bfY qu\u00e9 hay de Carlos? Carlos no estuvo en su mejor momento esta semana. Demasiados errores no forzados con el rev\u00e9s. Momentos de p\u00e9rdida de concentraci\u00f3n con la derecha. Quiz\u00e1s fatiga de final de temporada, quiz\u00e1s simplemente no tiene la misma confianza en pista cubierta. Pero la respuesta es clara: si quiere dominar en 2026, debe empezar a mejorar con los dos primeros golpes, el saque y el resto\u00bb.<\/p>\n<p><strong>Los motivos por los que ve a Sinner un pelda\u00f1o por encima<\/strong><\/p>\n<p class=\"text-align-justify\">\u00ab\u00bfPor qu\u00e9 Alcaraz tiene que ponerse las pilas? Porque Jannik es actualmente el n\u00famero uno del mundo en saque+1 y resto+1. Es \u00fanico. Hemos tenido jugadores que dominan un lado de la ecuaci\u00f3n: Roger en saque+1, Rafa y Novak en el resto, pero nunca ambos. <strong>Esto es algo nuevo en la historia del tenis<\/strong>\u00ab.<\/p>\n<p><strong>Deseando ver la rivalidad en 2026<\/strong><\/p>\n<p class=\"text-align-justify\">\u00ab2025 nos trajo la rivalidad que esper\u00e1bamos. Seis finales esta temporada. Cuatro en los escenarios m\u00e1s importantes. Dos leyendas en ciernes, impuls\u00e1ndose mutuamente para evolucionar cada mes. Carlos termina como n\u00famero uno del mundo. Jannik termina con el t\u00edtulo de las ATP Finals y el momentum. 2026 ya pinta incre\u00edble\u00bb, sentencia un <strong>Patrick Mouratoglou<\/strong> que ha dejado claro punto de vista sobre las diferencias actuales entre<strong> Carlos Alcaraz y Jannik Sinner.\u00a0<\/strong><br \/>\u00a0<\/p>\n","protected":false},"excerpt":{"rendered":"Streaming Australian Open Asia-Pacific WC en directo \ud83c\udfbe Yunchaokete Bu vs Akira Santillan Entra aqu\u00ed y reg\u00edstrate en&hellip;\n","protected":false},"author":2,"featured_media":260985,"comment_status":"","ping_status":"","sticky":false,"template":"","format":"standard","meta":{"footnotes":""},"categories":[274],"tags":[168,25,24,23,167,327,326],"class_list":{"0":"post-260984","1":"post","2":"type-post","3":"status-publish","4":"format-standard","5":"has-post-thumbnail","7":"category-tenis","8":"tag-deportes","9":"tag-es","10":"tag-espana","11":"tag-spain","12":"tag-sports","13":"tag-tenis","14":"tag-tennis"},"share_on_mastodon":{"url":"https:\/\/pubeurope.com\/@es\/115629412426360526","error":""},"_links":{"self":[{"href":"https:\/\/www.europesays.com\/es\/wp-json\/wp\/v2\/posts\/260984","targetHints":{"allow":["GET"]}}],"collection":[{"href":"https:\/\/www.europesays.com\/es\/wp-json\/wp\/v2\/posts"}],"about":[{"href":"https:\/\/www.europesays.com\/es\/wp-json\/wp\/v2\/types\/post"}],"author":[{"embeddable":true,"href":"https:\/\/www.europesays.com\/es\/wp-json\/wp\/v2\/users\/2"}],"replies":[{"embeddable":true,"href":"https:\/\/www.europesays.com\/es\/wp-json\/wp\/v2\/comments?post=260984"}],"version-history":[{"count":0,"href":"https:\/\/www.europesays.com\/es\/wp-json\/wp\/v2\/posts\/260984\/revisions"}],"wp:featuredmedia":[{"embeddable":true,"href":"https:\/\/www.europesays.com\/es\/wp-json\/wp\/v2\/media\/260985"}],"wp:attachment":[{"href":"https:\/\/www.europesays.com\/es\/wp-json\/wp\/v2\/media?parent=260984"}],"wp:term":[{"taxonomy":"category","embeddable":true,"href":"https:\/\/www.europesays.com\/es\/wp-json\/wp\/v2\/categories?post=260984"},{"taxonomy":"post_tag","embeddable":true,"href":"https:\/\/www.europesays.com\/es\/wp-json\/wp\/v2\/tags?post=260984"}],"curies":[{"name":"wp","href":"https:\/\/api.w.org\/{rel}","templated":true}]}}