{"id":260986,"date":"2025-11-28T21:19:09","date_gmt":"2025-11-28T21:19:09","guid":{"rendered":"https:\/\/www.europesays.com\/es\/260986\/"},"modified":"2025-11-28T21:19:09","modified_gmt":"2025-11-28T21:19:09","slug":"el-barro-de-van-der-poel","status":"publish","type":"post","link":"https:\/\/www.europesays.com\/es\/260986\/","title":{"rendered":"El \u2018barro\u2019 de Van der Poel"},"content":{"rendered":"<p class=\"\"><a href=\"https:\/\/as.com\/noticias\/mathieu-van-der-poel\/\" target=\"_self\" rel=\"nofollow noopener\" title=\"https:\/\/as.com\/noticias\/mathieu-van-der-poel\/\">Mathieu van der Poel<\/a> (30 a\u00f1os) <b>termin\u00f3 su temporada de carretera el pasado 24 de agosto, en el Renewi Tou<\/b>r. Es decir, hace ya m\u00e1s de tres meses. En lo referido al barro, el siete veces campe\u00f3n del mundo corri\u00f3 por \u00faltima vez en el Mundial de Lievin (Francia), <b>el pasado 2 de febrero, d\u00eda en el que sum\u00f3 su s\u00e9ptimo maillot arco\u00edris<\/b>&#8230; y el octavo es ya, oficialmente, un objetivo. Nadie lleg\u00f3 a esa cifra. El neerland\u00e9s igual\u00f3 en este 2025 al belga De Vlaeminck con las citadas siete conquistas en la disciplina,<b> pero la cita del 1 de febrero en Hulst, su pa\u00eds, estar\u00e1 en su calendario.<\/b><\/p>\n<p class=\"\">Ganador de la Mil\u00e1n-San Remo, la Par\u00eds-Roubaix y de etapa en el Tour, maillot amarillo incluido,<b> el inicio en carretera en 2026 para Mathieu tardar\u00e1, <\/b>pero lo que tendr\u00e1 ser\u00e1n, como es habitual, <b>unas Navidades cargadas.<\/b> Hasta 13 carreras forman parte de su calendario invernal, siendo dos de ellas todav\u00eda provisionales, <b>ya que no est\u00e1n confirmadas por el propio equipo al 100%<\/b>. En condiciones normales empezar\u00eda el 14 de diciembre en la Copa del Mundo de Namen, pero es una de las dudas.<\/p>\n<p><strong>Calendario de ciclocross de Van der Poel<\/strong><\/p>\n<p>14 de diciembre &#8211; Namen*<\/p>\n<p>20 de diciembre &#8211; Amberes<\/p>\n<p>21 de diciembre &#8211; Koksijde<\/p>\n<p>22 de diciembre &#8211; Hofstade<\/p>\n<p>26 de diciembre &#8211; Gavere<\/p>\n<p>29 de diciembre &#8211; Loenhout<\/p>\n<p>1 de enero &#8211; Baal<\/p>\n<p>2 de enero &#8211; Mol<\/p>\n<p>4 de enero &#8211; Zonhoven<\/p>\n<p>18 de enero &#8211; Benidorm<\/p>\n<p>24 de enero &#8211; Maasmechelen<\/p>\n<p>25 de enero &#8211; Hoogerheide<\/p>\n<p>1 de febrero &#8211; Hulst<\/p>\n<p class=\"\">Ser\u00e1n todas en suelo belga&#8230;<b> con la duda, la otra, de la prueba Copa del Mundo de Benidorm<\/b>, que se celebrar\u00e1 el 18 de enero. No estuvo en 2025 y su presencia en 2026 no es segura, pero probable. \u00abNamur y Benidorm siguen siendo provisionales. Mathieu comprobar\u00e1 en los pr\u00f3ximos d\u00edas si estar\u00e1 listo para la carrera el 14 de diciembre (Namur), mientras que Benidorm depender\u00e1 del progreso de su preparaci\u00f3n para la temporada en carretera. \u00a1<b>Estamos ansiosos por verlo nuevamente en el barro!\u201c<\/b>, apunta el equipo de un Van der Poel que terminar\u00e1 la campa\u00f1a con dos pruebas en Pa\u00edses Bajos, siendo el Mundial la \u00faltima. <b>Navidades sobre el barro. Otra vez.<\/b><\/p>\n<p>Noticias relacionadas<\/p>\n<p class=\"\"><b>\u00a1Tus opiniones importan!<\/b> Comenta en los art\u00edculos y suscr\u00edbete gratis a nuestra <a href=\"https:\/\/asfan.as.com\/newsletters\/\" target=\"_blank\" rel=\"nofollow noopener\" title=\"https:\/\/asfan.as.com\/newsletters\/\">newsletter<\/a> y a las alertas informativas en la <a href=\"https:\/\/as.com\/aplicacion-de-as-n\/\" target=\"_blank\" rel=\"nofollow noopener\" title=\"https:\/\/as.com\/aplicacion-de-as-n\/\">App<\/a> o el canal de <a href=\"https:\/\/www.whatsapp.com\/channel\/0029VaAasdA7j6g745nz9M10\" target=\"_blank\" rel=\"nofollow noopener\" title=\"https:\/\/www.whatsapp.com\/channel\/0029VaAasdA7j6g745nz9M10\">WhatsApp<\/a>. <\/p>\n<p class=\"\">\u00bfBuscas licenciar contenido? Haz clic <a href=\"https:\/\/profesional.elpais.com\/soluciones-sindicacion?utm_medium=interno&amp;utm_source=crosslinking&amp;utm_campaign=sindicacion_as_pie_articulos\" target=\"_blank\" rel=\"nofollow noopener\" title=\"https:\/\/profesional.elpais.com\/soluciones-sindicacion?utm_medium=interno&amp;utm_source=crosslinking&amp;utm_campaign=sindicacion_as_pie_articulos\">aqu\u00ed<\/a><\/p>\n","protected":false},"excerpt":{"rendered":"Mathieu van der Poel (30 a\u00f1os) termin\u00f3 su temporada de carretera el pasado 24 de agosto, en el&hellip;\n","protected":false},"author":2,"featured_media":260987,"comment_status":"","ping_status":"","sticky":false,"template":"","format":"standard","meta":{"footnotes":""},"categories":[273],"tags":[313,312,168,25,24,23,167],"class_list":{"0":"post-260986","1":"post","2":"type-post","3":"status-publish","4":"format-standard","5":"has-post-thumbnail","7":"category-ciclismo","8":"tag-ciclismo","9":"tag-cycling","10":"tag-deportes","11":"tag-es","12":"tag-espana","13":"tag-spain","14":"tag-sports"},"share_on_mastodon":{"url":"","error":""},"_links":{"self":[{"href":"https:\/\/www.europesays.com\/es\/wp-json\/wp\/v2\/posts\/260986","targetHints":{"allow":["GET"]}}],"collection":[{"href":"https:\/\/www.europesays.com\/es\/wp-json\/wp\/v2\/posts"}],"about":[{"href":"https:\/\/www.europesays.com\/es\/wp-json\/wp\/v2\/types\/post"}],"author":[{"embeddable":true,"href":"https:\/\/www.europesays.com\/es\/wp-json\/wp\/v2\/users\/2"}],"replies":[{"embeddable":true,"href":"https:\/\/www.europesays.com\/es\/wp-json\/wp\/v2\/comments?post=260986"}],"version-history":[{"count":0,"href":"https:\/\/www.europesays.com\/es\/wp-json\/wp\/v2\/posts\/260986\/revisions"}],"wp:featuredmedia":[{"embeddable":true,"href":"https:\/\/www.europesays.com\/es\/wp-json\/wp\/v2\/media\/260987"}],"wp:attachment":[{"href":"https:\/\/www.europesays.com\/es\/wp-json\/wp\/v2\/media?parent=260986"}],"wp:term":[{"taxonomy":"category","embeddable":true,"href":"https:\/\/www.europesays.com\/es\/wp-json\/wp\/v2\/categories?post=260986"},{"taxonomy":"post_tag","embeddable":true,"href":"https:\/\/www.europesays.com\/es\/wp-json\/wp\/v2\/tags?post=260986"}],"curies":[{"name":"wp","href":"https:\/\/api.w.org\/{rel}","templated":true}]}}