{"id":260991,"date":"2025-11-28T21:23:19","date_gmt":"2025-11-28T21:23:19","guid":{"rendered":"https:\/\/www.europesays.com\/es\/260991\/"},"modified":"2025-11-28T21:23:19","modified_gmt":"2025-11-28T21:23:19","slug":"que-es-y-por-que-hay-una-plaza-libre","status":"publish","type":"post","link":"https:\/\/www.europesays.com\/es\/260991\/","title":{"rendered":"\u00bfqu\u00e9 es y por qu\u00e9 hay una plaza libre?"},"content":{"rendered":"<p id=\"eLX5UT9vz3\" data-wc=\"90\"><strong>Mary de Dinamarca<\/strong> recibi\u00f3 un peculiar <a class=\"hm-link ho-link\" href=\"https:\/\/www.hola.com\/realeza\/casa_danesa\/20250107733067\/federico-y-mary-dinamarca-reinado-primer\/\" data-mrf-recirculation=\"article-body-link\" rel=\"nofollow noopener\" target=\"_blank\">regalo de cumplea\u00f1os durante su primer a\u00f1o como reina<\/a>: fue en mayo de 2024 cuando su marido, que apenas llevaba cinco meses como jefe del Estado dan\u00e9s, le otorg\u00f3 un lugar en su club m\u00e1s exclusivo, una orden reservada a miembros de la realeza y cuyas plazas est\u00e1n limitadas. Sin embargo, <strong>desde hace tiempo hay una plaza vacante en ese \u00abclub de los ocho\u00bb<\/strong> del rey Federico y todo apunta a que ese lugar y estar\u00eda asignado, al menos, en la mente del soberano.<\/p>\n<p> <img src=\"https:\/\/www.europesays.com\/es\/wp-content\/uploads\/2025\/11\/5b06ba2abc04-dlu579831061.jpg\"   width=\"682\" height=\"1024\" loading=\"lazy\" decoding=\"async\" alt=\"Mary de Dinamarca\" fetchpriority=\"auto\" class=\"image ho-image\"\/>\u00a9 GTRESIm\u00e1genes de archivo del viaje de Estado de los Reyes de Dinamarca a Francia el pasado marzo<\/p>\n<p id=\"eyVdr8nxZA\" data-wc=\"105\">El rey Federico, nada m\u00e1s convertirse en monarca y tener la potestad para hacerlo, ya que hasta ese momento esta decisi\u00f3n estaban en manos de la reina Margarita y todav\u00eda no lo hab\u00eda hecho, sorprendi\u00f3 a su esposa al concederle la Cruz del Gran Comendador de la Orden de Dannebrog, <strong>la distinci\u00f3n m\u00e1s restringida y selecta que puede conceder el soberano dan\u00e9s, de entre las \u00f3rdenes de caballer\u00eda propias<\/strong> que, como todas, se inspiran en la tradici\u00f3n medieval; desde su propia Orden del Elefante, hasta otras como la Orden de Jarretera en la monarqu\u00eda brit\u00e1nica o la \u00a0Orden de los Serafines del rey de Suecia.\u00a0<\/p>\n<p> <img src=\"https:\/\/www.europesays.com\/es\/wp-content\/uploads\/2025\/11\/60b359835892-gettyimages-2207363212.jpg\"   width=\"1024\" height=\"682\" loading=\"lazy\" decoding=\"async\" alt=\"Los reyes de Dinamarca en la cena de Estado en Par\u00eds\" fetchpriority=\"auto\" class=\"image ho-image\"\/>\u00a9 Getty Images<\/p>\n<p> <img src=\"https:\/\/www.europesays.com\/es\/wp-content\/uploads\/2025\/11\/ed77412574b2-gettyimages-2207363275.jpg\"   width=\"1080\" height=\"1800\" loading=\"lazy\" decoding=\"async\" alt=\"Mary de Dinamarca en la cena de gala celebrada en Par\u00eds en honor de los Reyes de Dinamarca\" fetchpriority=\"auto\" class=\"image ho-image\"\/>\u00a9 Getty ImagesIm\u00e1genes de archivo del viaje de Estado de los Reyes de Dinamarca a Francia el pasado marzo<\/p>\n<p id=\"efVLfSCnyC\" data-wc=\"74\">La peculiaridad de esta orden, a la que no accedieron mujeres hasta 1951, cuando fue evidente que el futuro de la realeza danesa ten\u00eda nombre de mujer, ya que <a class=\"hm-link ho-link\" href=\"https:\/\/www.hola.com\/realeza\/casa_danesa\/20231231227671\/margartia-de-dinamarca-ley-salica\/\" data-mrf-recirculation=\"article-body-link\" rel=\"nofollow noopener\" target=\"_blank\">reinaba un rey que ten\u00eda tres hijas (Federico IX de Dinamarca, padre las entonces princesas Margarita, Benedicta y Ana Mar\u00eda)<\/a> es que solo se concede a personas de la realeza, solo hay ocho plazas y quien la recibe, normalmente, posee este honor hasta su muerte.<\/p>\n<p> <img src=\"https:\/\/www.europesays.com\/es\/wp-content\/uploads\/2025\/11\/a941119c2726-gettyimages-515097970.jpg\"   width=\"1024\" height=\"781\" loading=\"lazy\" decoding=\"async\" alt=\"Margarita de Dinamarca, Benedicta de Dinamarca y Ana Mar\u00eda de Grecia en 1964\" fetchpriority=\"auto\" class=\"image ho-image\"\/>\u00a9 Getty ImagesMargarita de Dinamarca, Benedicta de Dinamarca y Ana Mar\u00eda de Grecia en 1964<\/p>\n<p id=\"ecw33Ipn7x\" data-wc=\"85\">En ese club est\u00e1n, por supuesto, el <strong>rey Federico<\/strong> y su predecesora, la <strong>reina Margarita,<\/strong> y junto a ellos los soberanos de la \u00abtr\u00edada escandinava\u00bb, es decir, <strong>el rey Carlos Gustavo de Suecia y el rey Harald de Noruega.<\/strong> La <strong>princesa Benedicta<\/strong>, hermana de la reina Margarita y uno de los recursos m\u00e1s activos y fiables de la instituci\u00f3n, y el <strong>pr\u00edncipe Joaqu\u00edn<\/strong>, el \u00fanico hermano del rey, tambi\u00e9n en estas en esa lista y ya vamos por seis. \u00bfQui\u00e9n ocupaba entonces esas dos vacantes?<\/p>\n<p> <img src=\"https:\/\/www.europesays.com\/es\/wp-content\/uploads\/2025\/11\/9904ba33aed1-gettyimages-1456927056.jpg\"   width=\"750\" height=\"1024\" loading=\"lazy\" decoding=\"async\" alt=\"Funeral del rey Constantino de Grecia en Atenas en enero de 2023\" fetchpriority=\"auto\" class=\"image ho-image\"\/>\u00a9 Getty ImagesFuneral del rey Constantino de Grecia en Atenas en enero de 2023<\/p>\n<p id=\"eKDsvfoJ25\" data-wc=\"75\">Ese honor se concedi\u00f3 tambi\u00e9n al rey Constantino de Grecia, con motivo de su ascenso al trono, en 1964, teniendo en cuenta adem\u00e1s que estaba casado con la reina Ana Mar\u00eda, princesa danesa. <strong>El rey Constantino ocup\u00f3 ese honor, de Gran Comendador de la Orden de Dannebrog, entregado por su suegro<\/strong>, el rey Federico IX, hasta el momento de su muerte, en enero de 2023, dejando entonces una vacante en ese club de los ocho.\u00a0<\/p>\n<p> <img src=\"https:\/\/www.europesays.com\/es\/wp-content\/uploads\/2025\/11\/182779e5b78d-gettyimages-558657119.jpg\"   width=\"1024\" height=\"733\" loading=\"lazy\" decoding=\"async\" alt=\"La reina Ana Mar\u00eda de Grecia sostiene a su primera hija, es la princesa Alexia de Grecia; a su derecha est\u00e1 su madre, la reina Ingrid de Dinamarca; detr\u00e1s est\u00e1 su padre, el rey Federico y con un vestido sin mangas y un mo\u00f1o, su hermana, la que ser\u00eda la reina Margarita II de Dinamarca. A la izquierda de la imagen est\u00e1 la Familia Real griega, entonces ocupaba la jefatura del Estado el rey Constantino, junto a \u00e9l su hermana, la princesa Irene, y agachada sobre el bebe su madre con un vestido de lunares, la reina Federica. La foto fue tomada el 16 de julio de 1965, seis d\u00edas despu\u00e9s del nacimiento de la princesa&#10;&#10;&#10;eAnne-Marie de Danemark tient dans ses bras sa fille de quelques semaines, la Princesse Alexia de Gr\u00c3\u00a8ce, entour\u00c3\u00a9e de la Reine Ingrid de Danemark  et de la Reine Frederika de Gr\u00c3\u00a8ce, ses grands-m\u00c3\u00a8res, du Roi de Danemark son grand-p\u00c3\u00a8re et du Roi Constantin de Gr\u00c3\u00a8ce son p\u00c3\u00a8re, ainsi que de la Princesse Ir\u00c3\u00a8ne sa tante le 16 juillet 1965.  (Photo by Keystone-France\\Gamma-Rapho via Getty Images)\" fetchpriority=\"auto\" class=\"image ho-image\"\/>\u00a9 Getty ImagesLa reina Ana Mar\u00eda de Grecia sostiene a su primera hija, es la princesa Alexia de Grecia; a su derecha est\u00e1 su madre, la reina Ingrid de Dinamarca; detr\u00e1s est\u00e1 su padre, el rey Federico y con un vestido sin mangas y un mo\u00f1o, su hermana, la que ser\u00eda la reina Margarita II de Dinamarca. A la izquierda de la imagen est\u00e1 la Familia Real griega, entonces ocupaba la jefatura del Estado el rey Constantino, junto a \u00e9l su hermana, la princesa Irene, y agachada sobre el bebe su madre con un vestido de lunares, la reina Federica. La foto fue tomada el 16 de julio de 1965, seis d\u00edas despu\u00e9s del nacimiento de la princesa que terminar\u00eda viviendo en Canarias<\/p>\n<p id=\"e1vjs8qTAFt\" data-wc=\"75\">Lo mismo sucedi\u00f3 con la octava plaza, que Margarita de Dinamarca concedi\u00f3 a su marido, el pr\u00edncipe Henrik, justo despu\u00e9s de ascender al trono y con motivo de su cumplea\u00f1os.<strong>\u00a0Un modo de proceder que inspir\u00f3 al rey Federico para entregarle ese honor a su mujer, la reina Mary, el a\u00f1o pasado.\u00a0<\/strong>Cuando el pr\u00edncipe Henrik falleci\u00f3, en febrero de 2018, su insignia regres\u00f3 a la orden, donde fue restaurada, y su plaza quedo vacante.\u00a0<\/p>\n<p> <img src=\"https:\/\/www.europesays.com\/es\/wp-content\/uploads\/2025\/11\/5e7fcc9a8b25-gettyimages-1243572898.jpg\"   width=\"1024\" height=\"683\" loading=\"lazy\" decoding=\"async\" alt=\"Esta foto se repet\u00eda todos los veranos en la residencia francesa de la Familia Real danesa, este fue el verano de 1985\" fetchpriority=\"auto\" class=\"image ho-image\"\/>\u00a9 Getty ImagesLa reina Margarita con su marido, el pr\u00edncipe Henrik, y sus dos hijos, el futuro rey Federico X, y el pr\u00edncipe Joaqu\u00edn, que actualmente vive en Estados Unidos. La imagen fue tomada durante el verano de 1985 en el Chateau de Caix, la residencia privada de la familia real danesa en Francia<\/p>\n<p id=\"eA6t0eVOdJ\" data-wc=\"104\">As\u00ed que <strong>en la \u00faltima d\u00e9cada, han tenido lugar dos bajas y un ingreso, el de la reina Mary, por tanto, hay una vacante que est\u00e1 disponible\u00a0<\/strong>y, aunque sobre esto no hay nada escrito, este es un honor digno de un pr\u00edncipe heredero y ese es Christian, actualmente primero en la l\u00ednea sucesoria al trono dan\u00e9s. Pero, de ser as\u00ed, \u00bfcu\u00e1ndo? Si observamos la tradici\u00f3n, este es un regalo importante, un honor que se reserva a grandes ocasiones: ascensos al trono, bodas de oro, compromisos matrimoniales o el caso de Mary de Dinamarca, que lo recibi\u00f3 para marcar su primer cumplea\u00f1os como reina.\u00a0<\/p>\n<p> <img src=\"https:\/\/www.europesays.com\/es\/wp-content\/uploads\/2025\/11\/b91a212ff494-gettyimages-50845194.jpg\"   width=\"684\" height=\"1024\" loading=\"lazy\" decoding=\"async\" alt=\"Plano entero de Mary de Dinamarca en su boda con Federico\" fetchpriority=\"auto\" class=\"image ho-image\"\/>\u00a9 Getty ImagesBoda Real de Federico de Dinamarca, en mayo de 2004<\/p>\n<p> <img src=\"https:\/\/www.europesays.com\/es\/wp-content\/uploads\/2025\/11\/198ea391d1ce-dinamarcaig.jpg\"   width=\"819\" height=\"1024\" loading=\"lazy\" decoding=\"async\" alt=\"Los reyes de Dinamarca posan con el pr\u00edncipe Christian durante la primera cena de gala del a\u00f1o 2025\" fetchpriority=\"auto\" class=\"image ho-image\"\/>\u00a9 detdanskekongehusLos reyes de Dinamarca posan con el pr\u00edncipe Christian durante la primera cena de gala del a\u00f1o 2025<\/p>\n<p id=\"eIjF142a00\" data-wc=\"87\">En ese sentido, hay que tener en cuenta que el pr\u00edncipe Christian todav\u00eda tiene 20 a\u00f1os y est\u00e1 en fase de formaci\u00f3n. Por otro lado, hay que recordar que su padre, el actual rey,<strong> se lo dieron en el a\u00f1o 2004, cuando ya se hab\u00eda anunciado su compromiso con la entonces australiana Mary Donaldson, <\/strong>por lo que fue tomado como un regalo de boda. As\u00ed que es muy posible que haya que esperar para que esa mesa de caballeros y damas del rey est\u00e9 de nuevo completa.\u00a0<\/p>\n","protected":false},"excerpt":{"rendered":"Mary de Dinamarca recibi\u00f3 un peculiar regalo de cumplea\u00f1os durante su primer a\u00f1o como reina: fue en mayo&hellip;\n","protected":false},"author":2,"featured_media":260992,"comment_status":"","ping_status":"","sticky":false,"template":"","format":"standard","meta":{"footnotes":""},"categories":[174],"tags":[255,146,147,25,24,256,7923,7922,1027,7921,23],"class_list":{"0":"post-260991","1":"post","2":"type-post","3":"status-publish","4":"format-standard","5":"has-post-thumbnail","7":"category-famosos","8":"tag-celebrities","9":"tag-entertainment","10":"tag-entretenimiento","11":"tag-es","12":"tag-espana","13":"tag-famosos","14":"tag-federico-de-dinamarca","15":"tag-mary-de-dinamarca","16":"tag-realeza","17":"tag-realeza-danesa","18":"tag-spain"},"share_on_mastodon":{"url":"https:\/\/pubeurope.com\/@es\/115629432356382582","error":""},"_links":{"self":[{"href":"https:\/\/www.europesays.com\/es\/wp-json\/wp\/v2\/posts\/260991","targetHints":{"allow":["GET"]}}],"collection":[{"href":"https:\/\/www.europesays.com\/es\/wp-json\/wp\/v2\/posts"}],"about":[{"href":"https:\/\/www.europesays.com\/es\/wp-json\/wp\/v2\/types\/post"}],"author":[{"embeddable":true,"href":"https:\/\/www.europesays.com\/es\/wp-json\/wp\/v2\/users\/2"}],"replies":[{"embeddable":true,"href":"https:\/\/www.europesays.com\/es\/wp-json\/wp\/v2\/comments?post=260991"}],"version-history":[{"count":0,"href":"https:\/\/www.europesays.com\/es\/wp-json\/wp\/v2\/posts\/260991\/revisions"}],"wp:featuredmedia":[{"embeddable":true,"href":"https:\/\/www.europesays.com\/es\/wp-json\/wp\/v2\/media\/260992"}],"wp:attachment":[{"href":"https:\/\/www.europesays.com\/es\/wp-json\/wp\/v2\/media?parent=260991"}],"wp:term":[{"taxonomy":"category","embeddable":true,"href":"https:\/\/www.europesays.com\/es\/wp-json\/wp\/v2\/categories?post=260991"},{"taxonomy":"post_tag","embeddable":true,"href":"https:\/\/www.europesays.com\/es\/wp-json\/wp\/v2\/tags?post=260991"}],"curies":[{"name":"wp","href":"https:\/\/api.w.org\/{rel}","templated":true}]}}