{"id":261003,"date":"2025-11-28T21:30:18","date_gmt":"2025-11-28T21:30:18","guid":{"rendered":"https:\/\/www.europesays.com\/es\/261003\/"},"modified":"2025-11-28T21:30:18","modified_gmt":"2025-11-28T21:30:18","slug":"preocupacion-por-el-aumento-de-infecciones-por-vih-en-canarias-242-nuevos-casos","status":"publish","type":"post","link":"https:\/\/www.europesays.com\/es\/261003\/","title":{"rendered":"Preocupaci\u00f3n por el aumento de infecciones por VIH en Canarias: 242 nuevos casos"},"content":{"rendered":"<p>El<strong> Servicio Canario de Salud (SCS)<\/strong> notific\u00f3 el a\u00f1o pasado <strong>242 nuevas infecciones por VIH<\/strong> en Canarias, con una tasa de 10,81 casos por 100.000 habitantes, cifra similar a la de 2023 (238 casos).<\/p>\n<p>El 88,8 por ciento de los nuevos diagn\u00f3sticos corresponde a hombres entre los <strong>25 y 45 a\u00f1os <\/strong>y por categor\u00eda de transmisi\u00f3n, el 62,8 por ciento son personas gais, bisexuales y hombres que tienen sexo con hombres, el 35,5 por ciento corresponde a relaciones desprotegidas entre hombres y mujeres y el 0,4 por ciento a personas que se inyectan drogas (PID).<\/p>\n<p>Por procedencia, casi el 60 por ciento de los nuevos diagn\u00f3sticos corresponde a personas espa\u00f1olas.<\/p>\n<p>Seg\u00fan el momento del diagn\u00f3stico, el 44,6 por ciento presentaron diagn\u00f3stico tard\u00edo, una cifra que ha disminuido con respecto a 2023 (47,2 por ciento).<\/p>\n<p>En este periodo no se ha notificado ning\u00fan caso de transmisi\u00f3n materno-infantil, resalta la Consejer\u00eda de Sanidad con motivo del \u2018D\u00eda Mundial del Sida\u2019, que se conmemora cada 1 de diciembre con el lema \u2018Viva la VIHda\u2019.<\/p>\n<p>Esta campa\u00f1a, promovida por el Ministerio de Sanidad, recuerda la importancia de erradicar el estigma y la discriminaci\u00f3n que todav\u00eda sufren las personas que viven con el VIH o aquellas que est\u00e1n m\u00e1s expuestas al virus.<\/p>\n<p>El objetivo es promover el respeto, la dignidad y la igualdad de trato, as\u00ed como poner en valor los avances normativos y sociales alcanzados en los \u00faltimos a\u00f1os, entre los que destacan la posibilidad de donar \u00f3rganos entre personas con VIH; la participaci\u00f3n en competiciones deportivas en condiciones de igualdad; la evidencia de que las personas con VIH con carga viral indetectable no transmiten el virus; la garant\u00eda de no discriminaci\u00f3n en el acceso a residencias de mayores o con discapacidad; la eliminaci\u00f3n de barreras para trabajar en la Administraci\u00f3n, las Fuerzas Armadas y los cuerpos de Seguridad del Estado, como parte del Pacto Social por la No Discriminaci\u00f3n y la Igualdad de Trato asociada al VIH, al que Canarias est\u00e1 adherida desde su creaci\u00f3n.<\/p>\n<p>La <strong>Organizaci\u00f3n Mundial de la Salud (OMS)<\/strong> y <strong>ONUSIDA<\/strong> recuerdan que el derecho a la salud implica el acceso a la prevenci\u00f3n, el tratamiento, la atenci\u00f3n y el respeto a la dignidad de las personas con VIH o en situaci\u00f3n de vulnerabilidad.<\/p>\n<p>Los esfuerzos de prevenci\u00f3n son esenciales para cumplir la Acci\u00f3n Acelerada que busca poner fin a la epidemia de SIDA para 2030, aclara la Consejer\u00eda en una nota.<\/p>\n<p>En Canarias, la estrategia se centra en reducir nuevas infecciones favoreciendo la prevenci\u00f3n y el diagn\u00f3stico precoz en la poblaci\u00f3n y especialmente en los diferentes contextos de gran vulnerabilidad, como GBHSH, mujeres transexuales en prostituci\u00f3n, personas que se inyectan drogas, parejas serodiscordantes y personas en situaci\u00f3n de extrema pobreza.<\/p>\n<p>Desde la Direcci\u00f3n General de Salud P\u00fablica del SCS se promueve la participaci\u00f3n activa de personas, profesionales, asociaciones, organizaciones comunitarias y administraciones para garantizar el acceso universal a la prevenci\u00f3n, tratamiento, atenci\u00f3n y solidaridad relacionados con el VIH.<\/p>\n<p>Asimismo, recuerda que toda persona con pr\u00e1cticas de riesgo es vulnerable al VIH, por lo que el diagn\u00f3stico precoz es fundamental.<\/p>\n<p>En esa l\u00ednea, Salud P\u00fablica subraya la importancia del uso del preservativo como m\u00e9todo m\u00e1s eficaz para prevenir el VIH y otras infecciones de transmisi\u00f3n sexual y la Profilaxis PreExposici\u00f3n (PrEP) como herramienta preventiva en personas con alto riesgo.<\/p>\n<p>CONSUMO DE ANTIRRETROVIRALES<\/p>\n<p>Durante el a\u00f1o 2024, un total de 8.027 personas seropositivas fueron tratadas con antirretrovirales en los centros hospitalarios adscritos al SCS de todas las islas. La inversi\u00f3n en tratamientos antirretrovirales recibidos por estas personas ascendi\u00f3 a 39.073.547 euros.<\/p>\n<p>Adem\u00e1s, en 2024 1.279 personas en Canarias recibieron la Profilaxis PreExposici\u00f3n (PrEP), con una inversi\u00f3n de 171.134 euros.<\/p>\n<p>Por su parte, la Profilaxis PostExposici\u00f3n No Ocupacional (PPENO) se aplica tras exposiciones accidentales sexuales o parenterales y debe iniciarse en las primeras seis horas, hasta un m\u00e1ximo de 72 horas, bajo indicaci\u00f3n de un especialista en servicios hospitalarios de urgencias.<\/p>\n<p>En 2024, un total de 500 personas recibieron esta profilaxis en Canarias.<a href=\"https:\/\/diariodeavisos.elespanol.com\/2025\/11\/preocupacion-por-el-aumento-de-infecciones-por-vih-en-canarias-242-nuevos-casos\/javascript:AbrePopUp(\" rel=\"nofollow noopener\" target=\"_blank\"><\/p>\n","protected":false},"excerpt":{"rendered":"El Servicio Canario de Salud (SCS) notific\u00f3 el a\u00f1o pasado 242 nuevas infecciones por VIH en Canarias, con&hellip;\n","protected":false},"author":2,"featured_media":261004,"comment_status":"","ping_status":"","sticky":false,"template":"","format":"standard","meta":{"footnotes":""},"categories":[92],"tags":[25,24,165,166,23],"class_list":{"0":"post-261003","1":"post","2":"type-post","3":"status-publish","4":"format-standard","5":"has-post-thumbnail","7":"category-salud","8":"tag-es","9":"tag-espana","10":"tag-health","11":"tag-salud","12":"tag-spain"},"share_on_mastodon":{"url":"https:\/\/pubeurope.com\/@es\/115629459134573118","error":""},"_links":{"self":[{"href":"https:\/\/www.europesays.com\/es\/wp-json\/wp\/v2\/posts\/261003","targetHints":{"allow":["GET"]}}],"collection":[{"href":"https:\/\/www.europesays.com\/es\/wp-json\/wp\/v2\/posts"}],"about":[{"href":"https:\/\/www.europesays.com\/es\/wp-json\/wp\/v2\/types\/post"}],"author":[{"embeddable":true,"href":"https:\/\/www.europesays.com\/es\/wp-json\/wp\/v2\/users\/2"}],"replies":[{"embeddable":true,"href":"https:\/\/www.europesays.com\/es\/wp-json\/wp\/v2\/comments?post=261003"}],"version-history":[{"count":0,"href":"https:\/\/www.europesays.com\/es\/wp-json\/wp\/v2\/posts\/261003\/revisions"}],"wp:featuredmedia":[{"embeddable":true,"href":"https:\/\/www.europesays.com\/es\/wp-json\/wp\/v2\/media\/261004"}],"wp:attachment":[{"href":"https:\/\/www.europesays.com\/es\/wp-json\/wp\/v2\/media?parent=261003"}],"wp:term":[{"taxonomy":"category","embeddable":true,"href":"https:\/\/www.europesays.com\/es\/wp-json\/wp\/v2\/categories?post=261003"},{"taxonomy":"post_tag","embeddable":true,"href":"https:\/\/www.europesays.com\/es\/wp-json\/wp\/v2\/tags?post=261003"}],"curies":[{"name":"wp","href":"https:\/\/api.w.org\/{rel}","templated":true}]}}