{"id":261005,"date":"2025-11-28T21:31:17","date_gmt":"2025-11-28T21:31:17","guid":{"rendered":"https:\/\/www.europesays.com\/es\/261005\/"},"modified":"2025-11-28T21:31:17","modified_gmt":"2025-11-28T21:31:17","slug":"la-voz-de-hind-la-pelicula-que-rompe-el-silencio-sobre-gaza","status":"publish","type":"post","link":"https:\/\/www.europesays.com\/es\/261005\/","title":{"rendered":"&#8216;La voz de Hind&#8217;, la pel\u00edcula que rompe el silencio sobre Gaza"},"content":{"rendered":"<p>Se suele decir que la realidad supera a la ficci\u00f3n, por eso la directora tunecina Kaouther Ben Hania decidi\u00f3 narrar la historia real de Hind Rajab, una ni\u00f1a de seis a\u00f1os, a partir de las llamadas telef\u00f3nicas de emergencia que hizo la peque\u00f1a cuando el coche en el que viajaba con sus t\u00edos y sus primos fue atacado por el ej\u00e9rcito israel\u00ed en el norte de Gaza.<\/p>\n<p>La voz de Hind llega este viernes a las salas de cine despu\u00e9s de conmover a los espectadores que ya han podido ver la pel\u00edcula en festivales como Venecia, donde recibi\u00f3 una ovaci\u00f3n de casi media hora y gan\u00f3 el Premio del Jurado, o San Sebasti\u00e1n, donde consigui\u00f3 el premio del p\u00fablico con la nota m\u00e1s alta de la historia del certamen. \u00abCuando escuch\u00e9 por primera vez la voz de Hind Rajab sent\u00ed algo m\u00e1s all\u00e1 de sus palabras. Era la voz de la propia Gaza pidiendo ayuda y nadie pod\u00eda contactarla\u00bb, explic\u00f3 Ben Hania cuando present\u00f3 la cinta en Venecia.<\/p>\n<p>La pel\u00edcula relata la muerte de Hind Rajab despu\u00e9s de permanecer en contacto durante horas con los trabajadores de la Media Luna Roja de Palestina, que intentan hacer todo lo posible para ayudarla. Dos operadores, interpretados por Motaz Malhees y Saja Kilani, intentan tranquilizar a la peque\u00f1a mientras ella les cuenta lo que est\u00e1 viviendo: los disparos de los tanques del ej\u00e9rcito mientras permanece asustada en el coche entre los cad\u00e1veres de sus t\u00edos y primos que han fallecido en el ataque.<\/p>\n<p>La voz de Hind intercala la desesperaci\u00f3n de sus trabajadores por intentar coordinar el rescate de la peque\u00f1a con el audio real de las llamadas de emergenica que hizo la ni\u00f1a palestina suplicando que alguien fuera a ayudarla durante horas. Ben Hania no necesita utilizar ni violencia ni im\u00e1genes gr\u00e1ficas para que el espectador pueda imaginarse el horror no solo de Hind, sino de miles de personas a diario en Palestina.<\/p>\n<p>En el centro de operaciones donde se desarrolla la acci\u00f3n, vemos a unos trabajadores al l\u00edmite ante la impotencia de tener que depender de las autoridades israel\u00eds para poder organizar un rescate en distancias tan cortas como diez minutos. \u201cEn cualquier lugar del mundo una ambulancia llega al momento\u201d, se lamenta durante un momento de la cinta para poner de manifiesto las dificultades a las que se enfrentan cada d\u00eda.<\/p>\n<p>Los hechos reales\u00a0<\/p>\n<p>El 29 de enero de 2024, Hind Rajab viajaba junto a sus t\u00edos y cuatro primos en un coche al norte de Gaza despu\u00e9s de que el ej\u00e9rcito israel\u00ed ordenara una evacuaci\u00f3n. Durante el trayecto, el veh\u00edculo fue atacado y un primer momento una de las primas mayores de Hind, Layan Hamada, llam\u00f3 a la Media Luja Roja Palestina pidiendo ayuda y denunciando que estaban disparando al coche.\u00a0<\/p>\n<p><img decoding=\"async\" loading=\"lazy\" src=\"https:\/\/www.europesays.com\/es\/wp-content\/uploads\/2025\/11\/imagen-de-la-grabacion-de-audio-de-una-llamada.jpeg\" width=\"720\" height=\"0\"   alt=\"Imagen de la grabaci\u00f3n de audio de una llamada\"\/><\/p>\n<p>            \u00a0<\/p>\n<p>        Imagen de la grabaci\u00f3n de audio de una llamadaREVOLUTIONARY PRESS<\/p>\n<p>Rana Faqih, operadora del servicio de emergencias, devolvi\u00f3 la llamada al n\u00famero y atendi\u00f3 a Hind durante horas, mientras la ni\u00f1a le iba detallando la situaci\u00f3n que estaba viviendo hasta que se hizo el silencio antes de que pudiera ser rescatada por los param\u00e9dicos.<\/p>\n<p>El destino de Hind no se conoci\u00f3 hasta 12 d\u00edas despu\u00e9s, cuando el cuerpo de la ni\u00f1a fue encontrado junto al de sus familiares en el coche. A pocos metros tambi\u00e9n estaban los cad\u00e1veres de los dos sanitarios de la Media Luna Roja que se hab\u00edan desplazado para intentar salvarla.\u00a0<\/p>\n<p><a href=\"https:\/\/www.bbc.com\/mundo\/articles\/c4g5vdlpl31o\" target=\"_blank\" rel=\"nofollow noopener\">Dos informes<\/a>, uno de la\u00a0Comisi\u00f3n Internacional Independiente de Investigaci\u00f3n sobre el Territorio Palestino Ocupado que depende de Naciones Unidas y otro del Forensic Architecture, dependiente de la Universidad de Londres, afirmaron que las acciones hab\u00edan sido del ej\u00e9rcito israel\u00ed.\u00a0<\/p>\n<p>Concretamente, seg\u00fan el informe del Forensic Architecture, el coche hab\u00eda recibido m\u00e1s de 300 impactos de bala que se hab\u00edan disparado desde un tanque situado a alrededor de veinte metros del veh\u00edculo.\u00a0<\/p>\n<p><img decoding=\"async\" loading=\"lazy\" src=\"https:\/\/www.europesays.com\/es\/wp-content\/uploads\/2025\/11\/los-operadores-de-la-media-luna-roja-palestina.jpeg\" width=\"720\" height=\"0\"   alt=\"Los operadores de la Media Luna Roja Palestina\"\/><\/p>\n<p>            \u00a0<\/p>\n<p>        Los operadores de la Media Luna Roja PalestinaREVOLUTIONARY PRESS<\/p>\n<p>Una pel\u00edcula para concienciar socialmente<\/p>\n<p>Kaouther Ben Hania supo de la muerte de Hind durante una espera en el aeropuerto de Los \u00c1ngeles, cuando escuch\u00f3 uno de los audios que se publicaron en internet con parte de las llamadas de la peque\u00f1a. \u00abSent\u00ed de inmediato una mezcla de impotencia y una tristeza abrumadora. Una reacci\u00f3n f\u00edsica, como si el suelo se moviera bajo mis pies. No pod\u00eda seguir adelante con mis planes\u00bb, coment\u00f3 la cineasta.\u00a0<\/p>\n<p>\u00abContact\u00e9 a la Media Luna Roja y les ped\u00ed que me permitieran escuchar la grabaci\u00f3n completa. Duraba unos 70 minutos y era desgarradora. Despu\u00e9s de escucharla, supe sin ninguna duda que ten\u00eda que dejarlo todo. Ten\u00eda que hacer esta pel\u00edcula\u00bb, detall\u00f3 la directora sobre el germen de la pel\u00edcula.\u00a0<\/p>\n<p><img decoding=\"async\" loading=\"lazy\" src=\"https:\/\/www.europesays.com\/es\/wp-content\/uploads\/2025\/11\/kaouther-ben-hania-y-los-actores-en-venecia-con-una-foto-de-hind-rajab.jpeg\" width=\"720\" height=\"0\"   alt=\"\"\/><\/p>\n<p>            \u00a0<\/p>\n<p>        Kaouther Ben Hania y los actores, en Venecia con una foto de Hind Rajab.WireImage\/Getty Images<\/p>\n<p>Para los actores Motaz Malhees y Saja Kilani, que <a href=\"https:\/\/www.huffingtonpost.es\/virales\/el-actor-palestinomotaz-malhees-deja-frase-sobre-como-ven-espana-orgullosos.html\" rel=\"nofollow noopener\" target=\"_blank\">se emocionaron hace unos d\u00edas en La revuelta con la ovaci\u00f3n del p\u00fablico espa\u00f1ol<\/a>, contar la historia de Hind era contar la historia de todo un pueblo, una realidad que conocen bien.\u00a0\u00abEscuchar la voz de Hind me transport\u00f3 directamente a mi infancia. Sent\u00ed como si hubiera muerto mil veces. Esto no era actuar. Esta era mi vida\u00bb, reflexion\u00f3 en la presentaci\u00f3n de la cinta en Venecia\u00a0Malhees.\u00a0<\/p>\n<p>\u00abLa historia de Hind lleva el peso de todo un pueblo, no es solo suya. Es la voz de cada madre, padre, m\u00e9dico, maestro, artista, periodista, voluntario, param\u00e9dico, cada uno con el derecho a vivir, a so\u00f1ar, a existir con dignidad\u00bb, a\u00f1adi\u00f3\u00a0Kilani en la rueda de prensa del certamen.\u00a0<\/p>\n<p>Cuando la pel\u00edcula se proyect\u00f3 en Venecia lo hizo en un ambiente en el que Hollywood miraba hacia otro lado, aunque un grupo de estrellas se unieron como productores ejecutivos de la cinta para intentar darle m\u00e1s visibilidad. Entre ellos, Brad Pitt, Alfonso Cuar\u00f3n o Jonathan Glazer, que pronunci\u00f3 un discurso tras ganar el Oscar por La zona de inter\u00e9s en 2024 que irrit\u00f3 a los sectores m\u00e1s cercanos a Israel en Estados Unidos.\u00a0<\/p>\n<p>\u00abEstamos aqu\u00ed como hombres que rechazan que su juda\u00edsmo y el Holocausto sean secuestrados por una ocupaci\u00f3n que ha llevado al conflicto a tanta gente inocente. Ya sean las v\u00edctimas del 7 de octubre en Israel o del ataque a Gaza, todas las v\u00edctimas de esta deshumanizaci\u00f3n, \u00bfc\u00f3mo resistir?\u00bb, denunci\u00f3 el cineasta, que ha mostrado su compromiso en repetidas ocasiones. Lo mismo han hecho Rooney Mara y Joaquin Phoenix, que tambi\u00e9n figuran como productores de La voz de Hind y estuvieron en la proyecci\u00f3n de la cinta en el festival italiano abrazando al elenco del filme.\u00a0<\/p>\n","protected":false},"excerpt":{"rendered":"Se suele decir que la realidad supera a la ficci\u00f3n, por eso la directora tunecina Kaouther Ben Hania&hellip;\n","protected":false},"author":2,"featured_media":261006,"comment_status":"","ping_status":"","sticky":false,"template":"","format":"standard","meta":{"footnotes":""},"categories":[91],"tags":[177,146,147,25,24,694,74,76,23],"class_list":{"0":"post-261005","1":"post","2":"type-post","3":"status-publish","4":"format-standard","5":"has-post-thumbnail","7":"category-entretenimiento","8":"tag-cine","9":"tag-entertainment","10":"tag-entretenimiento","11":"tag-es","12":"tag-espana","13":"tag-gaza","14":"tag-israel","15":"tag-palestina","16":"tag-spain"},"share_on_mastodon":{"url":"https:\/\/pubeurope.com\/@es\/115629463410311052","error":""},"_links":{"self":[{"href":"https:\/\/www.europesays.com\/es\/wp-json\/wp\/v2\/posts\/261005","targetHints":{"allow":["GET"]}}],"collection":[{"href":"https:\/\/www.europesays.com\/es\/wp-json\/wp\/v2\/posts"}],"about":[{"href":"https:\/\/www.europesays.com\/es\/wp-json\/wp\/v2\/types\/post"}],"author":[{"embeddable":true,"href":"https:\/\/www.europesays.com\/es\/wp-json\/wp\/v2\/users\/2"}],"replies":[{"embeddable":true,"href":"https:\/\/www.europesays.com\/es\/wp-json\/wp\/v2\/comments?post=261005"}],"version-history":[{"count":0,"href":"https:\/\/www.europesays.com\/es\/wp-json\/wp\/v2\/posts\/261005\/revisions"}],"wp:featuredmedia":[{"embeddable":true,"href":"https:\/\/www.europesays.com\/es\/wp-json\/wp\/v2\/media\/261006"}],"wp:attachment":[{"href":"https:\/\/www.europesays.com\/es\/wp-json\/wp\/v2\/media?parent=261005"}],"wp:term":[{"taxonomy":"category","embeddable":true,"href":"https:\/\/www.europesays.com\/es\/wp-json\/wp\/v2\/categories?post=261005"},{"taxonomy":"post_tag","embeddable":true,"href":"https:\/\/www.europesays.com\/es\/wp-json\/wp\/v2\/tags?post=261005"}],"curies":[{"name":"wp","href":"https:\/\/api.w.org\/{rel}","templated":true}]}}