{"id":261009,"date":"2025-11-28T21:33:18","date_gmt":"2025-11-28T21:33:18","guid":{"rendered":"https:\/\/www.europesays.com\/es\/261009\/"},"modified":"2025-11-28T21:33:18","modified_gmt":"2025-11-28T21:33:18","slug":"alerta-de-los-expertos-este-software-espia-viene-preinstalado-en-estos-moviles-populares","status":"publish","type":"post","link":"https:\/\/www.europesays.com\/es\/261009\/","title":{"rendered":"Alerta de los expertos: este software esp\u00eda viene preinstalado en estos m\u00f3viles populares"},"content":{"rendered":"<p class=\"\">Ciertos dispositivos de <b>Samsung<\/b> vienen con un software preinstalado que, seg\u00fan los expertos, <b>recopila m\u00e1s datos de lo esperado<\/b>, siendo adem\u00e1s muy <b>dif\u00edcil de desinstalar<\/b> completamente de los terminales surcoreanos. Tanto es as\u00ed, que el <a href=\"https:\/\/as.com\/meristation\/betech\/el-nuevo-samsung-galaxy-fold-7-lanza-un-importante-mensaje-a-apple-los-moviles-plegables-funcionan-n\/\" target=\"_blank\" rel=\"noreferrer nofollow noopener\" title=\"https:\/\/as.com\/meristation\/betech\/el-nuevo-samsung-galaxy-fold-7-lanza-un-importante-mensaje-a-apple-los-moviles-plegables-funcionan-n\/\">gigante tecnol\u00f3gico<\/a> asi\u00e1tico se enfrenta a <a href=\"https:\/\/as.com\/meristation\/mexico\/samsung-condenada-a-pagar-1177-millones-a-por-infraccion-de-patentes-en-sus-dispositivos-galaxy-n\/\" target=\"_blank\" rel=\"noreferrer nofollow noopener\" title=\"https:\/\/as.com\/meristation\/mexico\/samsung-condenada-a-pagar-1177-millones-a-por-infraccion-de-patentes-en-sus-dispositivos-galaxy-n\/\">cr\u00edticas<\/a> de peso por parte de no pocos expertos que se\u00f1alan que los m\u00f3viles econ\u00f3micos de las series <b>Galaxy A<\/b> y <b>Galaxy M<\/b> vienen con el <b>software AppCloud preinstalado<\/b> en ciertos pa\u00edses. Se trata de una <a href=\"https:\/\/as.com\/meristation\/betech\/detectan-un-nuevo-virus-secuestrador-de-moviles-y-descubren-que-espana-esta-en-su-punto-de-mira-n\/\" target=\"_blank\" rel=\"noreferrer nofollow noopener\" title=\"https:\/\/as.com\/meristation\/betech\/detectan-un-nuevo-virus-secuestrador-de-moviles-y-descubren-que-espana-esta-en-su-punto-de-mira-n\/\">aplicaci\u00f3n<\/a> dise\u00f1ada para <b>recopliar datos de ubicaci\u00f3n y uso<\/b> creada por la empresa israel\u00ed de an\u00e1lisis de datos <b>IronSource<\/b>.<\/p>\n<p><b>Una app israel\u00ed recopila datos sin permiso a trav\u00e9s de Samsung<\/b><\/p>\n<p class=\"\">As\u00ed, seg\u00fan apuntan desde CyberSecurityNews, AppCloud <b>recopila datos de ubicaci\u00f3n, patrones de uso de aplicaciones e informaci\u00f3n del dispositivo<\/b>, entre otros, sin requerir consentimiento recurrente al usuario tras la configuraci\u00f3n inicial del terminal. Adem\u00e1s, los intentos de desinstalar el software suelen fallar debido a su <b>profunda integraci\u00f3n en el sistema operativo One UI de Samsung<\/b>. Los investigadores de ciberseguridad tambi\u00e9n informan que la aplicaci\u00f3n se <b>reactiva autom\u00e1ticamente<\/b> tras actualizaciones o restablecimientos de f\u00e1brica de los m\u00f3viles en los que viene preinstalada.<\/p>\n<p><img decoding=\"async\" src=\"https:\/\/www.europesays.com\/es\/wp-content\/uploads\/2025\/11\/YOJT64VRFRC7BCPGRYP644DOOM.jpg\" alt=\"Alerta de los expertos: este software esp\u00eda viene preinstalado en estos m\u00f3viles populares\" height=\"720\" width=\"1280\"   loading=\"lazy\"\/><\/p>\n<p class=\"\">Este nuevo caso de <a href=\"https:\/\/as.com\/meristation\/betech\/elimina-estas-dos-apps-cuanto-antes-si-las-tienes-instaladas-saben-todo-lo-que-pasa-en-tu-movil-n\/\" target=\"_blank\" rel=\"noreferrer nofollow noopener\" title=\"https:\/\/as.com\/meristation\/betech\/elimina-estas-dos-apps-cuanto-antes-si-las-tienes-instaladas-saben-todo-lo-que-pasa-en-tu-movil-n\/\">recopilaci\u00f3n de datos sin permiso<\/a> sali\u00f3 a la luz gracias a las investigaciones realizadas por el <b>grupo liban\u00e9s de derechos digitales SMEX<\/b>. En un informe, SMEX se\u00f1ala que la integraci\u00f3n persistente de AppCloud podr\u00eda, en teor\u00eda, permitir la <b>recopilaci\u00f3n no autorizada de datos por parte de terceros<\/b>. Un portavoz de SMEX declar\u00f3: \u201cEsto no es solo bloatware, sino <b>una herramienta de vigilancia integrada directamente en el hardware<\/b>\u201d.<\/p>\n<p class=\"\">Por otro lado, seg\u00fan <a href=\"https:\/\/www.androidauthority.com\/samsung-appcloud-spyware-controversy-3616325\/\" target=\"_blank\" rel=\"noreferrer nofollow noopener\" title=\"https:\/\/www.androidauthority.com\/samsung-appcloud-spyware-controversy-3616325\/\">Android Authority<\/a>, la aplicaci\u00f3n AppCloud es un \u201c<b>software esp\u00eda israel\u00ed no desinstalable<\/b>\u201d. Sin embargo, seg\u00fan CyberSecurityNews, las autoridades reguladoras negaron los informes sobre prohibiciones, alegando desinformaci\u00f3n. Samsung a\u00fan no ha respondido directamente a las acusaciones, pero insiste en su <b>compromiso con los est\u00e1ndares de privacidad de datos<\/b> a trav\u00e9s de sus terminales m\u00f3viles.<\/p>\n<p><img decoding=\"async\" src=\"https:\/\/www.europesays.com\/es\/wp-content\/uploads\/2025\/11\/ZIBXUZ665VDPLNDM2NYAQTLDYQ.jpg\" alt=\"Alerta de los expertos: este software esp\u00eda viene preinstalado en estos m\u00f3viles populares\" height=\"720\" width=\"1280\"   loading=\"lazy\"\/><b>La evoluci\u00f3n de los m\u00f3viles Samsung Galaxy<\/b><\/p>\n<p class=\"\">La familia de terminales <b>Samsung Galaxy<\/b> est\u00e1 entre las l\u00edneas de <a href=\"https:\/\/as.com\/meristation\/betech\/la-ultima-actualizacion-de-samsung-trae-muy-buenas-noticias-para-los-usuarios-que-llegaran-en-las-proximas-semanas-n\/\" target=\"_blank\" rel=\"noreferrer nofollow noopener\" title=\"https:\/\/as.com\/meristation\/betech\/la-ultima-actualizacion-de-samsung-trae-muy-buenas-noticias-para-los-usuarios-que-llegaran-en-las-proximas-semanas-n\/\">smartphones m\u00e1s populares<\/a> y exitosas del mercado <b>Android<\/b> desde su lanzamiento en 2009, con la llegada de los primeros m\u00f3viles con pantalla t\u00e1ctil. As\u00ed ha sido su evoluci\u00f3n:<\/p>\n<ul>\n<li><b>2009<\/b>: Samsung irrumpe en el mercado de tel\u00e9fonos inteligentes Android con el Galaxy i7500.<\/li>\n<li><b>2010-2013<\/b>: los primeros modelos del Galaxy S, como el S, S2, S3 y S4, aseguraron el avance internacional de la marca.<\/li>\n<li><b>2014-2017<\/b>: los modelos Galaxy a\u00f1aden protecci\u00f3n contra el agua y el polvo y pantalla de dise\u00f1o infinito.<\/li>\n<li><b>2019-2021<\/b>: introducci\u00f3n de los modelos plegables Galaxy Z e integraci\u00f3n del S Pen en la serie S Ultra<\/li>\n<li><b>2023-2025<\/b>: llegan las funciones de IA (Galaxy AI), las c\u00e1maras de 200 MP y una mayor eficiencia del hardware<\/li>\n<\/ul>\n<p>Noticias relacionadas<\/p>\n<p class=\"\">Sigue el <a href=\"https:\/\/twitter.com\/MeriStation?s=20\" target=\"_blank\" rel=\"noopener nofollow\">canal de MeriStation en Twitter<\/a>. Tu web de videojuegos y de entretenimiento, para conocer todas las noticias, novedades y \u00faltima hora sobre el mundo del videojuego, cine, series, manga y anime. Avances, an\u00e1lisis, entrevistas, tr\u00e1ileres, gameplays, podcasts y mucho m\u00e1s.<\/p>\n<p class=\"\">\u00a1Suscr\u00edbete! Si est\u00e1s interesado en licenciar este contenido, pincha <a href=\"https:\/\/profesional.elpais.com\/soluciones-sindicacion?utm_medium=interno&amp;utm_source=crosslinking&amp;utm_campaign=sindicacion_as_pie_articulos\" target=\"_blank\" rel=\"nofollow noopener\" title=\"https:\/\/profesional.elpais.com\/soluciones-sindicacion?utm_medium=interno&amp;utm_source=crosslinking&amp;utm_campaign=sindicacion_as_pie_articulos\">aqu\u00ed<\/a>.<\/p>\n<p><script async src=\"https:\/\/platform.twitter.com\/widgets.js\" charset=\"utf-8\"><\/script><\/p>\n","protected":false},"excerpt":{"rendered":"Ciertos dispositivos de Samsung vienen con un software preinstalado que, seg\u00fan los expertos, recopila m\u00e1s datos de lo&hellip;\n","protected":false},"author":2,"featured_media":261010,"comment_status":"","ping_status":"","sticky":false,"template":"","format":"standard","meta":{"footnotes":""},"categories":[80],"tags":[82,95,94,25,24,23],"class_list":{"0":"post-261009","1":"post","2":"type-post","3":"status-publish","4":"format-standard","5":"has-post-thumbnail","7":"category-economia","8":"tag-business","9":"tag-economia","10":"tag-economy","11":"tag-es","12":"tag-espana","13":"tag-spain"},"share_on_mastodon":{"url":"https:\/\/pubeurope.com\/@es\/115629471357841455","error":""},"_links":{"self":[{"href":"https:\/\/www.europesays.com\/es\/wp-json\/wp\/v2\/posts\/261009","targetHints":{"allow":["GET"]}}],"collection":[{"href":"https:\/\/www.europesays.com\/es\/wp-json\/wp\/v2\/posts"}],"about":[{"href":"https:\/\/www.europesays.com\/es\/wp-json\/wp\/v2\/types\/post"}],"author":[{"embeddable":true,"href":"https:\/\/www.europesays.com\/es\/wp-json\/wp\/v2\/users\/2"}],"replies":[{"embeddable":true,"href":"https:\/\/www.europesays.com\/es\/wp-json\/wp\/v2\/comments?post=261009"}],"version-history":[{"count":0,"href":"https:\/\/www.europesays.com\/es\/wp-json\/wp\/v2\/posts\/261009\/revisions"}],"wp:featuredmedia":[{"embeddable":true,"href":"https:\/\/www.europesays.com\/es\/wp-json\/wp\/v2\/media\/261010"}],"wp:attachment":[{"href":"https:\/\/www.europesays.com\/es\/wp-json\/wp\/v2\/media?parent=261009"}],"wp:term":[{"taxonomy":"category","embeddable":true,"href":"https:\/\/www.europesays.com\/es\/wp-json\/wp\/v2\/categories?post=261009"},{"taxonomy":"post_tag","embeddable":true,"href":"https:\/\/www.europesays.com\/es\/wp-json\/wp\/v2\/tags?post=261009"}],"curies":[{"name":"wp","href":"https:\/\/api.w.org\/{rel}","templated":true}]}}