{"id":261011,"date":"2025-11-28T21:34:13","date_gmt":"2025-11-28T21:34:13","guid":{"rendered":"https:\/\/www.europesays.com\/es\/261011\/"},"modified":"2025-11-28T21:34:13","modified_gmt":"2025-11-28T21:34:13","slug":"trump-y-su-gobierno-anuncian-que-se-paralizara-la-migracion-a-ee-uu-desde-paises-del-tercer-mundo-y-se-revisaran-las-green-cards-de-19-nacionalidades","status":"publish","type":"post","link":"https:\/\/www.europesays.com\/es\/261011\/","title":{"rendered":"Trump y su gobierno anuncian que se paralizar\u00e1 la migraci\u00f3n a EE.UU. desde pa\u00edses del \u00abtercer mundo\u00bb y se revisar\u00e1n las green cards de 19 nacionalidades"},"content":{"rendered":"<p><img fetchpriority=\"high\" decoding=\"async\" src=\"https:\/\/www.europesays.com\/es\/wp-content\/uploads\/2025\/11\/2b275d60-cc77-11f0-93ea-199ffe9fe785.jpg.webp.webp\"   alt=\"Donald Trump\" loading=\"eager\" width=\"924\" height=\"520\" style=\"aspect-ratio:924 \/ 520\" class=\"css-4ejld5\"\/><\/p>\n<p class=\"css-by8ykd\" role=\"text\">Fuente de la imagen, Reuters<\/p>\n<p>Pie de foto, El presidente Trump escribi\u00f3 un duro mensaje contra la migraci\u00f3n la noche del jueves.<strong id=\"article-byline\" aria-hidden=\"true\" class=\"css-m04vo2\">Informaci\u00f3n del art\u00edculo<\/strong><\/p>\n<ul class=\"css-1rvtlej\">\n<li class=\"css-oe8da4\">\n<ul role=\"list\" class=\"css-1rnycnn\">\n<li>Autor, Yang Tian y James FitzGerald<\/li>\n<li>T\u00edtulo del autor,  BBC News<\/li>\n<\/ul>\n<\/li>\n<li class=\"css-1clfxfc\">28 noviembre 2025, 17:22 GMT\n<p>Actualizado 3 horas<\/p>\n<\/li>\n<li class=\"css-1clfxfc\"\/><\/ul>\n<p dir=\"ltr\" class=\"css-oygqes e17g058b0\"><b>El presidente de Estados Unidos, Donald Trump, amenaz\u00f3 con intensificar su campa\u00f1a contra los extranjeros en el pa\u00eds, prometiendo \u00abdetener de forma permanente la migraci\u00f3n\u00bb procedente de todos los \u00abpa\u00edses del tercer mundo\u00bb.<\/b><\/p>\n<p dir=\"ltr\" class=\"css-oygqes e17g058b0\">En una publicaci\u00f3n en redes sociales, Trump tambi\u00e9n critic\u00f3 la \u00abcarga que suponen los refugiados\u00bb para su pa\u00eds.<\/p>\n<p dir=\"ltr\" class=\"css-oygqes e17g058b0\">Trump no dio m\u00e1s detalles ni nombr\u00f3 los pa\u00edses que podr\u00edan verse afectados. Este plan podr\u00eda enfrentarse a retos legales y ya ha provocado la reacci\u00f3n de las agencias de la ONU. Pero la orden representar\u00eda un endurecimiento de su postura hacia los migrantes durante su segundo periodo presidencial.<\/p>\n<p dir=\"ltr\" class=\"css-oygqes e17g058b0\">Entre otras medidas, el gobierno de Trump est\u00e1 llevando a cabo deportaciones masivas de migrantes que entraron de forma irregular a Estados Unidos, reduciendo dr\u00e1sticamente el n\u00famero anual de admisiones de refugiados y poniendo fin a los derechos de ciudadan\u00eda autom\u00e1tica que actualmente se aplican a casi cualquier persona nacida en territorio estadounidense.<\/p>\n<p dir=\"ltr\" class=\"css-oygqes e17g058b0\">A ra\u00edz del tiroteo del mi\u00e9rcoles en Washington, Trump prometi\u00f3 expulsar de Estados Unidos a cualquier extranjero \u00abde cualquier pa\u00eds que no encaje aqu\u00ed\u00bb.<\/p>\n<p dir=\"ltr\" class=\"css-oygqes e17g058b0\">Ese mismo d\u00eda, Estados Unidos suspendi\u00f3 la tramitaci\u00f3n de todas las solicitudes de inmigraci\u00f3n de afganos, alegando que la decisi\u00f3n se hab\u00eda tomado a la espera de una revisi\u00f3n de los \u00abprotocolos de seguridad y control\u00bb.<\/p>\n<p>19 pa\u00edses en la mira<\/p>\n<p dir=\"ltr\" class=\"css-oygqes e17g058b0\">El jueves, el Servicio de Ciudadan\u00eda e Inmigraci\u00f3n de Estados Unidos (USCIS, por sus siglas en ingl\u00e9s) anunci\u00f3 que volver\u00eda a examinar las tarjetas de residencia (green cards) expedidas a personas que hab\u00edan emigrado a Estados Unidos desde 19 pa\u00edses. La agencia no mencion\u00f3 expl\u00edcitamente el ataque del mi\u00e9rcoles.<\/p>\n<p dir=\"ltr\" class=\"css-oygqes e17g058b0\">Cuando la BBC pregunt\u00f3 a USCIS qu\u00e9 pa\u00edses figuraban en la lista, la agencia hizo referencia a una proclamaci\u00f3n de junio de la Casa Blanca que inclu\u00eda a Afganist\u00e1n, Cuba, Hait\u00ed, Ir\u00e1n, Somalia y Venezuela. No se dieron m\u00e1s detalles sobre c\u00f3mo ser\u00eda la reexaminaci\u00f3n.<\/p>\n<p dir=\"ltr\" class=\"css-oygqes e17g058b0\">La contundente publicaci\u00f3n de Trump del jueves por la noche fue a\u00fan m\u00e1s lejos, prometiendo \u00abponer fin a todas las prestaciones y subsidios federales a los no ciudadanos\u00bb.<\/p>\n<p dir=\"ltr\" class=\"css-oygqes e17g058b0\">El presidente aleg\u00f3 que esto \u00abpermitir\u00eda al sistema estadounidense recuperarse por completo\u00bb de las pol\u00edticas que hab\u00edan erosionado los \u00abbeneficios y las condiciones de vida\u00bb de muchos estadounidenses.<\/p>\n<p><img decoding=\"async\" src=\"https:\/\/www.europesays.com\/es\/wp-content\/uploads\/2025\/11\/09229ad0-cc78-11f0-8c06-f5d460985095.png.webp.webp\"   alt=\"Un oficial militar mira hacia las fotograf\u00edas \" loading=\"lazy\" width=\"1248\" height=\"832\" style=\"aspect-ratio:1248 \/ 832\" class=\"css-4ejld5\"\/><\/p>\n<p class=\"css-by8ykd\" role=\"text\">Fuente de la imagen, Reuters<\/p>\n<p>Pie de foto, El mensaje de Trump se produjo tras el ataque de un afgano a dos miembros de la Guardia Nacional en Washington DC.<\/p>\n<p>\u00abPa\u00edses del tercer mundo\u00bb<\/p>\n<p dir=\"ltr\" class=\"css-oygqes e17g058b0\">En la publicaci\u00f3n, el presidente tambi\u00e9n culp\u00f3 a los refugiados de causar la \u00abdisfunci\u00f3n social en Estados Unidos\u00bb y prometi\u00f3 expulsar a \u00abcualquiera que no sea un activo neto\u00bb para Estados Unidos.<\/p>\n<p dir=\"ltr\" class=\"css-oygqes e17g058b0\">La publicaci\u00f3n en Truth Social, que Trump present\u00f3 como un \u00absaludo feliz de Acci\u00f3n de Gracias\u00bb, estaba llena de mensajes en contra de los inmigrantes.<\/p>\n<p dir=\"ltr\" class=\"css-oygqes e17g058b0\">El mandatario afirm\u00f3 que \u00abcientos de miles de refugiados de Somalia se estaban apoderando por completo del otrora gran estado de Minnesota\u00bb y apunt\u00f3 especialmente a los legisladores dem\u00f3cratas del estado.<\/p>\n<p dir=\"ltr\" class=\"css-oygqes e17g058b0\">\u00abDetendr\u00e9 de forma permanente la migraci\u00f3n procedente de todos los pa\u00edses del tercer mundo para permitir que el sistema estadounidense se recupere por completo\u00bb, escribi\u00f3 Trump.<\/p>\n<p dir=\"ltr\" class=\"css-oygqes e17g058b0\">La expresi\u00f3n \u00abtercer mundo\u00bb es un t\u00e9rmino que se utilizaba en el pasado para describir a los pa\u00edses m\u00e1s pobres y en v\u00edas de desarrollo. La Casa Blanca y el USCIS a\u00fan no han dado m\u00e1s detalles sobre el plan.<\/p>\n<p dir=\"ltr\" class=\"css-oygqes e17g058b0\">El presidente ya hab\u00eda impuesto una prohibici\u00f3n de viajar a EE.UU. a los ciudadanos de Afganist\u00e1n y otros 11 pa\u00edses, principalmente de \u00c1frica y Asia, a principios de este a\u00f1o. Durante su primer gobierno se promulg\u00f3 otra prohibici\u00f3n de viaje dirigida a varios pa\u00edses de mayor\u00eda musulmana.<\/p>\n<p dir=\"ltr\" class=\"css-oygqes e17g058b0\">La ONU respondi\u00f3 a las palabras de Trump instando a su gobierno a respetar los acuerdos internacionales relativos a los solicitantes de asilo.<\/p>\n<p dir=\"ltr\" class=\"css-oygqes e17g058b0\">\u00abEsperamos que todos los pa\u00edses, incluido Estados Unidos, cumplan sus compromisos en virtud de la Convenci\u00f3n sobre los Refugiados de 1953\u00bb, declar\u00f3 un portavoz adjunto del secretario general de la ONU a la agencia Reuters.<\/p>\n<p><img decoding=\"async\" src=\"https:\/\/www.europesays.com\/es\/wp-content\/uploads\/2025\/11\/58e64340-cc79-11f0-a892-01d657345866.jpg.webp.webp\"   alt=\"Donald Turmp muestra una foto durante una conferencia de prensa en su mansi\u00f3n de Florida\" loading=\"lazy\" width=\"1024\" height=\"682\" style=\"aspect-ratio:1024 \/ 682\" class=\"css-4ejld5\"\/><\/p>\n<p class=\"css-by8ykd\" role=\"text\">Fuente de la imagen, Getty Images<\/p>\n<p>Pie de foto, Trump culp\u00f3 al gobierno de Joe Biden de haber permitido el ingreso de miles de migrantes sin controles.<\/p>\n<p dir=\"ltr\" class=\"css-oygqes e17g058b0\">Para Jeremy McKinney, presidente de la Asociaci\u00f3n Estadounidense de Abogados de Inmigraci\u00f3n, la ofensiva de Trump equivale a \u00abculpar\u00bb a todos los migrantes en Estados Unidos por lo ocurrido en Washington D.C.<\/p>\n<p dir=\"ltr\" class=\"css-oygqes e17g058b0\">McKinney destac\u00f3 que se desconoc\u00eda el motivo del atacante. \u00abEste tipo de cuestiones no entienden de color de piel ni de nacionalidad\u00bb, afirm\u00f3. \u00abCuando una persona se radicaliza o padece alg\u00fan tipo de enfermedad mental, esa persona puede provenir de cualquier entorno\u00bb.<\/p>\n<p dir=\"ltr\" class=\"css-oygqes e17g058b0\">La avalancha de anuncios de Trump se produce despu\u00e9s de que las autoridades informaran de que el sospechoso del tiroteo en Washington D.C., Rahmanullah Lakanwal, hab\u00eda llegado a Estados Unidos en 2021.<\/p>\n<p dir=\"ltr\" class=\"css-oygqes e17g058b0\">Lakanwal lleg\u00f3 al pa\u00eds en el marco de un programa que ofrec\u00eda protecciones especiales en materia de inmigraci\u00f3n a los afganos que hab\u00edan trabajado con las fuerzas estadounidenses tras la retirada de Estados Unidos de Afganist\u00e1n en 2021.<\/p>\n<p dir=\"ltr\" class=\"css-oygqes e17g058b0\">Desde el ataque ha salido a la luz informaci\u00f3n sobre el trabajo de Lakanwal junto a los estadounidenses. En un momento colabor\u00f3 con la CIA, seg\u00fan ha declarado el actual director de la agencia de inteligencia de EE.UU.<\/p>\n<p dir=\"ltr\" class=\"css-oygqes e17g058b0\">Tambi\u00e9n ayud\u00f3 a proteger a las fuerzas estadounidenses en el aeropuerto de Kabul mientras intentaban escapar de Afganist\u00e1n antes de que los talibanes tomaran el poder, seg\u00fan declar\u00f3 a la BBC un antiguo comandante militar que sirvi\u00f3 junto a \u00e9l.<\/p>\n<p><img decoding=\"async\" src=\"https:\/\/www.europesays.com\/es\/wp-content\/uploads\/2025\/08\/c8beb280-fb45-11ee-8369-47dc4454b972.png.webp.webp\"   alt=\"L\u00ednea gris\" loading=\"lazy\" width=\"800\" height=\"100\" style=\"aspect-ratio:800 \/ 100\" class=\"css-4ejld5\"\/><\/p>\n<p dir=\"ltr\" class=\"css-oygqes e17g058b0\"><a href=\"https:\/\/www.bbc.com\/mundo\/send\/u184973209\" class=\"focusIndicatorReducedWidth css-n8oauk e1p3sufg0\" rel=\"nofollow noopener\" target=\"_blank\">Suscr\u00edbete aqu\u00ed<\/a> a nuestro nuevo newsletter para recibir cada viernes una selecci\u00f3n de nuestro mejor contenido de la semana.<\/p>\n<p dir=\"ltr\" class=\"css-oygqes e17g058b0\">Y recuerda que puedes recibir notificaciones en nuestra app. Descarga la \u00faltima versi\u00f3n y act\u00edvalas.<\/p>\n","protected":false},"excerpt":{"rendered":"Fuente de la imagen, Reuters Pie de foto, El presidente Trump escribi\u00f3 un duro mensaje contra la migraci\u00f3n&hellip;\n","protected":false},"author":2,"featured_media":261012,"comment_status":"","ping_status":"","sticky":false,"template":"","format":"standard","meta":{"footnotes":""},"categories":[42],"tags":[17,18,13,14,11,61,62,63,64,19,20,9,10,15,16,12,21,22,65,66,67],"class_list":{"0":"post-261011","1":"post","2":"type-post","3":"status-publish","4":"format-standard","5":"has-post-thumbnail","7":"category-internacional","8":"tag-breaking-news","9":"tag-breakingnews","10":"tag-featured-news","11":"tag-featurednews","12":"tag-headlines","13":"tag-internacional","14":"tag-international","15":"tag-international-news","16":"tag-internationalnews","17":"tag-latest-news","18":"tag-latestnews","19":"tag-news","20":"tag-noticias","21":"tag-noticias-destacadas","22":"tag-noticiasdestacadas","23":"tag-titulares","24":"tag-ultimas-noticias","25":"tag-ultimasnoticias","26":"tag-world","27":"tag-world-news","28":"tag-worldnews"},"share_on_mastodon":{"url":"https:\/\/pubeurope.com\/@es\/115629475649823180","error":""},"_links":{"self":[{"href":"https:\/\/www.europesays.com\/es\/wp-json\/wp\/v2\/posts\/261011","targetHints":{"allow":["GET"]}}],"collection":[{"href":"https:\/\/www.europesays.com\/es\/wp-json\/wp\/v2\/posts"}],"about":[{"href":"https:\/\/www.europesays.com\/es\/wp-json\/wp\/v2\/types\/post"}],"author":[{"embeddable":true,"href":"https:\/\/www.europesays.com\/es\/wp-json\/wp\/v2\/users\/2"}],"replies":[{"embeddable":true,"href":"https:\/\/www.europesays.com\/es\/wp-json\/wp\/v2\/comments?post=261011"}],"version-history":[{"count":0,"href":"https:\/\/www.europesays.com\/es\/wp-json\/wp\/v2\/posts\/261011\/revisions"}],"wp:featuredmedia":[{"embeddable":true,"href":"https:\/\/www.europesays.com\/es\/wp-json\/wp\/v2\/media\/261012"}],"wp:attachment":[{"href":"https:\/\/www.europesays.com\/es\/wp-json\/wp\/v2\/media?parent=261011"}],"wp:term":[{"taxonomy":"category","embeddable":true,"href":"https:\/\/www.europesays.com\/es\/wp-json\/wp\/v2\/categories?post=261011"},{"taxonomy":"post_tag","embeddable":true,"href":"https:\/\/www.europesays.com\/es\/wp-json\/wp\/v2\/tags?post=261011"}],"curies":[{"name":"wp","href":"https:\/\/api.w.org\/{rel}","templated":true}]}}