{"id":261013,"date":"2025-11-28T21:35:11","date_gmt":"2025-11-28T21:35:11","guid":{"rendered":"https:\/\/www.europesays.com\/es\/261013\/"},"modified":"2025-11-28T21:35:11","modified_gmt":"2025-11-28T21:35:11","slug":"el-gobierno-rechaza-las-acusaciones-de-koldo-y-abalos-y-avisan-el-psoe-jamas-se-va-a-dejar-chantajear-por-nadie","status":"publish","type":"post","link":"https:\/\/www.europesays.com\/es\/261013\/","title":{"rendered":"El Gobierno rechaza las acusaciones de Koldo y \u00c1balos y avisan: \u00abEl PSOE jam\u00e1s se va a dejar chantajear por nadie\u00bb"},"content":{"rendered":"<p>CASO KOLDO<\/p>\n<p>Tras los se\u00f1alamientos del exministro de Transportes y su exasesor antes de entrar en prisi\u00f3n, miembros del ejecutivo y del Partido Socialista han respondido ante las acusaciones que apuntan a la financiaci\u00f3n del partido o a la mujer del presidente del Gobierno. <\/p>\n<p class=\"articleSignature-name\"><a href=\"https:\/\/www.ondacero.es\/autores\/rafa-sanz-del-rio\/\" rel=\"nofollow noopener\" target=\"_blank\">Rafa Sanz del R\u00edo<\/a><\/p>\n<p class=\"articleSignature-datecontent\">Madrid | <strong>28.11.2025 17:46 <\/strong><\/p>\n<p><img loading=\"lazy\" decoding=\"async\" title=\"El exministro Jos\u00e9 Luis \u00c1balos y su exasesor Koldo Garc\u00eda, en una imagen de archivo. \" alt=\"El exministro Jos\u00e9 Luis \u00c1balos y su exasesor Koldo Garc\u00eda, en una imagen de archivo. EFE\/Manuel Bruque\" width=\"480\" height=\"270\" src=\"https:\/\/www.europesays.com\/es\/wp-content\/uploads\/2025\/11\/exministro-jose-luis-abalos-exasesor-koldo-garcia-imagen-archivo_70.jpg\"\/>El exministro Jos\u00e9 Luis \u00c1balos y su exasesor Koldo Garc\u00eda, en una imagen de archivo. | EFE\/Manuel Bruque<\/p>\n","protected":false},"excerpt":{"rendered":"CASO KOLDO Tras los se\u00f1alamientos del exministro de Transportes y su exasesor antes de entrar en prisi\u00f3n, miembros&hellip;\n","protected":false},"author":2,"featured_media":261014,"comment_status":"","ping_status":"","sticky":false,"template":"","format":"standard","meta":{"footnotes":""},"categories":[8],"tags":[17,18,25,24,13,14,11,19,20,9,10,15,16,23,12,21,22],"class_list":{"0":"post-261013","1":"post","2":"type-post","3":"status-publish","4":"format-standard","5":"has-post-thumbnail","7":"category-espana","8":"tag-breaking-news","9":"tag-breakingnews","10":"tag-es","11":"tag-espana","12":"tag-featured-news","13":"tag-featurednews","14":"tag-headlines","15":"tag-latest-news","16":"tag-latestnews","17":"tag-news","18":"tag-noticias","19":"tag-noticias-destacadas","20":"tag-noticiasdestacadas","21":"tag-spain","22":"tag-titulares","23":"tag-ultimas-noticias","24":"tag-ultimasnoticias"},"share_on_mastodon":{"url":"https:\/\/pubeurope.com\/@es\/115629478842926648","error":""},"_links":{"self":[{"href":"https:\/\/www.europesays.com\/es\/wp-json\/wp\/v2\/posts\/261013","targetHints":{"allow":["GET"]}}],"collection":[{"href":"https:\/\/www.europesays.com\/es\/wp-json\/wp\/v2\/posts"}],"about":[{"href":"https:\/\/www.europesays.com\/es\/wp-json\/wp\/v2\/types\/post"}],"author":[{"embeddable":true,"href":"https:\/\/www.europesays.com\/es\/wp-json\/wp\/v2\/users\/2"}],"replies":[{"embeddable":true,"href":"https:\/\/www.europesays.com\/es\/wp-json\/wp\/v2\/comments?post=261013"}],"version-history":[{"count":0,"href":"https:\/\/www.europesays.com\/es\/wp-json\/wp\/v2\/posts\/261013\/revisions"}],"wp:featuredmedia":[{"embeddable":true,"href":"https:\/\/www.europesays.com\/es\/wp-json\/wp\/v2\/media\/261014"}],"wp:attachment":[{"href":"https:\/\/www.europesays.com\/es\/wp-json\/wp\/v2\/media?parent=261013"}],"wp:term":[{"taxonomy":"category","embeddable":true,"href":"https:\/\/www.europesays.com\/es\/wp-json\/wp\/v2\/categories?post=261013"},{"taxonomy":"post_tag","embeddable":true,"href":"https:\/\/www.europesays.com\/es\/wp-json\/wp\/v2\/tags?post=261013"}],"curies":[{"name":"wp","href":"https:\/\/api.w.org\/{rel}","templated":true}]}}