{"id":261015,"date":"2025-11-28T21:36:38","date_gmt":"2025-11-28T21:36:38","guid":{"rendered":"https:\/\/www.europesays.com\/es\/261015\/"},"modified":"2025-11-28T21:36:38","modified_gmt":"2025-11-28T21:36:38","slug":"asi-queda-la-prestacion-con-la-revalorizacion-del-27","status":"publish","type":"post","link":"https:\/\/www.europesays.com\/es\/261015\/","title":{"rendered":"as\u00ed queda la prestaci\u00f3n con la revalorizaci\u00f3n del 2,7%"},"content":{"rendered":"<p>MADRID 28 Nov. (EUROPA PRESS) &#8211;<\/p>\n<p>El 2026 llega con buenas noticias para millones de pensionistas porque las pensiones p\u00fablicas contributivas y de clases pasivas subir\u00e1n un 2,7% a partir del 1 de enero del nuevo a\u00f1o.<\/p>\n<p>Este incremento beneficiar\u00e1 a cerca de 9,3 millones de personas que reciben 10,2 millones de pensiones contributivas (hay casi un mill\u00f3n que tiene dos prestaciones), adem\u00e1s de las 725.631 pensiones correspondientes al R\u00e9gimen de Clases Pasivas del Estado, seg\u00fan los datos del Ministerio de Inclusi\u00f3n, Seguridad Social y Migraciones.<\/p>\n<p>El dato de inflaci\u00f3n de noviembre conocido hoy determina la revalorizaci\u00f3n de las pensiones para 2026. El indicador preliminar sit\u00faa la inflaci\u00f3n interanual en un 3%, aunque la confirmaci\u00f3n definitiva del IPC se conocer\u00e1 el 12 de diciembre, seg\u00fan el calendario del Instituto Nacional de Estad\u00edstica (INE).<\/p>\n<p>Para el c\u00e1lculo de la subida de las pensiones, se aplica la f\u00f3rmula de revalorizaci\u00f3n recogida en la ley de reforma de las pensiones, en la que se tiene en cuenta el IPC interanual promedio de doce meses (de diciembre del a\u00f1o anterior a noviembre del ejercicio en vigor).<\/p>\n<p>AS\u00cd QUEDAN LAS CUANT\u00cdAS EN 2026<\/p>\n<p>La pensi\u00f3n media de jubilaci\u00f3n, situada en 1.511,50 euros al mes, recibir\u00e1 un aumento de aproximadamente 40,85 euros mensuales en 14 pagas &#8211;572 euros al a\u00f1o&#8211;.<\/p>\n<p>Por su parte, para la pensi\u00f3n media del sistema, que comprende la cuant\u00eda de las distintas clases de pensi\u00f3n &#8211;jubilaci\u00f3n, incapacidad permanente, viudedad, orfandad y favor de familiares&#8211; y se sit\u00faa en 1.316,7 euros en noviembre, la revalorizaci\u00f3n supondr\u00e1 498 euros anuales, seg\u00fan los c\u00e1lculos del Ministerio de Inclusi\u00f3n.<\/p>\n<p>Asimismo, la pensi\u00f3n m\u00e1xima se situar\u00e1 en 2026 en 3.359,6 euros mensuales en 14 pagas, frente a los 3.267,6 euros de este a\u00f1o, tras la revalorizaci\u00f3n del 2,7%, lo que supone 92 euros mensuales m\u00e1s.<\/p>\n<p>QUEDAN PENDIENTES LAS PENSIONES M\u00cdNIMAS Y NO CONTRIBUTIVAS<\/p>\n<p>En cuanto a la pensi\u00f3n m\u00ednima contributiva en 2025, la cuant\u00eda se sit\u00faa en 874,35 euros al mes en 14 pagas en el caso de pensionistas sin c\u00f3nyuge y en 1.127 euros mensuales con c\u00f3nyuge a cargo. Para estos \u00faltimos titulares, se espera que la pensi\u00f3n cuente con un incremento adicional por encima del 2,7% del resto de pensiones, con el fin de reducir en un 20% la brecha existente.<\/p>\n<p>El objetivo es que en 2027 esta pensi\u00f3n m\u00ednima alcance al menos 16.500 euros anuales, equivalente a 1.178,50 euros al mes en 14 pagas.<\/p>\n<p>As\u00ed, las pensiones m\u00ednimas y no contributivas est\u00e1n sujetas a un objetivo especial de la reforma de pensiones: igualarse gradualmente al umbral m\u00ednimo de pobreza. De este modo, la reforma que aprob\u00f3 el Gobierno con Escriv\u00e1 contempla mejoras en este tipo de pensiones con subidas por encima del IPC.<\/p>\n<p>Este a\u00f1o, la subida que experimentaron fue del 6% en el caso de las m\u00ednimas y del 9% en el caso de las no contributivas y del Ingreso M\u00ednimo Vital (IMV), por encima en ambos casos del alza del 2,8% que registraron las pensiones contributivas.<\/p>\n<p>As\u00ed, una vez revalorizadas de acuerdo con el IPC, las pensiones no contributivas y las m\u00ednimas se incrementar\u00e1n adicionalmente para reducir en un 20% la brecha existente hasta alcanzar el 0,75 del umbral de riesgo de pobreza calculado a partir de la Encuesta de Condiciones de Vida del Instituto Nacional de Estad\u00edstica (INE) para un hogar unipersonal.<\/p>\n<p>\u00a0<\/p>\n","protected":false},"excerpt":{"rendered":"MADRID 28 Nov. (EUROPA PRESS) &#8211; El 2026 llega con buenas noticias para millones de pensionistas porque las&hellip;\n","protected":false},"author":2,"featured_media":261016,"comment_status":"","ping_status":"","sticky":false,"template":"","format":"standard","meta":{"footnotes":""},"categories":[5],"tags":[17,18,25,24,13,14,11,19,20,9,10,15,16,23,12,21,22],"class_list":{"0":"post-261015","1":"post","2":"type-post","3":"status-publish","4":"format-standard","5":"has-post-thumbnail","7":"category-titulares","8":"tag-breaking-news","9":"tag-breakingnews","10":"tag-es","11":"tag-espana","12":"tag-featured-news","13":"tag-featurednews","14":"tag-headlines","15":"tag-latest-news","16":"tag-latestnews","17":"tag-news","18":"tag-noticias","19":"tag-noticias-destacadas","20":"tag-noticiasdestacadas","21":"tag-spain","22":"tag-titulares","23":"tag-ultimas-noticias","24":"tag-ultimasnoticias"},"share_on_mastodon":{"url":"https:\/\/pubeurope.com\/@es\/115629482577593645","error":""},"_links":{"self":[{"href":"https:\/\/www.europesays.com\/es\/wp-json\/wp\/v2\/posts\/261015","targetHints":{"allow":["GET"]}}],"collection":[{"href":"https:\/\/www.europesays.com\/es\/wp-json\/wp\/v2\/posts"}],"about":[{"href":"https:\/\/www.europesays.com\/es\/wp-json\/wp\/v2\/types\/post"}],"author":[{"embeddable":true,"href":"https:\/\/www.europesays.com\/es\/wp-json\/wp\/v2\/users\/2"}],"replies":[{"embeddable":true,"href":"https:\/\/www.europesays.com\/es\/wp-json\/wp\/v2\/comments?post=261015"}],"version-history":[{"count":0,"href":"https:\/\/www.europesays.com\/es\/wp-json\/wp\/v2\/posts\/261015\/revisions"}],"wp:featuredmedia":[{"embeddable":true,"href":"https:\/\/www.europesays.com\/es\/wp-json\/wp\/v2\/media\/261016"}],"wp:attachment":[{"href":"https:\/\/www.europesays.com\/es\/wp-json\/wp\/v2\/media?parent=261015"}],"wp:term":[{"taxonomy":"category","embeddable":true,"href":"https:\/\/www.europesays.com\/es\/wp-json\/wp\/v2\/categories?post=261015"},{"taxonomy":"post_tag","embeddable":true,"href":"https:\/\/www.europesays.com\/es\/wp-json\/wp\/v2\/tags?post=261015"}],"curies":[{"name":"wp","href":"https:\/\/api.w.org\/{rel}","templated":true}]}}