{"id":261017,"date":"2025-11-28T21:40:16","date_gmt":"2025-11-28T21:40:16","guid":{"rendered":"https:\/\/www.europesays.com\/es\/261017\/"},"modified":"2025-11-28T21:40:16","modified_gmt":"2025-11-28T21:40:16","slug":"puig-y-josele-se-unen-a-sebas-en-el-top-ten-de-australia-y-lucharan-por-la-victoria","status":"publish","type":"post","link":"https:\/\/www.europesays.com\/es\/261017\/","title":{"rendered":"Puig y Josele se unen a Sebas en el top ten de Australia y luchar\u00e1n por la victoria"},"content":{"rendered":"<p>&#13;<br \/>\n        &#13;<br \/>\n&#13;<br \/>\n        &#13;<\/p>\n<p>            <a href=\"https:\/\/ten-golf.com\/wp-content\/uploads\/2025\/11\/RAK-2025-LR_2TC6194.jpg\" data-caption=\"David Puig. \u00a9 Golffile | Thos Caffrey\" rel=\"nofollow noopener\" target=\"_blank\"><img decoding=\"async\" loading=\"lazy\" width=\"666\" height=\"444\" class=\"entry-thumb td-modal-image\" src=\"https:\/\/www.europesays.com\/es\/wp-content\/uploads\/2025\/11\/RAK-2025-LR_2TC6194-666x444.jpg\"   alt=\"David Puig. \u00a9 Golffile | Thos Caffrey\" title=\"David Puig. \u00a9 Golffile | Thos Caffrey - Ras Al Khaimah Championship 2025\"\/><\/a>David Puig. \u00a9 Golffile | Thos Caffrey<\/p>\n<p>            &#8211; Kazuma Kobori (-10) es el l\u00edder del BMW Australian PGA Championship despu\u00e9s de la segunda jornada. Este joven valor neozeland\u00e9s, aut\u00e9ntico\u00a0killer\u00a0en los greenes, terminaba su ronda con cuatro birdies consecutivos para firmar el mejor registro del d\u00eda (63) y auparse <\/p>\n<p>Para seguir leyendo, Suscr\u00edbete<\/p>\n<p>    Subscription OptionsMENSUAL<\/p>\n<p>Unlimited  Entradas<\/p>\n<p>Unlimited  Galer\u00edas<\/p>\n<p>Unlimited  \u00c1lbumes<\/p>\n<p>Unlimited  P\u00e1ginas<\/p>\n<p>ANUAL + LIBRO<\/p>\n<p>Unlimited  Entradas<\/p>\n<p>Unlimited  Galer\u00edas<\/p>\n<p>Unlimited  \u00c1lbumes<\/p>\n<p>Unlimited  P\u00e1ginas<\/p>\n<p>ANUAL<\/p>\n<p>Unlimited  Entradas<\/p>\n<p>Unlimited  Galer\u00edas<\/p>\n<p>Unlimited  \u00c1lbumes<\/p>\n<p>Unlimited  P\u00e1ginas<\/p>\n<p>    Recibe 30 mulligans para gastar en <a href=\"https:\/\/thegame.ten-golf.com\" target=\"_blank\" rel=\"nofollow noopener\">TheGame<\/a> junto a tu suscripci\u00f3n anual (al final de la temporada se quitar\u00e1n los mulligans no gastados)<\/p>\n<p>    Pincha <a href=\"https:\/\/ten-golf.com\/tengolf-pone-en-marcha-el-muro-de-pago-y-crea-el-club-tengolf\" target=\"_blank\" rel=\"nofollow noopener\">aqu\u00ed<\/a> para saber m\u00e1s sobre las distintas suscripciones<\/p>\n<p>        &#13;<br \/>\n&#13;<br \/>\n        &#13;<br \/>\n            &#13;<br \/>\n            &#13;<br \/>\n&#13;<\/p>\n<p class=\"join-telegram\"><img decoding=\"async\" class=\"loading\" src=\"https:\/\/www.europesays.com\/es\/wp-content\/uploads\/2025\/11\/telegram-icon.png\" alt=\"\"\/> S\u00edguenos tambi\u00e9n en <a href=\"https:\/\/telegram.org\/\" target=\"_blank\" style=\"font-weight: normal;\" rel=\"nofollow noopener\">Telegram<\/a> en el canal <a href=\"https:\/\/t.me\/tengolf\" target=\"_blank\" rel=\"nofollow\">@tengolf<\/a><\/p>\n<p>        &#13;<br \/>\n        <a class=\"will-load\" name=\"end-article\" data-id=\"post-212826\"\/>&#13;<\/p>\n","protected":false},"excerpt":{"rendered":"&#13; &#13; &#13; &#13; David Puig. \u00a9 Golffile | Thos Caffrey &#8211; Kazuma Kobori (-10) es el l\u00edder&hellip;\n","protected":false},"author":2,"featured_media":261018,"comment_status":"","ping_status":"","sticky":false,"template":"","format":"standard","meta":{"footnotes":""},"categories":[275],"tags":[62044,7058,168,7316,25,24,329,7059,65178,336,339,340,1909,1910,58020,62045,57088,23,167],"class_list":{"0":"post-261017","1":"post","2":"type-post","3":"status-publish","4":"format-standard","5":"has-post-thumbnail","7":"category-golf","8":"tag-bmw-australian-pga-championship","9":"tag-david-puig","10":"tag-deportes","11":"tag-dp-world-tour","12":"tag-es","13":"tag-espana","14":"tag-golf","15":"tag-josele-ballester","16":"tag-kazuma-kobori","17":"tag-notificacion","18":"tag-portada-america","19":"tag-portada-global","20":"tag-portada-top","21":"tag-portada-top-america","22":"tag-rocco-repetto","23":"tag-royal-queensland-golf-club","24":"tag-sebas-garcia","25":"tag-spain","26":"tag-sports"},"share_on_mastodon":{"url":"https:\/\/pubeurope.com\/@es\/115629498822773857","error":""},"_links":{"self":[{"href":"https:\/\/www.europesays.com\/es\/wp-json\/wp\/v2\/posts\/261017","targetHints":{"allow":["GET"]}}],"collection":[{"href":"https:\/\/www.europesays.com\/es\/wp-json\/wp\/v2\/posts"}],"about":[{"href":"https:\/\/www.europesays.com\/es\/wp-json\/wp\/v2\/types\/post"}],"author":[{"embeddable":true,"href":"https:\/\/www.europesays.com\/es\/wp-json\/wp\/v2\/users\/2"}],"replies":[{"embeddable":true,"href":"https:\/\/www.europesays.com\/es\/wp-json\/wp\/v2\/comments?post=261017"}],"version-history":[{"count":0,"href":"https:\/\/www.europesays.com\/es\/wp-json\/wp\/v2\/posts\/261017\/revisions"}],"wp:featuredmedia":[{"embeddable":true,"href":"https:\/\/www.europesays.com\/es\/wp-json\/wp\/v2\/media\/261018"}],"wp:attachment":[{"href":"https:\/\/www.europesays.com\/es\/wp-json\/wp\/v2\/media?parent=261017"}],"wp:term":[{"taxonomy":"category","embeddable":true,"href":"https:\/\/www.europesays.com\/es\/wp-json\/wp\/v2\/categories?post=261017"},{"taxonomy":"post_tag","embeddable":true,"href":"https:\/\/www.europesays.com\/es\/wp-json\/wp\/v2\/tags?post=261017"}],"curies":[{"name":"wp","href":"https:\/\/api.w.org\/{rel}","templated":true}]}}