{"id":261025,"date":"2025-11-28T21:46:10","date_gmt":"2025-11-28T21:46:10","guid":{"rendered":"https:\/\/www.europesays.com\/es\/261025\/"},"modified":"2025-11-28T21:46:10","modified_gmt":"2025-11-28T21:46:10","slug":"un-premio-para-simeone-y-griezmann-por-la-huella-que-han-dejado-en-el-futbol-mundial","status":"publish","type":"post","link":"https:\/\/www.europesays.com\/es\/261025\/","title":{"rendered":"Un premio para Simeone y Griezmann por la huella que han dejado en el f\u00fatbol mundial"},"content":{"rendered":"<p data-gtm-element-container=\"modulo-texto-link\" class=\"paragraph\"><strong>Diego Pablo Simeone<\/strong> hace tiempo que es una leyenda del <strong>Atl\u00e9tico de Madrid<\/strong>. Primero lo fue como jugador y ahora est\u00e1 batiendo todos los r\u00e9cords existentes en el banquillo colchonero. Por su parte, Antoine Griezmann sigue en su etapa de jugador acumulando hitos. Dos impresionantes carreras que ha recibido un \u00faltimo premio, se trata del <strong>Golden Foot Legend<\/strong>. Un galard\u00f3n para aquellos futbolistas o t\u00e9cnicos que dejan huella en el f\u00fatbol.\u00a0<\/p>\n<p data-gtm-element-container=\"modulo-texto-link\" class=\"paragraph\">\u00abHoy, honramos a uno de los l\u00edderes m\u00e1s decisivos del f\u00fatbol -un hombre cuya pasi\u00f3n, disciplina y esp\u00edritu irromplible han moldeado toda una era del deporte\u00bb, as\u00ed comenzaron explicando las razones de la designaci\u00f3n del Cholo.\u00a0<\/p>\n<p>        Lee tambi\u00e9n<\/p>\n<p>    Javier G. G\u00f3mara<\/p>\n<p>             <img loading=\"lazy\" decoding=\"async\" data-full-src=\"https:\/\/www.mundodeportivo.com\/uploads\/2025\/11\/22\/6921ad7855b3d.jpeg\" alt=\"Horizontal\" width=\"334\" height=\"164\" src=\"https:\/\/www.europesays.com\/es\/wp-content\/uploads\/2025\/11\/6921ad7855b3d.r_d.2576-1720.jpeg\" class=\"lazy\"\/><\/p>\n<p data-gtm-element-container=\"modulo-texto-link\" class=\"paragraph\">A continuaci\u00f3n siguieron con su primera etapa: \u00abComo jugador, <strong>Diego Simeone<\/strong>, brill\u00f3 con <strong>Argentina <\/strong>y en las principales ligas europeas, gan\u00e1ndose el respeto por su inteligencia, intensidad y mentalidad ganadora\u00bb.\u00a0Para seguir con su paso a los banquillos: \u00abComo entrenador, transform\u00f3 al Atl\u00e9tico de Madrid en uno de los equipos m\u00e1s competitivos y admirados del mundo: ganando t\u00edtulos, redefiniendo la identidad e inspirando a una generaci\u00f3n con su filosof\u00eda legendaria del &#8216;Cholismo&#8217;. Pocas figuras han cambiado un club, una cultura y una base de aficionados de manera tan global como \u00e9l lo ha hecho\u00bb.<\/p>\n<p>                <img loading=\"lazy\" decoding=\"async\" data-full-src=\"https:\/\/www.mundodeportivo.com\/uploads\/2025\/11\/28\/6929dde53a482.png\" alt=\"La publicaci\u00f3n de Instagram en la que se ha anunciado el Golden Foot a Simeone.\" width=\"449\" height=\"288\" src=\"https:\/\/www.europesays.com\/es\/wp-content\/uploads\/2025\/11\/6929dde53a482.png\" class=\"lazy\"\/><\/p>\n<p class=\"caption-title \">La publicaci\u00f3n de Instagram en la que se ha anunciado el Golden Foot a Simeone.<\/p>\n<p>                    Instagram<\/p>\n<p data-gtm-element-container=\"modulo-texto-link\" class=\"paragraph\">Por su parte, a <strong>Giriezmann <\/strong>le dedicaron las siguientes palabras: \u00abEstamos orgullosos de honrar a uno de los mayores talentos de su generaci\u00f3n. Desde la <strong>Real Sociedad<\/strong> al <strong>FC Barcelona<\/strong> y ahora brillando con el <strong>Atl\u00e9tico de Madrid, Griezmann<\/strong> sigue haciendo historia del f\u00fatbol. Un campe\u00f3n de la <strong>Copa del Mundo<\/strong>, ganador de la Liga de Naciones, uno de los jugadores m\u00e1s ic\u00f3nicos, su impacto en el juego es innegable\u00bb.\u00a0\u00a0<\/p>\n<p>                <img loading=\"lazy\" decoding=\"async\" data-full-src=\"https:\/\/www.mundodeportivo.com\/uploads\/2025\/11\/28\/6929ec40adc47.png\" alt=\"La publicaci\u00f3n que anunciaba el premio de Antoine Griezmann.\" width=\"449\" height=\"289\" src=\"https:\/\/www.europesays.com\/es\/wp-content\/uploads\/2025\/11\/6929ec40adc47.png\" class=\"lazy\"\/><\/p>\n<p class=\"caption-title \">La publicaci\u00f3n que anunciaba el premio de Antoine Griezmann.<\/p>\n<p>                    Instagram<\/p>\n<p data-gtm-element-container=\"modulo-texto-link\" class=\"paragraph\">Las huellas de <strong>Diego Pablo Simeone<\/strong> y <strong>Antoine Griezmann<\/strong> viajar\u00e1n en los pr\u00f3ximos d\u00edas a <strong>M\u00f3naco <\/strong>para exponerse en la &#8216;<strong>Champions Promenade<\/strong>&#8216;.\u00a0<\/p>\n<p>    Lee tambi\u00e9n<\/p>\n<p data-gtm-element-container=\"modulo-texto-link\" class=\"paragraph\">Un premio que se entrega desde 2005, y que han ganado personalidades del mundo del f\u00fatbol como <strong>Roberto Baggio, Maradona, Di Stefano, Platini, Nedved, George Best, Paco Gento, Ronaldo Nazario, Facchetti, Kopa, Kempes, Romario, Del Piero, Zidane, Roberto Carlos, Ronaldinho, Stoichkov<\/strong>&#8230;.\u00a0<\/p>\n","protected":false},"excerpt":{"rendered":"Diego Pablo Simeone hace tiempo que es una leyenda del Atl\u00e9tico de Madrid. Primero lo fue como jugador&hellip;\n","protected":false},"author":2,"featured_media":261026,"comment_status":"","ping_status":"","sticky":false,"template":"","format":"standard","meta":{"footnotes":""},"categories":[268],"tags":[168,25,24,280,282,281,23,167],"class_list":{"0":"post-261025","1":"post","2":"type-post","3":"status-publish","4":"format-standard","5":"has-post-thumbnail","7":"category-futbol","8":"tag-deportes","9":"tag-es","10":"tag-espana","11":"tag-football","12":"tag-futbol","13":"tag-soccer","14":"tag-spain","15":"tag-sports"},"share_on_mastodon":{"url":"https:\/\/pubeurope.com\/@es\/115629522186155546","error":""},"_links":{"self":[{"href":"https:\/\/www.europesays.com\/es\/wp-json\/wp\/v2\/posts\/261025","targetHints":{"allow":["GET"]}}],"collection":[{"href":"https:\/\/www.europesays.com\/es\/wp-json\/wp\/v2\/posts"}],"about":[{"href":"https:\/\/www.europesays.com\/es\/wp-json\/wp\/v2\/types\/post"}],"author":[{"embeddable":true,"href":"https:\/\/www.europesays.com\/es\/wp-json\/wp\/v2\/users\/2"}],"replies":[{"embeddable":true,"href":"https:\/\/www.europesays.com\/es\/wp-json\/wp\/v2\/comments?post=261025"}],"version-history":[{"count":0,"href":"https:\/\/www.europesays.com\/es\/wp-json\/wp\/v2\/posts\/261025\/revisions"}],"wp:featuredmedia":[{"embeddable":true,"href":"https:\/\/www.europesays.com\/es\/wp-json\/wp\/v2\/media\/261026"}],"wp:attachment":[{"href":"https:\/\/www.europesays.com\/es\/wp-json\/wp\/v2\/media?parent=261025"}],"wp:term":[{"taxonomy":"category","embeddable":true,"href":"https:\/\/www.europesays.com\/es\/wp-json\/wp\/v2\/categories?post=261025"},{"taxonomy":"post_tag","embeddable":true,"href":"https:\/\/www.europesays.com\/es\/wp-json\/wp\/v2\/tags?post=261025"}],"curies":[{"name":"wp","href":"https:\/\/api.w.org\/{rel}","templated":true}]}}