{"id":261039,"date":"2025-11-28T21:54:11","date_gmt":"2025-11-28T21:54:11","guid":{"rendered":"https:\/\/www.europesays.com\/es\/261039\/"},"modified":"2025-11-28T21:54:11","modified_gmt":"2025-11-28T21:54:11","slug":"los-casos-de-sarna-detectados-en-espana-se-multiplican-por-50-entre-2011-y-2023","status":"publish","type":"post","link":"https:\/\/www.europesays.com\/es\/261039\/","title":{"rendered":"Los casos de sarna detectados en Espa\u00f1a se multiplican por 50 entre 2011 y 2023"},"content":{"rendered":"<p>Los casos de <strong>sarna, una enfermedad infecciosa altamente contagiosa<\/strong>, se han multiplicado casi por 50 entre los a\u00f1os 2011 y 2023 en las consultas de atenci\u00f3n primaria en Espa\u00f1a, seg\u00fan una investigaci\u00f3n liderada por el Instituto de Salud Carlos III y coordinada por el Centro Nacional de Epidemiolog\u00eda, que revela un aumento \u00abmuy significativo\u00bb de la enfermedad en nuestro pa\u00eds<\/p>\n<p>El estudio, publicado en Eurosurveillance, la revista del Centro Europeo para la Prevenci\u00f3n y el Control de Enfermedades (ECDC) revela un incremento constante en las tasas de incidencia de la sarna en <strong>atenci\u00f3n primaria, admisiones hospitalarias, casos ocupacionales y brotes<\/strong>, pero es especialmente relevante en las consultas del m\u00e9dico de cabecera, que han pasado de 131 casos por mill\u00f3n de habitantes en 2011 a m\u00e1s de 6.300 casos en 2023.<\/p>\n<p>La sarna es una de las enfermedades cut\u00e1neas m\u00e1s comunes a nivel mundial, reconocida por la Organizaci\u00f3n Mundial de la Salud (OMS) como una enfermedad tropical desatendida, aunque su expansi\u00f3n es mundial. Est\u00e1 causada por un <strong>\u00e1caro parasitario que excava en las capas superficiales de la piel y pone huevos<\/strong>. La transmisi\u00f3n ocurre principalmente a trav\u00e9s del contacto prolongado de piel con piel o, con menos frecuencia, a trav\u00e9s de objetos infestados, como ropa de cama y prendas de vestir. <\/p>\n<p>Brotes m\u00e1s comunes en residencias, hogares y entornos sanitarios<\/p>\n<p>Las tasas de incidencia fueron m\u00e1s altas entre los <strong>j\u00f3venes de 15 a 24 a\u00f1os en atenci\u00f3n primaria<\/strong>, y entre los <strong>mayores de 74 a\u00f1os en hospitales<\/strong>.<\/p>\n<p>Los brotes notificados a la Red Nacional de Vigilancia Epidemiol\u00f3gica (RENAVE) ocurrieron fundamentalmente en hogares y residencias de ancianos, aunque los de mayor envergadura en t\u00e9rminos de n\u00fameros de casos y duraci\u00f3n se dieron en entornos de atenci\u00f3n sanitaria.<\/p>\n<p>Es en este entorno socio-sanitario donde se han producido la mayor parte de las bajas laborales por esta enfermedad (82% del total)<\/p>\n<p>Con respecto a zonas geogr\u00e1ficas, las islas y las regiones costeras del norte de Espa\u00f1a fueron las \u00e1reas que presentaron un mayor incremento, lo que apunta a una posible relaci\u00f3n entre factores climatol\u00f3gicos y ambientales en el desarrollo y transmisi\u00f3n del ectopar\u00e1sito causante de la sarna, indican los investigadores. <\/p>\n<p>Picaz\u00f3n severa y erupciones que pueden complicarse<\/p>\n<p>Los s\u00edntomas de la sarna incluyen <strong>picaz\u00f3n severa y erupciones<\/strong>, que a menudo provocan alteraciones del sue\u00f1o. En algunos casos, las lesiones cut\u00e1neas pueden dar lugar a infecciones bacterianas secundarias (por ejemplo, por estafilococos y estreptococos) que pueden desencadenar otras complicaciones, como <strong>fiebre reum\u00e1tica o glomerulonefritis<\/strong>, presentaciones m\u00e1s frecuentes en formas m\u00e1s graves de la enfermedad conocidas como sarna costrosa. <\/p>\n<p>Aunque la prevalencia global de la sarna es dif\u00edcil de estimar, <strong>la OMS estima que m\u00e1s de 200 millones de personas en todo el mundo<\/strong> padecen la enfermedad en alg\u00fan momento de sus vidas.<\/p>\n<p>Los resultados preliminares de esta investigaci\u00f3n, seg\u00fan explican los investigadores del CNE-ISCIII Zaida Herrador, \u00c1lvaro Roy y Allegra Chatterjee, permiten abrir puertas para llevar a cabo una <strong>l\u00ednea de trabajo multisectorial y colaborativa<\/strong> que pueda seguir dando respuesta a los numerosos interrogantes que persisten sobre el aumento mundial de esta enfermedad.<\/p>\n<p>Entre los retos que se detectan, destacan las medidas de prevenci\u00f3n y control, las mejoras en el diagn\u00f3stico, la concienciaci\u00f3n y formaci\u00f3n profesional y social y la comunicaci\u00f3n con la ciudadan\u00eda. <\/p>\n<p>Abordar el estigma que puede acompa\u00f1ar a las personas con sarn, y que dificulta el diagn\u00f3stico y seguimiento de los casos y los contactos, es otro de los objetivos que deben abordarse. <\/p>\n","protected":false},"excerpt":{"rendered":"Los casos de sarna, una enfermedad infecciosa altamente contagiosa, se han multiplicado casi por 50 entre los a\u00f1os&hellip;\n","protected":false},"author":2,"featured_media":261040,"comment_status":"","ping_status":"","sticky":false,"template":"","format":"standard","meta":{"footnotes":""},"categories":[92],"tags":[25,24,165,166,23],"class_list":{"0":"post-261039","1":"post","2":"type-post","3":"status-publish","4":"format-standard","5":"has-post-thumbnail","7":"category-salud","8":"tag-es","9":"tag-espana","10":"tag-health","11":"tag-salud","12":"tag-spain"},"share_on_mastodon":{"url":"https:\/\/pubeurope.com\/@es\/115629553520212510","error":""},"_links":{"self":[{"href":"https:\/\/www.europesays.com\/es\/wp-json\/wp\/v2\/posts\/261039","targetHints":{"allow":["GET"]}}],"collection":[{"href":"https:\/\/www.europesays.com\/es\/wp-json\/wp\/v2\/posts"}],"about":[{"href":"https:\/\/www.europesays.com\/es\/wp-json\/wp\/v2\/types\/post"}],"author":[{"embeddable":true,"href":"https:\/\/www.europesays.com\/es\/wp-json\/wp\/v2\/users\/2"}],"replies":[{"embeddable":true,"href":"https:\/\/www.europesays.com\/es\/wp-json\/wp\/v2\/comments?post=261039"}],"version-history":[{"count":0,"href":"https:\/\/www.europesays.com\/es\/wp-json\/wp\/v2\/posts\/261039\/revisions"}],"wp:featuredmedia":[{"embeddable":true,"href":"https:\/\/www.europesays.com\/es\/wp-json\/wp\/v2\/media\/261040"}],"wp:attachment":[{"href":"https:\/\/www.europesays.com\/es\/wp-json\/wp\/v2\/media?parent=261039"}],"wp:term":[{"taxonomy":"category","embeddable":true,"href":"https:\/\/www.europesays.com\/es\/wp-json\/wp\/v2\/categories?post=261039"},{"taxonomy":"post_tag","embeddable":true,"href":"https:\/\/www.europesays.com\/es\/wp-json\/wp\/v2\/tags?post=261039"}],"curies":[{"name":"wp","href":"https:\/\/api.w.org\/{rel}","templated":true}]}}