{"id":261041,"date":"2025-11-28T21:55:11","date_gmt":"2025-11-28T21:55:11","guid":{"rendered":"https:\/\/www.europesays.com\/es\/261041\/"},"modified":"2025-11-28T21:55:11","modified_gmt":"2025-11-28T21:55:11","slug":"cayetano-rivera-reaparece-en-el-bautizo-del-tercer-hijo-de-francisco-rivera-y-lourdes-montes-la-voz-de-galicia","status":"publish","type":"post","link":"https:\/\/www.europesays.com\/es\/261041\/","title":{"rendered":"Cayetano Rivera reaparece en el bautizo del tercer hijo de Francisco Rivera y Lourdes Montes &#8211; La Voz de Galicia"},"content":{"rendered":"<ol>\n<li><a href=\"https:\/\/news.google.com\/rss\/articles\/CBMi8gFBVV95cUxOYVliWVdhYXVMYTNkWWtEa01NRURkUTRtRHp0VS1Lal9BSU5URTJBVzZueUFMRG1BcUVjYTBpSDg0SXlIcldLd2FyM0NERHpHM2JlaUI4MkMxdlJCVzBNTUYyRHVnZTFWX28zRUR0WjJLZ3F4N3JJSmFIYTJuR0FjdEMzcnl2RlJqZC01UURiRXhfSW1KcVhnTE4xVnJ2WDlBUlVhWGM3VXJ5RFV1YjFsNjdHZm5hMEwzRGpLMnlaQnFnWk4tQmJpZDZRempZdkMxZEFzNDBuckI5Nlk4RkxTZjZSdE0yNHhQbmZGN2Via0JaZ9IBjgJBVV95cUxPZDh1dHBjdHNkcU1iYm1PWTBiMHM1NFR1X21NUk94bGFaYldNTWFkSm1CVHcyYmlMVGluQzVrZVdkclRIdnA3Mm1hb2JZNVhpSkc1bktzVDdzOGF3OTVLUlM4YWdXRmtQWEVsMkFkdmk1SGxScUN3WUdwY09EZkw1c19XNERTakVieHZ0SW1ReVVDZmI4TS1ETVAzQURELV9xYXBHb01qLXIwUFVlb2lBWTI2V0xweEFCUW1GY1ZsS1h1WU5zVGRFVWZPVmptR2ZTQWk2WlhLMnJjSXlJVHQ5OWFCbm1mR2dxMlFldDZuQ19leFFGZjk3Y01YOVRvMUNfS3pnWDI4NXRBUkhqX1E?oc=5\" target=\"_blank\" rel=\"nofollow noopener\">Cayetano Rivera reaparece en el bautizo del tercer hijo de Francisco Rivera y Lourdes Montes<\/a>&nbsp;&nbsp;La Voz de Galicia<\/li>\n<li><a href=\"https:\/\/news.google.com\/rss\/articles\/CBMi2AFBVV95cUxOSE53d2dVWXI5U3JIMzZ2Mi01aExBTDBqZDRxRmlxQWdSLUNFc2c0UE9wbjJOR3F6NElhVkp6WEZIdUVDbEtFSl9Db1RkS1NqRzFPTkxla3RQOXhQOWl0MnBmMVpBdndORmkyeFE5eWR5LVNJRUNRaEZLZnZibHdRX2cwdDVKeFFOZTZQemRaSF9YZlF4RjZDdXhWVlNtZzhwRDlLNTFmQXpUWnBaeTdZUm9XbElZMWxGdl9NOXpPM3ZFWVJaVG9mSkltbjl6Y2lmUVV6U2FGc2k?oc=5\" target=\"_blank\" rel=\"nofollow noopener\">Lourdes Montes, la madre de bautizo m\u00e1s elegante con traje de terciopelo<\/a>&nbsp;&nbsp;ELLE<\/li>\n<li><a href=\"https:\/\/news.google.com\/rss\/articles\/CBMiwAFBVV95cUxNM1ZpRDVTZ2pjNWNHdDNPQk1IZ1d2SnUwOVJmNGJ0aGtxYWhEMWxNVUdpa3Rwc0hnSFM4bVl0Y0E1MjNEbG9pWUVQZU9zNWE1UEVETUxidUdCelhKcnBkSXBqQzFxYlpnaFk1NzJBSkk5NFdxbHh6eVAzYlYtTkpJUmhjTDlDMDBJVkxTUkVaN2IwSkVJMmE5Y1I4WUlYbVV4UGg1RUJmWU1jd0o4cXdXTmRMWjl3ejNRcXVmRmFRT0M?oc=5\" target=\"_blank\" rel=\"nofollow noopener\">Fran Rivera y Lourdes Montes bautizan a su hijo Nicol\u00e1s en una emotiva ceremonia: todas las fotos<\/a>&nbsp;&nbsp;HOLA<\/li>\n<li><a href=\"https:\/\/news.google.com\/rss\/articles\/CBMitAFBVV95cUxObkQ3SFB2clRRdHBsVTdsbDJyQnd2VUo3SmFjalU3NGFaU0ZIc2gxdnpQa2JFakt1SEx0SWU1NS1iR0pvcTdGdFc5cXdTSTZTeS11TUdwNkRmdW0xbFkxczc5QlY2LVpjRHh6MS1SaU1wX1ZrRXVzVUZtRTNXUzVpVVhwaUgtdTdWcUptbC01bnh6bzduY3FUcVNFanRPS29OdEowYWFsSTcyR2ZXZnJNM2FfSVg?oc=5\" target=\"_blank\" rel=\"nofollow noopener\">Tana Rivera y su look de invitada para el bautizo de su hermano: un original tres piezas de la marca de sus amigos Tom\u00e1s P\u00e1ramo y Mar\u00eda G. de Jaime<\/a>&nbsp;&nbsp;Vanitatis<\/li>\n<li><a href=\"https:\/\/news.google.com\/rss\/articles\/CBMizAFBVV95cUxOVEw2Vi1hYmU1dWc5MkFOaEZES25KZmdXeXI5MmJsdUx2TVdqeFJ0SDRCanV0aDE5WDFPaFV2SUFMN0x3WUdtVnlwQS1wYTdpd2YyTTlTNW1neG1OTDRKWGZMOXRwM2otWk1jMnNKMzBTczBicGt6VDUxOEMtQ2N5NHg1MHYzRFJvbEtyOU96OVZrVWtBVmE4X1JObmRidm5FZVFxd3hkSmVJN2FCdWdQWXZUN2hiTHhJdGRvZU83SlJjWHVmNWwwVDJHdHA?oc=5\" target=\"_blank\" rel=\"nofollow noopener\">Francisco Rivera y Lourdes Montes bautizan a su tercer hijo, Nicol\u00e1s: invitados, padrinos y una ausencia<\/a>&nbsp;&nbsp;Telecinco<\/li>\n<\/ol>\n","protected":false},"excerpt":{"rendered":"Cayetano Rivera reaparece en el bautizo del tercer hijo de Francisco Rivera y Lourdes Montes&nbsp;&nbsp;La Voz de Galicia&hellip;\n","protected":false},"author":2,"featured_media":261042,"comment_status":"","ping_status":"","sticky":false,"template":"","format":"standard","meta":{"footnotes":""},"categories":[91],"tags":[1393,146,147,25,24,60387,23],"class_list":{"0":"post-261041","1":"post","2":"type-post","3":"status-publish","4":"format-standard","5":"has-post-thumbnail","7":"category-entretenimiento","8":"tag-cayetano-rivera","9":"tag-entertainment","10":"tag-entretenimiento","11":"tag-es","12":"tag-espana","13":"tag-fran-rivera","14":"tag-spain"},"share_on_mastodon":{"url":"https:\/\/pubeurope.com\/@es\/115629557437850771","error":""},"_links":{"self":[{"href":"https:\/\/www.europesays.com\/es\/wp-json\/wp\/v2\/posts\/261041","targetHints":{"allow":["GET"]}}],"collection":[{"href":"https:\/\/www.europesays.com\/es\/wp-json\/wp\/v2\/posts"}],"about":[{"href":"https:\/\/www.europesays.com\/es\/wp-json\/wp\/v2\/types\/post"}],"author":[{"embeddable":true,"href":"https:\/\/www.europesays.com\/es\/wp-json\/wp\/v2\/users\/2"}],"replies":[{"embeddable":true,"href":"https:\/\/www.europesays.com\/es\/wp-json\/wp\/v2\/comments?post=261041"}],"version-history":[{"count":0,"href":"https:\/\/www.europesays.com\/es\/wp-json\/wp\/v2\/posts\/261041\/revisions"}],"wp:featuredmedia":[{"embeddable":true,"href":"https:\/\/www.europesays.com\/es\/wp-json\/wp\/v2\/media\/261042"}],"wp:attachment":[{"href":"https:\/\/www.europesays.com\/es\/wp-json\/wp\/v2\/media?parent=261041"}],"wp:term":[{"taxonomy":"category","embeddable":true,"href":"https:\/\/www.europesays.com\/es\/wp-json\/wp\/v2\/categories?post=261041"},{"taxonomy":"post_tag","embeddable":true,"href":"https:\/\/www.europesays.com\/es\/wp-json\/wp\/v2\/tags?post=261041"}],"curies":[{"name":"wp","href":"https:\/\/api.w.org\/{rel}","templated":true}]}}