{"id":261043,"date":"2025-11-28T21:56:16","date_gmt":"2025-11-28T21:56:16","guid":{"rendered":"https:\/\/www.europesays.com\/es\/261043\/"},"modified":"2025-11-28T21:56:16","modified_gmt":"2025-11-28T21:56:16","slug":"microsoft-reconoce-que-windows-11-esta-totalmente-roto-es-un-desastre","status":"publish","type":"post","link":"https:\/\/www.europesays.com\/es\/261043\/","title":{"rendered":"Microsoft reconoce que Windows 11 est\u00e1 totalmente roto, es un desastre"},"content":{"rendered":"<p>Hay momentos en los que el lenguaje t\u00e9cnico resulta insuficiente para explicar ciertas situaciones, y uno se ve obligado a recurrir a lo m\u00e1s sencillo: las cosas no funcionan. Esperamos que un sistema operativo, sobre todo uno tan implantado como Windows, ofrezca un m\u00ednimo de estabilidad, que cumpla su prop\u00f3sito sin necesidad de hero\u00edsmos ni soluciones improvisadas. Que el ordenador arranque, que el men\u00fa de inicio se abra, que las ventanas aparezcan cuando deben aparecer. Parece elemental, pero hoy no lo es. <strong>Y cuando hablamos de <a href=\"https:\/\/www.muycomputer.com\/tags\/windows-11\/\" target=\"_blank\" rel=\"noopener nofollow\">Windows 11<\/a>, esa sensaci\u00f3n de normalidad se convierte cada vez m\u00e1s en un acto de fe<\/strong>.<\/p>\n<p>Desde su presentaci\u00f3n oficial en 2021, Windows 11 ha transitado un camino accidentado. Su lanzamiento estuvo marcado por decisiones pol\u00e9micas: desde los requisitos de hardware draconianos que dejaron fuera a millones de equipos, hasta una interfaz que prioriz\u00f3 la est\u00e9tica sobre la funcionalidad. Las promesas de un sistema m\u00e1s moderno y coherente se diluyeron pronto entre inconsistencias visuales, retrocesos en usabilidad y, sobre todo, <strong>una sucesi\u00f3n de actualizaciones que, en lugar de resolver problemas, parec\u00edan acumular nuevos<\/strong>. Ahora, cuando ya se supone que deber\u00eda haberse asentado como una plataforma madura, <strong><a href=\"https:\/\/www.muycomputer.com\/tags\/microsoft\/\" target=\"_blank\" rel=\"noopener nofollow\">Microsoft<\/a> reconoce que casi todas las funciones clave de su sistema operativo est\u00e1n rotas<\/strong>.<\/p>\n<p>La admisi\u00f3n ha llegado de forma discreta, a trav\u00e9s de un art\u00edculo de soporte t\u00e9cnico, pero su contenido no deja lugar a dudas. <strong>Microsoft confirma que el men\u00fa de inicio, la barra de tareas, el explorador de archivos, la aplicaci\u00f3n de configuraci\u00f3n y otras partes esenciales del sistema pueden fallar de manera generalizada<\/strong>. No se trata de un \u00fanico error aislado, ni de un conflicto espec\u00edfico con determinados controladores: se trata de <strong>un fallo estructural que afecta a la \u201cshell\u201d del sistema operativo, y por tanto, al propio coraz\u00f3n de la experiencia de uso<\/strong>. En t\u00e9rminos poco habituales para el lenguaje oficial de la compa\u00f1\u00eda, la documentaci\u00f3n reconoce que muchos de estos componentes est\u00e1n, literalmente, rotos.<\/p>\n<p>La ra\u00edz t\u00e9cnica del problema se encuentra en los paquetes XAML, responsables de renderizar y coordinar gran parte de la interfaz de Windows. Seg\u00fan detalla Microsoft, <strong>estos paquetes pueden corromperse o no registrarse correctamente<\/strong>, lo que impide que el sistema cargue de forma fiable elementos esenciales. Los s\u00edntomas son diversos, pero todos graves: el proceso Explorer.exe puede colapsar repetidamente, los accesos al men\u00fa de inicio fallan o desaparecen, la app de configuraci\u00f3n se niega a abrirse, y los procesos ShellHost.exe o StartMenuExperienceHost presentan fallos de ejecuci\u00f3n. En algunos casos, el usuario se encuentra con una pantalla funcionalmente vac\u00eda, donde ni siquiera las combinaciones de teclado logran recuperar el control.<\/p>\n<p><a href=\"https:\/\/www.europesays.com\/es\/wp-content\/uploads\/2025\/11\/Windows-11-2-2.jpg\"><img loading=\"lazy\" decoding=\"async\" class=\"aligncenter size-full wp-image-390506\" src=\"https:\/\/www.europesays.com\/es\/wp-content\/uploads\/2025\/11\/Windows-11-2-2.jpg\" alt=\"Microsoft reconoce el desastre de Windows 11, est\u00e1 totalmente roto\" width=\"1200\" height=\"719\"  \/><\/a><\/p>\n<p>Estos fallos <strong>comenzaron a detectarse tras las actualizaciones acumulativas publicadas a partir de julio de 2025<\/strong>, y afectan tanto a la versi\u00f3n 24H2 como a la 25H2 de Windows 11. Ambas comparten una base de c\u00f3digo com\u00fan, lo que ha extendido el impacto del problema incluso a instalaciones limpias. Esto significa que no hablamos de errores heredados por configuraciones antiguas, sino de un fallo presente en el sistema actual distribuido por Microsoft. La empresa <strong>no ha proporcionado un calendario para su resoluci\u00f3n definitiva<\/strong>, aunque ofrece una soluci\u00f3n temporal mediante un script de PowerShell destinado a re\u2011registrar los paquetes afectados. Esta medida, sin embargo, est\u00e1 lejos de ser accesible o fiable para el usuario medio.<\/p>\n<p>Las consecuencias son obvias: <strong>una merma sustancial en la fiabilidad del sistema<\/strong>. Tareas tan b\u00e1sicas como abrir una carpeta o acceder a los ajustes dejan de estar garantizadas. Para los usuarios profesionales, esto implica una p\u00e9rdida de productividad inmediata. Para los dom\u00e9sticos, una experiencia frustrante que mina la confianza. Pero m\u00e1s all\u00e1 del efecto inmediato, lo que inquieta es la deriva de fondo: un sistema operativo moderno que, tras a\u00f1os de evoluci\u00f3n y con recursos pr\u00e1cticamente ilimitados a su disposici\u00f3n, no logra sostener su n\u00facleo funcional.<\/p>\n<p>He crecido \u2014como muchos\u2014 usando Windows como herramienta de trabajo, aprendizaje y ocio. He pasado por las luces y sombras de cada versi\u00f3n, desde las \u00e9pocas de gloria de Windows XP hasta los tropiezos de Vista o los aciertos de Windows 10. Pero lo que sucede con Windows 11 no es un tropiezo puntual, sino la confirmaci\u00f3n de una tendencia: un sistema que prioriza lo aparente sobre lo esencial, y que <strong>parece m\u00e1s preocupado por adaptarse a estrategias corporativas que por servir de forma s\u00f3lida a sus usuarios<\/strong>. Quiero pensar que Microsoft corregir\u00e1 el rumbo, pero tambi\u00e9n creo que ha llegado el momento de exigir menos promesas y m\u00e1s sistemas que simplemente funcionen. Porque, al final del d\u00eda, no pedimos tanto: solo que el ordenador haga lo que tiene que hacer.<\/p>\n<p><a href=\"https:\/\/www.neowin.net\/news\/microsoft-finally-admits-almost-all-major-windows-11-core-features-are-broken\/\" target=\"_blank\" rel=\"noopener nofollow\">M\u00e1s informaci\u00f3n<\/a><\/p>\n","protected":false},"excerpt":{"rendered":"Hay momentos en los que el lenguaje t\u00e9cnico resulta insuficiente para explicar ciertas situaciones, y uno se ve&hellip;\n","protected":false},"author":2,"featured_media":261044,"comment_status":"","ping_status":"","sticky":false,"template":"","format":"standard","meta":{"footnotes":""},"categories":[81],"tags":[119,123,124,25,24,10070,117,121,122,6705,23,118,120,40598],"class_list":{"0":"post-261043","1":"post","2":"type-post","3":"status-publish","4":"format-standard","5":"has-post-thumbnail","7":"category-ciencia-y-tecnologia","8":"tag-ciencia","9":"tag-ciencia-y-tecnologia","10":"tag-cienciaytecnologia","11":"tag-es","12":"tag-espana","13":"tag-microsoft","14":"tag-science","15":"tag-science-and-technology","16":"tag-scienceandtechnology","17":"tag-sistemas-operativos","18":"tag-spain","19":"tag-technology","20":"tag-tecnologia","21":"tag-windows-11"},"share_on_mastodon":{"url":"https:\/\/pubeurope.com\/@es\/115629561747285305","error":""},"_links":{"self":[{"href":"https:\/\/www.europesays.com\/es\/wp-json\/wp\/v2\/posts\/261043","targetHints":{"allow":["GET"]}}],"collection":[{"href":"https:\/\/www.europesays.com\/es\/wp-json\/wp\/v2\/posts"}],"about":[{"href":"https:\/\/www.europesays.com\/es\/wp-json\/wp\/v2\/types\/post"}],"author":[{"embeddable":true,"href":"https:\/\/www.europesays.com\/es\/wp-json\/wp\/v2\/users\/2"}],"replies":[{"embeddable":true,"href":"https:\/\/www.europesays.com\/es\/wp-json\/wp\/v2\/comments?post=261043"}],"version-history":[{"count":0,"href":"https:\/\/www.europesays.com\/es\/wp-json\/wp\/v2\/posts\/261043\/revisions"}],"wp:featuredmedia":[{"embeddable":true,"href":"https:\/\/www.europesays.com\/es\/wp-json\/wp\/v2\/media\/261044"}],"wp:attachment":[{"href":"https:\/\/www.europesays.com\/es\/wp-json\/wp\/v2\/media?parent=261043"}],"wp:term":[{"taxonomy":"category","embeddable":true,"href":"https:\/\/www.europesays.com\/es\/wp-json\/wp\/v2\/categories?post=261043"},{"taxonomy":"post_tag","embeddable":true,"href":"https:\/\/www.europesays.com\/es\/wp-json\/wp\/v2\/tags?post=261043"}],"curies":[{"name":"wp","href":"https:\/\/api.w.org\/{rel}","templated":true}]}}