{"id":261057,"date":"2025-11-28T22:09:13","date_gmt":"2025-11-28T22:09:13","guid":{"rendered":"https:\/\/www.europesays.com\/es\/261057\/"},"modified":"2025-11-28T22:09:13","modified_gmt":"2025-11-28T22:09:13","slug":"asi-es-el-emlak-konut-sk-el-peligroso-rival-del-perfumerias-avenida-en-los-playoffs-de-la-eurocup","status":"publish","type":"post","link":"https:\/\/www.europesays.com\/es\/261057\/","title":{"rendered":"As\u00ed es el Emlak Konut SK, el peligroso rival del Perfumer\u00edas Avenida en los playoffs de la Eurocup"},"content":{"rendered":"<p><a class=\"v-mdl-ath__fig-a\" href=\"https:\/\/www.lagacetadesalamanca.es\/autor\/alex-g-santana-6000.html\" title=\"Alex G. Santana\" rel=\"nofollow noopener\" target=\"_blank\"><br \/>\n<img decoding=\"async\" class=\"v-mdl-ath__img\" src=\"https:\/\/www.europesays.com\/es\/wp-content\/uploads\/2025\/09\/autor-6000-foto-1.png\" alt=\"Alex G. Santana\"\/><br \/>\n<\/a><\/p>\n<p class=\"v-mdl-ath__p v-mdl-ath__p--6\">\nViernes, 28 de noviembre 2025, 17:06<\/p>\n<p>| Actualizado 17:24h.<\/p>\n<p class=\"v-p\">La decisi\u00f3n de <strong>FIBA<\/strong> respecto al<a href=\"https:\/\/www.lagacetadesalamanca.es\/deportes\/baloncesto-local\/perfumeriasavenida\/apagon-italia-impide-termine-ultima-jornada-eurocup-20251127224601-nt.html\" target=\"_blank\" data-voc-vtm-id=\"in-text-traffic\" title=\" partido suspendido entre el Dinamo Sassari y el KP Brno\" data-mrf-link=\"www.lagacetadesalamanca.es\" rel=\"nofollow noopener\"> partido suspendido entre el Dinamo Sassari y el KP Brno<\/a> ha perjudicado, a priori, al <strong>Perfumer\u00edas Avenida<\/strong> de cara a la primera eliminatoria de los playoffs de la Eurocup, en la que <a href=\"https:\/\/www.lagacetadesalamanca.es\/deportes\/baloncesto-local\/perfumeriasavenida\/avenida-enfrentara-emlak-konut-primera-eliminatoria-eurocup-20251128120040-nt.html\" target=\"_blank\" data-voc-vtm-id=\"in-text-traffic\" title=\"se ver\u00e1 las caras con el Emlak Konut turco\" data-mrf-link=\"www.lagacetadesalamanca.es\" rel=\"nofollow noopener\">se ver\u00e1 las caras con el Emlak Konut turco<\/a>, en lugar de los dos posibles oponentes que podr\u00edan haberle tocado si no hubiera habido incidencias.<\/p>\n<p class=\"v-p\">El <strong>Emlak Konut<\/strong> lleva poco tiempo en la Superliga turca, la m\u00e1xima categor\u00eda, pero ya se ha convertido en un club destacado gracias a su potencial econ\u00f3mico, puesto que pertenece a una inmobiliaria importante. Juega sus partidos en el Basaksehir Genclik ve Spor Tesisleri,<strong> en la parte europea de Estambul<\/strong>.<\/p>\n<p class=\"v-p\">En la temporada 2021\/22 se proclam\u00f3 campe\u00f3n de la segunda divisi\u00f3n y en la pasada campa\u00f1a fue subcampe\u00f3n de copa, perdiendo en la final contra el CBK Mersin.<\/p>\n<p class=\"v-p\">Se ha clasificado para los playoffs de la Eurocup como segundo clasificado del Grupo E, con un balance de 4 victorias y 2 derrotas. Perdi\u00f3 sus dos partidos contra el l\u00edder, el Estrella Roja, y gan\u00f3 el doble enfrentamiento ante el Saarlouis Royals y el TTT Riga.<\/p>\n<p class=\"v-p\">En la Superliga turca, despu\u00e9s de seis jornadas, lleva cinco victorias consecutivas tras haber perdido solamente en la primera contra el Fenerbahce, al que sigue en la clasificaci\u00f3n.<\/p>\n<p class=\"v-p\">Su entrenador, Murat Alkas, maneja normalmente en la Eurocup<strong> una rotaci\u00f3n ocho jugadoras<\/strong> con un quinteto ideal muy definido, formado por Jessica Thomas, Petra Holesinska, Antonia Delaere, Victoria Macaulay y Astou Ndour, con Berfin Sertoglu como sexta jugadora.<\/p>\n<p class=\"v-p\">La experfumera <strong>Astou Ndour<\/strong> est\u00e1 siendo la tercera jugadora m\u00e1s valorada de la competici\u00f3n (justo por detr\u00e1s de <strong>Khadijiah Cave<\/strong>) con una valoraci\u00f3n de 23,5 puntos por partido. Otras dos veteranas como <strong>Victoria Macaulay y Jessica Thomas<\/strong>, norteamericanas con pasaporte de Nigeria y Costa de Margil respectivamente, son sus dos jugadoras m\u00e1s destacadas.<\/p>\n<p class=\"v-p\">Adem\u00e1s de Ndour (48 encuentros en el equipo salmantino), la presencia en sus filas de otra exjugadora del Perfumer\u00eda, <strong>Antonia Delaere<\/strong> (82 partidos), y de<strong> Petra Holesinka<\/strong>, que conoce tambi\u00e9n perfectamente la Liga Femenina, hace que no se vayan a sorprender de lo que se puedan encontrar en el partido de vuelta en el W\u00fcrzburg Silvia Dom\u00ednguez.<\/p>\n<p>Reporta un error<\/p>\n","protected":false},"excerpt":{"rendered":"Viernes, 28 de noviembre 2025, 17:06 | Actualizado 17:24h. La decisi\u00f3n de FIBA respecto al partido suspendido entre&hellip;\n","protected":false},"author":2,"featured_media":261058,"comment_status":"","ping_status":"","sticky":false,"template":"","format":"standard","meta":{"footnotes":""},"categories":[269],"tags":[14092,299,298,168,65185,25,24,832,65186,3379,14091,27956,6260,23,167],"class_list":{"0":"post-261057","1":"post","2":"type-post","3":"status-publish","4":"format-standard","5":"has-post-thumbnail","7":"category-baloncesto","8":"tag-avenida","9":"tag-baloncesto","10":"tag-basketball","11":"tag-deportes","12":"tag-emlak","13":"tag-es","14":"tag-espana","15":"tag-eurocup","16":"tag-konut","17":"tag-peligroso","18":"tag-perfumerias","19":"tag-playoffs","20":"tag-rival","21":"tag-spain","22":"tag-sports"},"share_on_mastodon":{"url":"https:\/\/pubeurope.com\/@es\/115629613178302670","error":""},"_links":{"self":[{"href":"https:\/\/www.europesays.com\/es\/wp-json\/wp\/v2\/posts\/261057","targetHints":{"allow":["GET"]}}],"collection":[{"href":"https:\/\/www.europesays.com\/es\/wp-json\/wp\/v2\/posts"}],"about":[{"href":"https:\/\/www.europesays.com\/es\/wp-json\/wp\/v2\/types\/post"}],"author":[{"embeddable":true,"href":"https:\/\/www.europesays.com\/es\/wp-json\/wp\/v2\/users\/2"}],"replies":[{"embeddable":true,"href":"https:\/\/www.europesays.com\/es\/wp-json\/wp\/v2\/comments?post=261057"}],"version-history":[{"count":0,"href":"https:\/\/www.europesays.com\/es\/wp-json\/wp\/v2\/posts\/261057\/revisions"}],"wp:featuredmedia":[{"embeddable":true,"href":"https:\/\/www.europesays.com\/es\/wp-json\/wp\/v2\/media\/261058"}],"wp:attachment":[{"href":"https:\/\/www.europesays.com\/es\/wp-json\/wp\/v2\/media?parent=261057"}],"wp:term":[{"taxonomy":"category","embeddable":true,"href":"https:\/\/www.europesays.com\/es\/wp-json\/wp\/v2\/categories?post=261057"},{"taxonomy":"post_tag","embeddable":true,"href":"https:\/\/www.europesays.com\/es\/wp-json\/wp\/v2\/tags?post=261057"}],"curies":[{"name":"wp","href":"https:\/\/api.w.org\/{rel}","templated":true}]}}