{"id":261059,"date":"2025-11-28T22:10:19","date_gmt":"2025-11-28T22:10:19","guid":{"rendered":"https:\/\/www.europesays.com\/es\/261059\/"},"modified":"2025-11-28T22:10:19","modified_gmt":"2025-11-28T22:10:19","slug":"asi-esta-el-futuro-de-nemanja-gudelj-las-ofertas-para-salir-en-enero-sus-intenciones-y-las-del-club-nervionense","status":"publish","type":"post","link":"https:\/\/www.europesays.com\/es\/261059\/","title":{"rendered":"As\u00ed est\u00e1 el futuro de Nemanja Gudelj: las ofertas para salir en enero, sus intenciones y las del club nervionense"},"content":{"rendered":"<p>Ha perdido el puesto tanto en el centro de la defensa como en el de la medular y espera noticias con su profesionalidad y su compromiso acostumbrados<\/p>\n<p class=\"parrafo\"><a href=\"https:\/\/www.estadiodeportivo.com\/futbol\/sevilla-fc\/gudelj-nyland-dos-suplentes-del-sevilla-que-buscan-minutos-sus-paises-20251105-519126.html\" target=\"_blank\" class=\"intext-link\" rel=\"nofollow noopener\">Suplente las tres \u00faltimas jornadas<\/a>, <strong>Nemanja Gudelj<\/strong> s\u00f3lo parti\u00f3 de inicio en <strong>San Sebasti\u00e1n<\/strong> ante la <strong>Real Sociedad<\/strong> de las siete entregas m\u00e1s recientes del campeonato liguero, qued\u00e1ndose, incluso, en el banquillo sin minutos contra <strong>Rayo Vallecano<\/strong> y <strong>RCD Mallorca<\/strong>. Se puede decir que, moment\u00e1neamente al menos, el capit\u00e1n del <strong>Sevilla FC<\/strong> ha perdido el sitio con <strong>Mat\u00edas Almeyda<\/strong>, una realidad que alimenta los rumores acerca de su hipot\u00e9tica marcha a mitad del que es su \u00faltimo a\u00f1o de contrato en <strong>Nervi\u00f3n<\/strong>. Una opci\u00f3n que indiscutiblemente est\u00e1 sobre la mesa de ambas partes, no as\u00ed una posible renovaci\u00f3n a la baja que ni ha llegado ni se le espera, aunque lo cierto es que no se ha avanzado ni por asomo en el primer supuesto.<\/p>\n<p class=\"parrafo\">Con <strong>34 a\u00f1os<\/strong> reci\u00e9n cumplidos, el balc\u00e1nico no har\u00e1 nada, claro est\u00e1, sin contar con la entidad a la que lleva <strong>siete temporadas<\/strong> vinculado y cuyos colores considera suyos, aclaran a ESTADIO Deportivo sus asesores directos, que admiten la ausencia de contactos concretos con alg\u00fan equipo a fecha de hoy. El problema para sus pretendientes es su sueldo, que ronda los <strong>2,5 millones de euros netos<\/strong>, incluyendo bonus y primas. Con &#8216;overbooking&#8217; en su demarcaci\u00f3n, a los blanquirrojos nos les vendr\u00eda del todo mal liberal un pedazo rese\u00f1able de su masa salarial, si bien debe poner en el otro lado de la balanza que perder\u00eda a un &#8216;peso pesado&#8217; del vestuario y uno de los pocos supervivientes de los buenos tiempos del <strong>Sevilla FC<\/strong>.<\/p>\n<p>Sin noticias del G\u00e9nova, que no puede alcanzar su cach\u00e9<\/p>\n<p class=\"parrafo\">Aunque el experto en fichajes Matteo Moretto encartaba al de <strong>Belgrado<\/strong> para el <strong>G\u00e9nova<\/strong>, desde el entorno del pivote desment\u00edan esta semana a este peri\u00f3dico cualquier movimiento &#8216;rossobl\u00fa&#8217;, a\u00f1adiendo que, a d\u00eda de hoy, &#8216;Il Griffone&#8217; no est\u00e1 en condiciones de asumir un cach\u00e9 como el del internacional serbio criado en los <strong>Pa\u00edses Bajos<\/strong>. Con mucho cartel, por ejemplo, en <strong>Arabia Saud\u00ed<\/strong>, <a href=\"https:\/\/www.estadiodeportivo.com\/futbol\/sevilla-fc\/por-gudelj-desde-arabia-saudi-20250625-501290.html\" target=\"_blank\" class=\"intext-link\" rel=\"nofollow noopener\">no prosperaron el pasado verano los intentos por parte del Al-Ettifaq<\/a>, como los postreros del <strong>Ajax<\/strong>, aunque se espera alg\u00fan movimiento en enero.<\/p>\n<p><a class=\"elementos-rel-t2\" href=\"https:\/\/www.estadiodeportivo.com\/futbol\/sevilla-fc\/gudelj-principal-protagonista-sesion-nuevo-escenario-20251127-521754.html\" title=\"Gudelj, el principal protagonista de la sesi\u00f3n en un &quot;nuevo&quot; escenario\" rel=\"nofollow noopener\" target=\"_blank\"><\/p>\n<p class=\"titular titulo-4\">Gudelj, el principal protagonista de la sesi\u00f3n en un \u00abnuevo\u00bb escenario<\/p>\n<p><img decoding=\"async\" src=\"https:\/\/www.europesays.com\/es\/wp-content\/uploads\/2025\/11\/6bdf2b64-18b7-41e3-b3e3-75f9b954dc27_320x180.jpeg\" alt=\"Gudelj, el principal protagonista de la sesi\u00f3n en un &quot;nuevo&quot; escenario\"\/><\/a><a class=\"elementos-rel-t2\" href=\"https:\/\/www.estadiodeportivo.com\/futbol\/sevilla-fc\/gudelj-aumenta-las-preocupaciones-medicas-sevilla-pese-esfuerzo-azpilicueta-por-atenuar-problemas-20251126-521610.html\" title=\"Gudelj aumenta las preocupaciones m\u00e9dicas en el Sevilla, pese al esfuerzo de Azpilicueta por atenuar problemas\" rel=\"nofollow noopener\" target=\"_blank\"><\/p>\n<p class=\"titular titulo-4\">Gudelj aumenta las preocupaciones m\u00e9dicas en el Sevilla, pese al esfuerzo de Azpilicueta por atenuar problemas<\/p>\n<p><img decoding=\"async\" src=\"https:\/\/www.europesays.com\/es\/wp-content\/uploads\/2025\/11\/a3d24a72-10fb-467e-9400-8824aec223df_320x180.jpeg\" alt=\"Gudelj aumenta las preocupaciones m\u00e9dicas en el Sevilla, pese al esfuerzo de Azpilicueta por atenuar problemas\"\/><\/a><a class=\"elementos-rel-t2\" href=\"https:\/\/www.estadiodeportivo.com\/futbol\/sevilla-fc\/gudelj-queda-20250824-509021.html\" title=\"Gudelj se queda\" rel=\"nofollow noopener\" target=\"_blank\"><\/p>\n<p class=\"titular titulo-4\">Gudelj se queda<\/p>\n<p><img decoding=\"async\" src=\"https:\/\/www.europesays.com\/es\/wp-content\/uploads\/2025\/11\/e1e19f67-9858-4efe-8291-eb515133dd8b_320x180.jpeg\" alt=\"Gudelj se queda\"\/><\/a>El Sevilla FC dar\u00e1 facilidades a su capit\u00e1n en caso de que \u00e9ste pida salir<\/p>\n<p class=\"parrafo\">Como no se ha planteado, tampoco hay una versi\u00f3n oficial, pero <strong>Nemanja Gudelj<\/strong> sospecha que, de encontrar un club que le atraiga econ\u00f3micamente y le permita prolongar su carrera m\u00e1s all\u00e1 del <strong>30 de junio de 2026<\/strong>, el <strong>Sevilla FC<\/strong> no pondr\u00e1 trabas, exigiendo por su pase una compensaci\u00f3n econ\u00f3mica, sino que se conformar\u00eda con ahorrarse la mitad restante de su ficha.<\/p>\n<p><img decoding=\"async\" src=\"https:\/\/www.europesays.com\/es\/wp-content\/uploads\/2025\/11\/75abb611-942d-4e04-8a7d-fb08938c3f89_800x1000.jpeg\" loading=\"lazy\"\/><\/p>\n","protected":false},"excerpt":{"rendered":"Ha perdido el puesto tanto en el centro de la defensa como en el de la medular y&hellip;\n","protected":false},"author":2,"featured_media":261060,"comment_status":"","ping_status":"","sticky":false,"template":"","format":"standard","meta":{"footnotes":""},"categories":[268],"tags":[168,25,24,284,285,280,282,63487,2993,281,23,167],"class_list":{"0":"post-261059","1":"post","2":"type-post","3":"status-publish","4":"format-standard","5":"has-post-thumbnail","7":"category-futbol","8":"tag-deportes","9":"tag-es","10":"tag-espana","11":"tag-estadio-deportivo","12":"tag-fichajes","13":"tag-football","14":"tag-futbol","15":"tag-gudelj","16":"tag-sevilla-futbol-club","17":"tag-soccer","18":"tag-spain","19":"tag-sports"},"share_on_mastodon":{"url":"https:\/\/pubeurope.com\/@es\/115629617975564185","error":""},"_links":{"self":[{"href":"https:\/\/www.europesays.com\/es\/wp-json\/wp\/v2\/posts\/261059","targetHints":{"allow":["GET"]}}],"collection":[{"href":"https:\/\/www.europesays.com\/es\/wp-json\/wp\/v2\/posts"}],"about":[{"href":"https:\/\/www.europesays.com\/es\/wp-json\/wp\/v2\/types\/post"}],"author":[{"embeddable":true,"href":"https:\/\/www.europesays.com\/es\/wp-json\/wp\/v2\/users\/2"}],"replies":[{"embeddable":true,"href":"https:\/\/www.europesays.com\/es\/wp-json\/wp\/v2\/comments?post=261059"}],"version-history":[{"count":0,"href":"https:\/\/www.europesays.com\/es\/wp-json\/wp\/v2\/posts\/261059\/revisions"}],"wp:featuredmedia":[{"embeddable":true,"href":"https:\/\/www.europesays.com\/es\/wp-json\/wp\/v2\/media\/261060"}],"wp:attachment":[{"href":"https:\/\/www.europesays.com\/es\/wp-json\/wp\/v2\/media?parent=261059"}],"wp:term":[{"taxonomy":"category","embeddable":true,"href":"https:\/\/www.europesays.com\/es\/wp-json\/wp\/v2\/categories?post=261059"},{"taxonomy":"post_tag","embeddable":true,"href":"https:\/\/www.europesays.com\/es\/wp-json\/wp\/v2\/tags?post=261059"}],"curies":[{"name":"wp","href":"https:\/\/api.w.org\/{rel}","templated":true}]}}