{"id":261063,"date":"2025-11-28T22:12:30","date_gmt":"2025-11-28T22:12:30","guid":{"rendered":"https:\/\/www.europesays.com\/es\/261063\/"},"modified":"2025-11-28T22:12:30","modified_gmt":"2025-11-28T22:12:30","slug":"santiago-serrano-el-artista-argentino-que-convierte-el-mar-en-emocion-y-color","status":"publish","type":"post","link":"https:\/\/www.europesays.com\/es\/261063\/","title":{"rendered":"Santiago Serrano: el artista argentino que convierte el mar en emoci\u00f3n y color"},"content":{"rendered":"<p><img alt=\"\u201cBelleza sin Velos - tributo\" class=\"global-image\" decoding=\"async\" fetchpriority=\"high\" height=\"1080\" loading=\"eager\" src=\"https:\/\/www.europesays.com\/es\/wp-content\/uploads\/2025\/11\/PZQX4JRCDNFZZGAHAVY42DQ7Y4.jpg\" width=\"1920\"\/>\u201cBelleza sin Velos &#8211; tributo a Portofino\u201d, fue la primera obra vendida en esta muestra en Buenos Aires <\/p>\n<p class=\"paragraph\">\u201cEl mar es una cosa inacabable, siempre ten\u00e9s amaneceres, atardeceres, siempre es distinto\u201d, afirm\u00f3 <b>Santiago Serrano<\/b>, quien present\u00f3 hasta hoy su muestra de pinturas en el <b>Palacio Balcarce de Buenos Aires<\/b>. \u201cLo m\u00edo son las marinas, as\u00ed que <b>present\u00e9 ocho obras alusivas a la tem\u00e1tica de marina, que siempre me fascin\u00f3<\/b>\u201d, coment\u00f3 el artista en di\u00e1logo con <b>Infobae,<\/b> con el entusiasmo de quien encontr\u00f3 en el agua una fuente inagotable de inspiraci\u00f3n.<\/p>\n<p class=\"paragraph\">En esta exposici\u00f3n, organizada por <b>Eliana Pardini y Susana Araujo<\/b>, <b>Serrano present\u00f3 paisajes desde las costas de Panam\u00e1 hasta las aguas de Italia, pasando por la energ\u00eda del Atl\u00e1ntico argentino. <\/b>\u201cTrabaj\u00e9 sobre esa idea y eso es lo que estoy mostrando. El d\u00eda de la inauguraci\u00f3n recib\u00ed muy lindos comentarios de p\u00fablico que no conoc\u00eda mi historia en el arte\u201d, comparti\u00f3.<\/p>\n<p class=\"paragraph\">\u201cA m\u00ed me gusta pintar con mucha energ\u00eda, r\u00e1pido y con gran carga de pintura, con muy poca agua; para eso,<b> el acr\u00edlico es fant\u00e1stico<\/b>\u201d, resumi\u00f3 Serrano, autodidacta atento a lo que, en sus propias palabras, \u201cemocione y resulte agradable a la vista\u201d.<\/p>\n<p><img alt=\"La obra \u201cCon Alma de\" class=\"global-image\" decoding=\"async\" fetchpriority=\"low\" height=\"941\" loading=\"lazy\" src=\"https:\/\/www.europesays.com\/es\/wp-content\/uploads\/2025\/11\/IQ7X4IGJMBAC5GFRFEABYLJKBI.jpg\" width=\"1920\"\/>La obra \u201cCon Alma de Mar\u00bb es una de las que Serrano expone en Buenos Aires<\/p>\n<p class=\"paragraph\">La exhibici\u00f3n de Serrano en el Palacio Balcarce represent\u00f3 un momento particular en su recorrido. <b>La muestra reuni\u00f3 a artistas de distintas disciplinas para generar un di\u00e1logo entre escultura, fotograf\u00eda, \u00f3leo y acr\u00edlico <\/b>en un \u00e1mbito cargado de historia.<\/p>\n<p class=\"paragraph\">\u201cLas curadoras convocan artistas para exponer. Me contactaron y pude sumarme a esta selecci\u00f3n, donde la muestra permanece abierta al p\u00fablico\u201d, explica Serrano.<\/p>\n<p class=\"paragraph\">El evento tiene un car\u00e1cter abierto que le confiere valor especial: \u201cEs una convocatoria libre y gratuita donde los artistas pueden exponer y convocar a su gente. Hay esculturas, fotograf\u00eda, pinturas&#8230; <b>Yo present\u00e9 ocho marinas, una tem\u00e1tica que siempre me fascin\u00f3<\/b>\u201d.<\/p>\n<p class=\"paragraph\">El Palacio Balcarce, en pleno Recoleta, resulta ideal para sus obras de gran formato: \u201cDura tres d\u00edas. Empez\u00f3 el d\u00eda 26 y hoy es el \u00faltimo\u201d. Serrano subray\u00f3 el entusiasmo del p\u00fablico: \u201cMucha gente que no conoc\u00eda mi recorrido qued\u00f3 muy contenta; recib\u00ed comentarios muy positivos\u201d.<\/p>\n<p class=\"paragraph\">El evento funciona adem\u00e1s como feria: \u201cSe vendi\u00f3 una obra el primer d\u00eda. Hay un aparato de comercializaci\u00f3n detr\u00e1s de la muestra\u201d, celebra el artista.<\/p>\n<p><img alt=\"&quot;Reynamar&quot;, de la serie Intrusos,\" class=\"global-image\" decoding=\"async\" fetchpriority=\"low\" height=\"1421\" loading=\"lazy\" src=\"https:\/\/www.europesays.com\/es\/wp-content\/uploads\/2025\/11\/2ZU6MCF46VEKXMKKU5V4KG5GSM.jpg\" width=\"1920\"\/>\u00abReynamar\u00bb, de la serie Intrusos, es otra de las obras que pueden verse hasta hoy <\/p>\n<p class=\"paragraph\">Para Serrano, <b>el mar es m\u00e1s que un paisaje: es el n\u00facleo de una b\u00fasqueda art\u00edstica que cruza fronteras.<\/b> \u201cTrabajo marinas de Panam\u00e1, de Italia, de Buenos Aires, de Costa del Este, de Pinamar, de Punta del Este. El mar nunca se repite, siempre ofrece algo diferente\u201d, describe.<\/p>\n<p class=\"paragraph\">En la selecci\u00f3n para la muestra, eligi\u00f3 su refugio: \u201cMe propusieron elegir la tem\u00e1tica y, como hace a\u00f1os, opt\u00e9 por las marinas. No hay dos segundos iguales en el mar\u201d. <b>Esa presencia constante del agua lo impulsa a buscar nuevas formas: desde olas hasta los reflejos urbanos<\/b>. Inspirado, tambi\u00e9n ha pintado la Costa Amalfitana y Cinque Terre: \u201cLugares emblem\u00e1ticos, siempre distintos\u201d.<\/p>\n<p class=\"paragraph\">Serrano busca transmitir sensaci\u00f3n: \u201cTe generan alegr\u00eda, buena energ\u00eda. Trato de que, si yo lo siento, tambi\u00e9n pueda compartirlo\u201d.<\/p>\n<p><img alt=\"\u201cGuardiano del Mare - tributo\" class=\"global-image\" decoding=\"async\" fetchpriority=\"low\" height=\"1145\" loading=\"lazy\" src=\"https:\/\/www.europesays.com\/es\/wp-content\/uploads\/2025\/11\/MOF632KFGFCOFF67QHDFYRLKEY.jpg\" width=\"1920\"\/>\u201cGuardiano del Mare &#8211; tributo a La Pelosa, Cerde\u00f1a\u201d, tambi\u00e9n est\u00e1 presente en la selecci\u00f3n que Serrano llev\u00f3 al Palacio Balcarce <\/p>\n<p class=\"paragraph\"><b>Su t\u00e9cnica es fruto de a\u00f1os de exploraci\u00f3n.<\/b> El acr\u00edlico es, seg\u00fan sus palabras, la herramienta que mejor acompa\u00f1a su energ\u00eda: \u201c<b>Prob\u00e9 otras t\u00e9cnicas, pero el acr\u00edlico encaja perfecto con mi personalidad<\/b>. Permite pintar r\u00e1pido, trabajar bien los colores, lograr impactos visuales concretos\u201d. Ahora pinta en grandes formatos, y tambi\u00e9n por practicidad: \u201cTiene muchas ventajas y ciertos riesgos, porque hay que decidirse r\u00e1pido, ya que se seca pronto\u201d.<\/p>\n<p class=\"paragraph\">Distinto al \u00f3leo, el acr\u00edlico est\u00e1 en sinton\u00eda con su forma de abordar el cuadro: \u201cMe gusta pintar con energ\u00eda, mucha carga de pintura y poca agua; para representar olas y transparencias es ideal\u201d.<\/p>\n<p class=\"paragraph\">La elecci\u00f3n del acr\u00edlico fue tambi\u00e9n econ\u00f3mica: \u201cNo es menor para un artista, los insumos tienen otro valor\u201d. En su desarrollo, los recursos t\u00e9cnicos son extensi\u00f3n de la mirada: <b>\u201cEl acr\u00edlico se adapt\u00f3 a mi visi\u00f3n, tanto para cielos como para atardeceres\u201d.<\/b><\/p>\n<p><img alt=\"&quot;Tributo a Vernazza&quot; se sum\u00f3\" class=\"global-image\" decoding=\"async\" fetchpriority=\"low\" height=\"2734\" loading=\"lazy\" src=\"https:\/\/www.europesays.com\/es\/wp-content\/uploads\/2025\/11\/7GQB7WHQUVAIDHUKMDXHO7SB2U.jpg\" width=\"1920\"\/>\u00abTributo a Vernazza\u00bb se sum\u00f3 ayer a la muestra, en reemplazo de la vendida \u201cBelleza sin Velos &#8211; Portofino\u201d <\/p>\n<p class=\"paragraph\">El viaje, entendido como exploraci\u00f3n, define la carrera de Serrano. <b>Sus marinas han encontrado espacio en Europa y Latinoam\u00e9rica, ampliando los horizontes de su obra.<\/b><\/p>\n<p class=\"paragraph\">Este a\u00f1o, la inspiraci\u00f3n lleg\u00f3 desde B\u00e9lgica, donde reside su hija. Gante, sin mares, pero con canales urbanos, inspir\u00f3 un conjunto de obras: \u201cLos canales ofrecen reflejos espectaculares seg\u00fan la luz del d\u00eda. <b>Logr\u00e9 cuatro cuadros urbanos con reflejos de edificios en el agua, que permanecen expuestos all\u00e1<\/b>\u201d, explic\u00f3. Logr\u00f3 exponer en una cafeter\u00eda que programa exhibiciones rotativas de artistas internacionales.<\/p>\n<p class=\"paragraph\"><b>Sus trabajos tambi\u00e9n est\u00e1n presentes en Panam\u00e1, en una galer\u00eda de arte latinoamericano<\/b>: \u201cQuedaron en exposici\u00f3n algunas obras junto a artistas paname\u00f1os, cubanos, colombianos\u201d.<\/p>\n<p class=\"paragraph\">El desaf\u00edo urbano lo estimul\u00f3 a trabajar con otras proporciones y perspectivas, combinando esas vistas con el agua. \u201cPintar ciudades exige estudio de proporciones, perspectiva y profundidad; fue todo un desaf\u00edo\u201d.<\/p>\n<p><img alt=\"Los detalles de la espuma\" class=\"global-image\" decoding=\"async\" fetchpriority=\"low\" height=\"1080\" loading=\"lazy\" src=\"https:\/\/www.europesays.com\/es\/wp-content\/uploads\/2025\/11\/A26OU7QNF5ABXBWZ4XYRGMUVZU.jpeg\" width=\"1920\"\/>Los detalles de la espuma y el movimiento del agua revelan la destreza autodidacta del artista. Aqu\u00ed, en el Palacio Balcarce antes de la inauguraci\u00f3n <\/p>\n<p class=\"paragraph\">El calendario de Serrano suma nuevos compromisos. Proyectos en Buenos Aires, como la convocatoria del C\u00edrculo Italiano, se suman a futuras exposiciones en la Sociedad Militar Seguro de Vida sobre Avenida Callao, donde parte de lo recaudado apoya a la Fundaci\u00f3n Cornell.<\/p>\n<p class=\"paragraph\">El circuito crece en galer\u00edas privadas: \u201cJuan Tomei abri\u00f3 la Galer\u00eda Larreta en San Telmo y me invit\u00f3 a participar de la pr\u00f3xima muestra\u201d. <b>El ritmo es constante: \u201cEs como un camino de hormiga, avanzar paso a paso\u201d.<\/b><\/p>\n<p class=\"paragraph\">Serrano reconoce en este ritmo una l\u00f3gica propia del arte: <b>\u201cEl camino es incierto, pero las propuestas van surgiendo\u201d.<\/b><\/p>\n<p><img alt=\"De visita a su hija,\" class=\"global-image\" decoding=\"async\" fetchpriority=\"low\" height=\"1266\" loading=\"lazy\" src=\"https:\/\/www.europesays.com\/es\/wp-content\/uploads\/2025\/11\/57R5NSA46NGGRE4N56TK4VQX5I.jpg\" width=\"1920\"\/>De visita a su hija, en B\u00e9lgica, Serrano incursion\u00f3 en las obras urbanas, pero el agua siempre est\u00e1 presente <\/p>\n<p class=\"paragraph\"><b>La trayectoria de Serrano est\u00e1 marcada por la intuici\u00f3n y la pasi\u00f3n sostenida en el tiempo. <\/b>Aunque asisti\u00f3 brevemente al atelier de Mendez Carrero, el mayor aprendizaje fue autodidacta: \u201cRecib\u00ed algunas clases, pero casi todo lo aprend\u00ed trabajando solo\u201d.<\/p>\n<p class=\"paragraph\"><b>Tras una vida profesional fuera del arte, la pandemia funcion\u00f3 como catalizador<\/b>: \u201cDurante el encierro recuper\u00e9 el entusiasmo por la pintura y arm\u00e9 mi espacio en casa; fue el momento de retomar\u201d. Desde entonces, su presencia en muestras creci\u00f3 notablemente.<\/p>\n<p class=\"paragraph\"><b>Con obras en Buenos Aires, Panam\u00e1 y B\u00e9lgica, reconoce que su recorrido formal empez\u00f3 hace poco, aunque pinta desde los veinte a\u00f1os.<\/b> \u201cEl arte es un camino gratificante\u201d.<\/p>\n<p><img alt=\"\u201cDeseo de Mar 1\u201d, otra\" class=\"global-image\" decoding=\"async\" fetchpriority=\"low\" height=\"966\" loading=\"lazy\" src=\"https:\/\/www.europesays.com\/es\/wp-content\/uploads\/2025\/11\/46ZXC7I6ONFVPKBAOCM6L57PFQ.jpg\" width=\"1920\"\/>\u201cDeseo de Mar 1\u201d, otra de las obras que Serrano expone en el barrio de Recoleta <\/p>\n<p class=\"paragraph\">Serrano practica un realismo figurativo cercano al impresionismo: <b>\u201cMe identifico m\u00e1s con la mirada impresionista, donde el todo importa m\u00e1s que el detalle\u201d<\/b>. Sus referentes van de Renoir y Van Gogh a Volevog, y<b> se mantiene al margen del arte abstracto<\/b>, aunque el contacto con otros lenguajes ampli\u00f3 su horizonte: \u201cEvaluar obras abstractas me abri\u00f3 la mente; fue otro aprendizaje\u201d.<\/p>\n<p class=\"paragraph\"><b>Para \u00e9l, el aprendizaje es parte del recorrido: \u201cTodo es aprendizaje\u201d. <\/b>De mar en mar y de reto en reto, entiende que el arte, como el oc\u00e9ano, nunca se conoce por completo.<\/p>\n<p class=\"paragraph\">Hoy, su deseo es compartir esa energ\u00eda con el p\u00fablico: \u201cHoy es el \u00faltimo d\u00eda de la muestra. Hay cinco obras nuevas respecto de las que expuse anteriormente ac\u00e1 en Buenos Aires. Invito a quienes quieran acercarse\u201d, cerr\u00f3 el artista que afirma su compromiso con la emoci\u00f3n art\u00edstica y <b>se consolida como un puente entre contemplaci\u00f3n y vitalidad del mar, all\u00e1 donde el arte y el agua se encuentran.<\/b><\/p>\n","protected":false},"excerpt":{"rendered":"\u201cBelleza sin Velos &#8211; tributo a Portofino\u201d, fue la primera obra vendida en esta muestra en Buenos Aires&hellip;\n","protected":false},"author":2,"featured_media":261064,"comment_status":"","ping_status":"","sticky":false,"template":"","format":"standard","meta":{"footnotes":""},"categories":[173],"tags":[229,233,231,230,232,234,146,147,25,24,23],"class_list":{"0":"post-261063","1":"post","2":"type-post","3":"status-publish","4":"format-standard","5":"has-post-thumbnail","7":"category-arte-y-diseno","8":"tag-arte","9":"tag-arte-y-diseno","10":"tag-arts","11":"tag-arts-and-design","12":"tag-design","13":"tag-diseno","14":"tag-entertainment","15":"tag-entretenimiento","16":"tag-es","17":"tag-espana","18":"tag-spain"},"share_on_mastodon":{"url":"https:\/\/pubeurope.com\/@es\/115629625238944664","error":""},"_links":{"self":[{"href":"https:\/\/www.europesays.com\/es\/wp-json\/wp\/v2\/posts\/261063","targetHints":{"allow":["GET"]}}],"collection":[{"href":"https:\/\/www.europesays.com\/es\/wp-json\/wp\/v2\/posts"}],"about":[{"href":"https:\/\/www.europesays.com\/es\/wp-json\/wp\/v2\/types\/post"}],"author":[{"embeddable":true,"href":"https:\/\/www.europesays.com\/es\/wp-json\/wp\/v2\/users\/2"}],"replies":[{"embeddable":true,"href":"https:\/\/www.europesays.com\/es\/wp-json\/wp\/v2\/comments?post=261063"}],"version-history":[{"count":0,"href":"https:\/\/www.europesays.com\/es\/wp-json\/wp\/v2\/posts\/261063\/revisions"}],"wp:featuredmedia":[{"embeddable":true,"href":"https:\/\/www.europesays.com\/es\/wp-json\/wp\/v2\/media\/261064"}],"wp:attachment":[{"href":"https:\/\/www.europesays.com\/es\/wp-json\/wp\/v2\/media?parent=261063"}],"wp:term":[{"taxonomy":"category","embeddable":true,"href":"https:\/\/www.europesays.com\/es\/wp-json\/wp\/v2\/categories?post=261063"},{"taxonomy":"post_tag","embeddable":true,"href":"https:\/\/www.europesays.com\/es\/wp-json\/wp\/v2\/tags?post=261063"}],"curies":[{"name":"wp","href":"https:\/\/api.w.org\/{rel}","templated":true}]}}