{"id":261083,"date":"2025-11-28T22:31:16","date_gmt":"2025-11-28T22:31:16","guid":{"rendered":"https:\/\/www.europesays.com\/es\/261083\/"},"modified":"2025-11-28T22:31:16","modified_gmt":"2025-11-28T22:31:16","slug":"correr-en-pretemporada-como-ciclista-realmente-aporta-beneficios","status":"publish","type":"post","link":"https:\/\/www.europesays.com\/es\/261083\/","title":{"rendered":"Correr en pretemporada como ciclista: \u00bfrealmente aporta beneficios?"},"content":{"rendered":"<p>Correr en pretemporada puede aportar variedad, mejorar la salud \u00f3sea y mantener la forma cuando hay poco tiempo, siempre con una progresi\u00f3n cuidadosa para evitar lesiones.<\/p>\n<blockquote class=\"quote-card lateral\">\n<p>El running aporta est\u00edmulos que la bici no ofrece<\/p>\n<\/blockquote>\n<p>La pretemporada es el momento perfecto para introducir est\u00edmulos nuevos sin la presi\u00f3n de competir. Entre los ciclistas, especialmente en MTB, cada vez es m\u00e1s habitual ver c\u00f3mo muchos aprovechan estos meses para correr a pie. No se trata solo de un ejercicio alternativo, sino de una forma distinta de mantenerse en forma, desconectar de la bici y trabajar capacidades que el pedaleo no desarrolla. Incluso estrellas como Mathieu van der Poel <a href=\"https:\/\/www.strava.com\/activities\/16443479344\" target=\"_blank\" rel=\"noopener nofollow\">comparten sus sesiones de running en Strava<\/a> (corriendo 10km a 3:22), aunque en su caso puede \u00abcontarse\u00bb como parte de la preparaci\u00f3n espec\u00edfica para el ciclocross.<\/p>\n<p>\t Contin\u00faa tras los patrocinadores<\/p>\n<p>Por qu\u00e9 muchos ciclistas corren en invierno<\/p>\n<blockquote class=\"quote-card lateral\">\n<p>La carrera mejora la densidad \u00f3sea, un punto d\u00e9bil habitual en ciclistas<\/p>\n<\/blockquote>\n<p>En invierno los d\u00edas son m\u00e1s cortos y las condiciones a menudo invitan a sesiones r\u00e1pidas. Ah\u00ed el running ofrece una ventaja evidente: con pocas minutos puedes conseguir un entrenamiento eficaz, algo que en ciclismo es mucho m\u00e1s complicado. A nivel mental tambi\u00e9n supone un respiro, ya que salir a correr exige menos preparaci\u00f3n log\u00edstica y puede servir como desconexi\u00f3n de la rutina ciclista.<\/p>\n<p>Adem\u00e1s, el impacto del running tiene un efecto sobre la salud \u00f3sea que la bici no proporciona. El ciclismo es un deporte sin carga, y eso implica que muchos ciclistas tengan una densidad \u00f3sea m\u00e1s baja de lo deseable. Correr ayuda a equilibrar ese punto d\u00e9bil.<\/p>\n<p><a href=\"https:\/\/esmtb.com\/wp-content\/uploads\/2025\/11\/askjjdja.jpg\" rel=\"nofollow noopener\" target=\"_blank\"><img fetchpriority=\"high\" decoding=\"async\" class=\"size-large wp-image-158149 \" src=\"https:\/\/www.europesays.com\/es\/wp-content\/uploads\/2025\/11\/askjjdja-1024x970.jpg\" alt=\"\" width=\"1024\" height=\"970\"  \/><\/a><\/p>\n<p class=\"wp-caption-text\">Mathieu van der Poel<\/p>\n<p>Ventajas para un ciclista de MTB<\/p>\n<blockquote class=\"quote-card lateral\">\n<p>La progresi\u00f3n es clave para evitar lesiones al empezar a correr<\/p>\n<\/blockquote>\n<p>Para un biker, correr puede ser especialmente interesante. El MTB exige ser un deportista completo y el running activa musculatura que en la bici apenas trabaja, adem\u00e1s de mejorar la estabilidad y la fuerza funcional. Tambi\u00e9n puede darte un plus en ciertos escenarios: tramos donde toca empujar la bici, caminar en zonas t\u00e9cnicas en carreras por etapas o simplemente soportar mejor esfuerzos breves y explosivos fuera del pedaleo.<\/p>\n<p>Adaptaci\u00f3n necesaria para evitar lesiones<\/p>\n<p>Correr no es pedalear. El cuerpo recibe impactos repetidos y se activan grupos musculares que un ciclista no tiene acostumbrados a ese tipo de carga. Por eso, si eres aficionado y quieres probarlo, es imprescindible hacerlo con una progresi\u00f3n muy cuidadosa. La adaptaci\u00f3n muscular y tendinosa lleva tiempo.<\/p>\n<p><a href=\"https:\/\/esmtb.com\/wp-content\/uploads\/2024\/01\/mvdp111.jpg\" rel=\"nofollow noopener\" target=\"_blank\"><img loading=\"lazy\" decoding=\"async\" class=\"size-large wp-image-133226 \" src=\"https:\/\/www.europesays.com\/es\/wp-content\/uploads\/2025\/11\/mvdp111-1024x683.jpg\" alt=\"\" width=\"1024\" height=\"683\"  \/><\/a><\/p>\n<p class=\"wp-caption-text\">Mathieu van der Poel<\/p>\n<p>Beneficios mentales y de variedad en la preparaci\u00f3n<\/p>\n<blockquote class=\"quote-card lateral\">\n<p>F\u00e1cil de practicar y efectivo con poco tiempo<\/p>\n<\/blockquote>\n<p>El running tambi\u00e9n aporta un refuerzo mental muy interesante para cualquier ciclista. Afrontar una carrera a pie, incluso a ritmos suaves, exige una capacidad de resistencia mental que despu\u00e9s puede trasladarse a eventos de larga distancia en bici. Cambiar de disciplina act\u00faa como un respiro psicol\u00f3gico y ayuda a evitar la fatiga mental que puede aparecer tras muchos meses centrado solo en pedalear. Adem\u00e1s, es una actividad extremadamente pr\u00e1ctica: puedes correr en cualquier lugar, sin depender del estado de las carreteras o de tener la bici a mano, algo especialmente \u00fatil en viajes o d\u00edas de mal tiempo.<\/p>\n<p><a href=\"https:\/\/esmtb.com\/wp-content\/uploads\/2025\/02\/foas1.jpg\" rel=\"nofollow noopener\" target=\"_blank\"><img loading=\"lazy\" decoding=\"async\" class=\"size-large wp-image-148025 \" src=\"https:\/\/www.europesays.com\/es\/wp-content\/uploads\/2025\/11\/foas1-1024x684.jpg\" alt=\"\" width=\"1024\" height=\"684\"  \/><\/a><\/p>\n<p class=\"wp-caption-text\">Jolanda Neff<\/p>\n<p>C\u00f3mo integrar el running en la pretemporada<\/p>\n<blockquote class=\"quote-card lateral\">\n<p>La fuerza es el complemento m\u00e1s eficaz para ciclistas que corren<\/p>\n<\/blockquote>\n<p><strong>Empezar muy poco a poco<\/strong><br \/>Lo ideal es comenzar con sesiones cortas combinadas con caminar e ir subiendo poco a poco tiempo e intensidad.<\/p>\n<p><strong>Priorizar intensidades bajas<\/strong><br \/>Una vez tengas cierta base, las sesiones deben ser suaves y constantes, sin intervalos agresivos. El objetivo es mantener la forma, no buscar ritmos altos.<\/p>\n<p><strong>Escuchar al cuerpo<\/strong><br \/>Dolores en tibias, rodillas o zona lumbar son se\u00f1ales claras para frenar y ajustar el volumen o la t\u00e9cnica.<\/p>\n<p><strong>Combinar con otras actividades<\/strong><br \/>La pretemporada es un buen momento para sumar senderismo, nataci\u00f3n o actividades de fuerza que complementen la bici.<\/p>\n<p><strong>A\u00f1adir trabajo de fuerza<\/strong><br \/>Ejercicios centrados en piernas y core ayudan a transferir beneficios al pedaleo y a proteger articulaciones y tendones.<\/p>\n<p>\u00bfMerece la pena correr en pretemporada?<\/p>\n<blockquote class=\"quote-card lateral\">\n<p>Un buen complemento si lo usamos con cabeza<\/p>\n<\/blockquote>\n<p>S\u00ed, siempre que se haga con criterio. El running te mantiene en forma, te da variedad, mejora tu salud \u00f3sea, reduce el riesgo de lesiones por sobreuso en la bici y aporta beneficios globales que se notan cuando vuelves a entrenar sobre dos ruedas. Y para los ciclistas de MTB, que necesitan un f\u00edsico vers\u00e1til, puede ser todav\u00eda m\u00e1s \u00fatil.<\/p>\n<p>Integrado con cabeza, puede convertirse en una de las mejores herramientas para encarar el a\u00f1o con m\u00e1s solidez.<\/p>\n","protected":false},"excerpt":{"rendered":"Correr en pretemporada puede aportar variedad, mejorar la salud \u00f3sea y mantener la forma cuando hay poco tiempo,&hellip;\n","protected":false},"author":2,"featured_media":261084,"comment_status":"","ping_status":"","sticky":false,"template":"","format":"standard","meta":{"footnotes":""},"categories":[273],"tags":[313,312,168,25,24,7619,23,167],"class_list":{"0":"post-261083","1":"post","2":"type-post","3":"status-publish","4":"format-standard","5":"has-post-thumbnail","7":"category-ciclismo","8":"tag-ciclismo","9":"tag-cycling","10":"tag-deportes","11":"tag-es","12":"tag-espana","13":"tag-mathieu-van-der-poel","14":"tag-spain","15":"tag-sports"},"share_on_mastodon":{"url":"https:\/\/pubeurope.com\/@es\/115629699169174895","error":""},"_links":{"self":[{"href":"https:\/\/www.europesays.com\/es\/wp-json\/wp\/v2\/posts\/261083","targetHints":{"allow":["GET"]}}],"collection":[{"href":"https:\/\/www.europesays.com\/es\/wp-json\/wp\/v2\/posts"}],"about":[{"href":"https:\/\/www.europesays.com\/es\/wp-json\/wp\/v2\/types\/post"}],"author":[{"embeddable":true,"href":"https:\/\/www.europesays.com\/es\/wp-json\/wp\/v2\/users\/2"}],"replies":[{"embeddable":true,"href":"https:\/\/www.europesays.com\/es\/wp-json\/wp\/v2\/comments?post=261083"}],"version-history":[{"count":0,"href":"https:\/\/www.europesays.com\/es\/wp-json\/wp\/v2\/posts\/261083\/revisions"}],"wp:featuredmedia":[{"embeddable":true,"href":"https:\/\/www.europesays.com\/es\/wp-json\/wp\/v2\/media\/261084"}],"wp:attachment":[{"href":"https:\/\/www.europesays.com\/es\/wp-json\/wp\/v2\/media?parent=261083"}],"wp:term":[{"taxonomy":"category","embeddable":true,"href":"https:\/\/www.europesays.com\/es\/wp-json\/wp\/v2\/categories?post=261083"},{"taxonomy":"post_tag","embeddable":true,"href":"https:\/\/www.europesays.com\/es\/wp-json\/wp\/v2\/tags?post=261083"}],"curies":[{"name":"wp","href":"https:\/\/api.w.org\/{rel}","templated":true}]}}