{"id":261085,"date":"2025-11-28T22:33:11","date_gmt":"2025-11-28T22:33:11","guid":{"rendered":"https:\/\/www.europesays.com\/es\/261085\/"},"modified":"2025-11-28T22:33:11","modified_gmt":"2025-11-28T22:33:11","slug":"inversion-millonaria-que-choca-con-xavi-pascual","status":"publish","type":"post","link":"https:\/\/www.europesays.com\/es\/261085\/","title":{"rendered":"inversi\u00f3n millonaria que choca con Xavi Pascual"},"content":{"rendered":"<p>    Noticias relacionadas<\/p>\n<p class=\"paragraph\" id=\"paragraph_1\"><a href=\"https:\/\/cronicaglobal.elespanol.com\/culemania\/secciones\/20251126\/xavi-pascual-palau-secundario-barca-convierte-protagonista\/1003742711159_0.html?utm_cmp_rs=linksinline\" target=\"_blank\" rel=\"nofollow noopener\">El Bar\u00e7a de basket<\/a> ha cambiado su estado de \u00e1nimo. <a href=\"https:\/\/cronicaglobal.elespanol.com\/culemania\/secciones\/20251126\/nuevo-entrenador-problemas-xavi-pascual-noticia-barca\/1003742711131_0.html?utm_cmp_rs=linksinline\" target=\"_blank\" rel=\"nofollow noopener\">Xavi Pascual<\/a>\u00a0es consciente de las limitaciones de su plantilla, pero quiere que su equipo sea m\u00e1s intenso y atrevido, y pueda competir con todos los rivales. <strong>En el Palau ya se detectan los primeros s\u00edntomas de recuperaci\u00f3n<\/strong>, pero el t\u00e9cnico de Gav\u00e0 tiene muchos asuntos pendientes por resolver.<\/p>\n<p class=\"paragraph\" id=\"paragraph_2\"><strong>La reciente <a href=\"https:\/\/cronicaglobal.elespanol.com\/culemania\/secciones\/20241021\/adios-la-temporada-confirmada-grave-lesion-laprovittola\/895160543_0.html?utm_cmp_rs=linksinline\" target=\"_blank\" rel=\"nofollow noopener\">lesi\u00f3n de Laprovittola<\/a><\/strong>, un jugador muy solvente en ataque, es un problema para <strong>Pascual<\/strong>. Su gran obsesi\u00f3n, ahora, pasa por construir un equipo m\u00e1s intenso, con mejor actitud defensiva, que asuma todos sus sistemas.<\/p>\n<p>Kevin Punter, imprevisible<\/p>\n<p class=\"paragraph\" id=\"paragraph_3\">El perfil de Pascual encaja con algunos jugadores. Con otros, m\u00e1s an\u00e1rquicos, no tanto. Es el caso, por ejemplo, de <a href=\"https:\/\/cronicaglobal.elespanol.com\/culemania\/secciones\/20251031\/jabari-parker-kevin-punter-liderazgos-penarroya-barca\/1003742703374_0.html?utm_cmp_rs=linksinline\" target=\"_blank\" rel=\"nofollow noopener\">Kevin Punter<\/a>. El escolta estadounidense, un jugador muy imprevisible, choca t\u00e1cticamente con el actual t\u00e9cnico del Bar\u00e7a, partidario de un baloncesto control.<\/p>\n<p><img decoding=\"async\" alt=\"Kevin Punter, con la posesi\u00f3n del bal\u00f3n en el Bayern-Bar\u00e7a de basket de la Euroliga\" data-imgm=\"true\" height=\"180\" loading=\"lazy\"  src=\"https:\/\/www.europesays.com\/es\/wp-content\/uploads\/2025\/11\/1003742706968_15396656_1024x576.jpg\"  width=\"320\"\/><\/p>\n<p>                                                            Kevin Punter, con la posesi\u00f3n del bal\u00f3n en el Bayern-Bar\u00e7a de basket de la Euroliga<\/p>\n<p>                    EFE<\/p>\n<p class=\"paragraph\" id=\"paragraph_4\">Pascual es un t\u00e9cnico perfeccionista. <strong>Con muchos sistemas en ataque. Deja poco margen a la improvisaci\u00f3n<\/strong>, mientras que Punter es un jugador muy intuitivo. El t\u00e9cnico siempre exige a sus jugadores que busquen la mejor posici\u00f3n de tiro, sin prisas. Y no le gusta que el escolta retenga tanto el bal\u00f3n.<\/p>\n<p>Contrato hasta junio de 2028<\/p>\n<p class=\"paragraph\" id=\"paragraph_5\">Punter es, en teor\u00eda, la gran estrella del Bar\u00e7a. En tiempos de crisis, <strong>el club renov\u00f3 su contrato hasta el 30 de junio de 2028<\/strong>, tras rebajar su salario. En la ACB, el jugador estadounidense promedia 22:58 minutos, 11,9 puntos, 1,9 rebotes, 1,6 asistencias y 10,1 de valoraci\u00f3n. En la Euroliga, las estad\u00edsticas de Punter son mejores: 12,7 puntos, 1,8 rebotes, 2,8 asistencias y 11,8 de valoraci\u00f3n.<\/p>\n<p><img decoding=\"async\" alt=\"Kevin Punter inicia una posesi\u00f3n en el Bar\u00e7a de basket-R\u00edo Breog\u00e1n\" data-imgm=\"true\" height=\"180\" loading=\"lazy\"  src=\"https:\/\/www.europesays.com\/es\/wp-content\/uploads\/2025\/11\/1003742701377_15325017_1024x576.jpg\"  width=\"320\"\/><\/p>\n<p>                                                            Kevin Punter inicia una posesi\u00f3n en el Bar\u00e7a de basket-R\u00edo Breog\u00e1n<\/p>\n<p>                    FCB<\/p>\n<p class=\"paragraph\" id=\"paragraph_6\">Pascual pide a Punter que intervenga menos, pero sea m\u00e1s decisivo. <strong>Tambi\u00e9n le pide intensidad defensiva<\/strong>. De momento, el t\u00e9cnico intenta cambiar el estilo de un jugador con una gran lectura de los partidos, pero poco disciplinado t\u00e1cticamente, en un Bar\u00e7a con muchas urgencias. Demasiadas.<\/p>\n","protected":false},"excerpt":{"rendered":"Noticias relacionadas El Bar\u00e7a de basket ha cambiado su estado de \u00e1nimo. Xavi Pascual\u00a0es consciente de las limitaciones&hellip;\n","protected":false},"author":2,"featured_media":261086,"comment_status":"","ping_status":"","sticky":false,"template":"","format":"standard","meta":{"footnotes":""},"categories":[269],"tags":[299,62268,298,168,25,24,4467,19844,4468,18305,7342,4470,23,167,4658],"class_list":{"0":"post-261085","1":"post","2":"type-post","3":"status-publish","4":"format-standard","5":"has-post-thumbnail","7":"category-baloncesto","8":"tag-baloncesto","9":"tag-barca-basket","10":"tag-basketball","11":"tag-deportes","12":"tag-es","13":"tag-espana","14":"tag-joan-laporta","15":"tag-josep-cubells","16":"tag-juan-carlos-navarro","17":"tag-kevin-punter","18":"tag-palau-blaugrana","19":"tag-secciones","20":"tag-spain","21":"tag-sports","22":"tag-xavi-pascual"},"share_on_mastodon":{"url":"https:\/\/pubeurope.com\/@es\/115629707200103763","error":""},"_links":{"self":[{"href":"https:\/\/www.europesays.com\/es\/wp-json\/wp\/v2\/posts\/261085","targetHints":{"allow":["GET"]}}],"collection":[{"href":"https:\/\/www.europesays.com\/es\/wp-json\/wp\/v2\/posts"}],"about":[{"href":"https:\/\/www.europesays.com\/es\/wp-json\/wp\/v2\/types\/post"}],"author":[{"embeddable":true,"href":"https:\/\/www.europesays.com\/es\/wp-json\/wp\/v2\/users\/2"}],"replies":[{"embeddable":true,"href":"https:\/\/www.europesays.com\/es\/wp-json\/wp\/v2\/comments?post=261085"}],"version-history":[{"count":0,"href":"https:\/\/www.europesays.com\/es\/wp-json\/wp\/v2\/posts\/261085\/revisions"}],"wp:featuredmedia":[{"embeddable":true,"href":"https:\/\/www.europesays.com\/es\/wp-json\/wp\/v2\/media\/261086"}],"wp:attachment":[{"href":"https:\/\/www.europesays.com\/es\/wp-json\/wp\/v2\/media?parent=261085"}],"wp:term":[{"taxonomy":"category","embeddable":true,"href":"https:\/\/www.europesays.com\/es\/wp-json\/wp\/v2\/categories?post=261085"},{"taxonomy":"post_tag","embeddable":true,"href":"https:\/\/www.europesays.com\/es\/wp-json\/wp\/v2\/tags?post=261085"}],"curies":[{"name":"wp","href":"https:\/\/api.w.org\/{rel}","templated":true}]}}