{"id":261107,"date":"2025-11-28T22:46:16","date_gmt":"2025-11-28T22:46:16","guid":{"rendered":"https:\/\/www.europesays.com\/es\/261107\/"},"modified":"2025-11-28T22:46:16","modified_gmt":"2025-11-28T22:46:16","slug":"trump-anuncia-operaciones-por-tierra-en-venezuela-dw-28-11-2025","status":"publish","type":"post","link":"https:\/\/www.europesays.com\/es\/261107\/","title":{"rendered":"Trump anuncia operaciones por tierra en Venezuela \u2013 DW \u2013 28\/11\/2025"},"content":{"rendered":"<p>El presidente de <a class=\"internal-link\" href=\"https:\/\/www.dw.com\/es\/estados-unidos\/t-17411942\" rel=\"nofollow noopener\" target=\"_blank\">Estados Unidos<\/a>, <a class=\"internal-link\" href=\"https:\/\/www.dw.com\/es\/donald-trump\/t-19445010\" rel=\"nofollow noopener\" target=\"_blank\">Donald Trump<\/a>, avis\u00f3 este jueves (27.11.2025) que las Fuerzas Armadas \u00abempezar\u00e1n muy pronto\u00bb a \u00abdetener\u00bb a los \u00abnarcotraficantes de <a class=\"internal-link\" href=\"https:\/\/www.dw.com\/es\/venezuela\/t-17410652\" rel=\"nofollow noopener\" target=\"_blank\">Venezuela<\/a>\u00bb por tierra, al considerar que ya han sido un \u00e9xito las operaciones militares en el mar.<\/p>\n<p>\u00abProbablemente han notado que las personas ya no quieren entregar (las drogas) por mar, y empezaremos a detenerlos por tierra. Adem\u00e1s, por tierra es m\u00e1s f\u00e1cil, pero eso va a comenzar muy pronto. Les advertimos de que dejaran de enviar veneno a nuestro pa\u00eds\u00bb, declar\u00f3 Trump en una llamada de Acci\u00f3n de Gracias con militares.<\/p>\n<p>El mandatario, quien no detall\u00f3 en qu\u00e9 consistir\u00e1n las acciones en tierra, destac\u00f3 desde Florida los ataques en el Caribe y en el Pac\u00edfico, donde las fuerzas estadounidenses han matado a m\u00e1s de 80 personas al destruir m\u00e1s de 20 lanchas supuestamente ligadas al narcotr\u00e1fico, en su mayor\u00eda de Venezuela, desde el 1 de septiembre.<\/p>\n<p>Justifica bombardeos a lanchas<\/p>\n<p>\u00abEn semanas recientes, ustedes han estado trabajando para detener a los narcotraficantes de Venezuela, de los que hay muchos. Por supuesto, ya no hay muchos viniendo por mar\u00bb, dijo el presidente a los elementos del Ej\u00e9rcito.<\/p>\n<p>El jefe de Estado justific\u00f3 los bombardeos al se\u00f1alar que los supuestos narcotraficantes de Venezuela \u00abest\u00e1n mandando su veneno a Estados Unidos, donde matan a miles de personas al a\u00f1o\u00bb.<\/p>\n<p>\u00abPero vamos a encargarnos de la situaci\u00f3n. Ya estamos haciendo un mont\u00f3n. Casi la hemos detenido. Ya hemos detenido el 85 % (del flujo) por mar\u00bb, indic\u00f3.<\/p>\n<p>Sus declaraciones ocurren en medio de la creciente tensi\u00f3n entre Venezuela y Estados Unidos, que desde el 16 de noviembre despleg\u00f3 en el Caribe el USS Gerald R. Ford, su mayor portaaviones, y el lunes <a class=\"internal-link\" href=\"https:\/\/www.dw.com\/es\/washington-designa-al-c\u00e1rtel-de-los-soles-como-grupo-terrorista\/a-74860242\" rel=\"nofollow noopener\" target=\"_blank\">declar\u00f3 como terrorista a la organizaci\u00f3n Cartel de los Soles<\/a>, que vincula con el gobernante venezolano, Nicol\u00e1s Maduro.<\/p>\n<p>A\u00fan as\u00ed, Trump ha insistido antes que \u00e9l no ha decidido a\u00fan bombardear infraestructura en Venezuela o atacar a Maduro, con quien \u00ab<a class=\"internal-link\" href=\"https:\/\/www.dw.com\/es\/trump-afirma-que-hablar\u00e1-pronto-con-maduro-y-le-dir\u00e1-algo-muy-espec\u00edfico\/a-74845478\" rel=\"nofollow noopener\" target=\"_blank\">podr\u00eda hablar para salvar muchas vidas<\/a>\u00ab, seg\u00fan expres\u00f3 el martes, una conversaci\u00f3n que ser\u00eda \u00abbienvenida, de acuerdo con el fiscal general venezolano, Tarek William Saab.<\/p>\n<p>Aviones bombarderos estadounidenses B-52H realizaron el lunes demostraciones en el Caribe, seg\u00fan revel\u00f3 este mi\u00e9rcoles la Fuerza A\u00e9rea de Estados Unidos.<\/p>\n<p>mg\/ gs (efe, afp, reuters)<\/p>\n<p>\u00a0<\/p>\n","protected":false},"excerpt":{"rendered":"El presidente de Estados Unidos, Donald Trump, avis\u00f3 este jueves (27.11.2025) que las Fuerzas Armadas \u00abempezar\u00e1n muy pronto\u00bb&hellip;\n","protected":false},"author":2,"featured_media":261108,"comment_status":"","ping_status":"","sticky":false,"template":"","format":"standard","meta":{"footnotes":""},"categories":[42],"tags":[17,18,13,14,11,61,62,63,64,19,20,9,10,15,16,12,21,22,65,66,67],"class_list":{"0":"post-261107","1":"post","2":"type-post","3":"status-publish","4":"format-standard","5":"has-post-thumbnail","7":"category-internacional","8":"tag-breaking-news","9":"tag-breakingnews","10":"tag-featured-news","11":"tag-featurednews","12":"tag-headlines","13":"tag-internacional","14":"tag-international","15":"tag-international-news","16":"tag-internationalnews","17":"tag-latest-news","18":"tag-latestnews","19":"tag-news","20":"tag-noticias","21":"tag-noticias-destacadas","22":"tag-noticiasdestacadas","23":"tag-titulares","24":"tag-ultimas-noticias","25":"tag-ultimasnoticias","26":"tag-world","27":"tag-world-news","28":"tag-worldnews"},"share_on_mastodon":{"url":"https:\/\/pubeurope.com\/@es\/115629757880254417","error":""},"_links":{"self":[{"href":"https:\/\/www.europesays.com\/es\/wp-json\/wp\/v2\/posts\/261107","targetHints":{"allow":["GET"]}}],"collection":[{"href":"https:\/\/www.europesays.com\/es\/wp-json\/wp\/v2\/posts"}],"about":[{"href":"https:\/\/www.europesays.com\/es\/wp-json\/wp\/v2\/types\/post"}],"author":[{"embeddable":true,"href":"https:\/\/www.europesays.com\/es\/wp-json\/wp\/v2\/users\/2"}],"replies":[{"embeddable":true,"href":"https:\/\/www.europesays.com\/es\/wp-json\/wp\/v2\/comments?post=261107"}],"version-history":[{"count":0,"href":"https:\/\/www.europesays.com\/es\/wp-json\/wp\/v2\/posts\/261107\/revisions"}],"wp:featuredmedia":[{"embeddable":true,"href":"https:\/\/www.europesays.com\/es\/wp-json\/wp\/v2\/media\/261108"}],"wp:attachment":[{"href":"https:\/\/www.europesays.com\/es\/wp-json\/wp\/v2\/media?parent=261107"}],"wp:term":[{"taxonomy":"category","embeddable":true,"href":"https:\/\/www.europesays.com\/es\/wp-json\/wp\/v2\/categories?post=261107"},{"taxonomy":"post_tag","embeddable":true,"href":"https:\/\/www.europesays.com\/es\/wp-json\/wp\/v2\/tags?post=261107"}],"curies":[{"name":"wp","href":"https:\/\/api.w.org\/{rel}","templated":true}]}}