{"id":261109,"date":"2025-11-28T22:47:17","date_gmt":"2025-11-28T22:47:17","guid":{"rendered":"https:\/\/www.europesays.com\/es\/261109\/"},"modified":"2025-11-28T22:47:17","modified_gmt":"2025-11-28T22:47:17","slug":"la-jueza-considera-altamente-improbable-que-vilaplana-no-escuchara-las-conversaciones-de-mazon-en-el-ventorro-la-tarde-de-la-dana-noticias-de-la-comunidad-valenciana","status":"publish","type":"post","link":"https:\/\/www.europesays.com\/es\/261109\/","title":{"rendered":"La jueza considera \u201caltamente improbable\u201d que Vilaplana no escuchara las conversaciones de Maz\u00f3n en El Ventorro la tarde de la dana | Noticias de la Comunidad Valenciana"},"content":{"rendered":"<p class=\"\">La jueza que investiga la gesti\u00f3n de la dana, que dej\u00f3 229 v\u00edctimas mortales en Valencia, descarta \u201cpor el momento\u201d volver a citar a <a href=\"https:\/\/elpais.com\/espana\/comunidad-valenciana\/2025-11-03\/maribel-vilaplana-llega-al-juzgado-de-catarroja-en-medio-de-gritos-de-las-victimas-cuenta-toda-la-verdad.html\" target=\"_self\" rel=\"nofollow noopener\" title=\"https:\/\/elpais.com\/espana\/comunidad-valenciana\/2025-11-03\/maribel-vilaplana-llega-al-juzgado-de-catarroja-en-medio-de-gritos-de-las-victimas-cuenta-toda-la-verdad.html\">Maribel Vilaplana,<\/a> la periodista que comi\u00f3 con el presidente de la Generalitat Valenciana, Carlos Maz\u00f3n, el d\u00eda de la riada del 29 de octubre de 2024. No obstante, la magistrada Nuria Ruiz Tobarra considera \u201caltamente improbable\u201d que la comunicadora no escuchara las conversaciones que Maz\u00f3n manten\u00eda esa tarde por tel\u00e9fono<a href=\"https:\/\/elpais.com\/espana\/2025-11-26\/las-imagenes-y-la-factura-de-el-ventorro-del-dia-de-la-dana-165-euros.html\" target=\"_self\" rel=\"nofollow noopener\" title=\"https:\/\/elpais.com\/espana\/2025-11-26\/las-imagenes-y-la-factura-de-el-ventorro-del-dia-de-la-dana-165-euros.html\"> en el restaurante El Ventorro<\/a>, como manifest\u00f3 la periodista cuando fue a declarar como testigo al Juzgado de Instrucci\u00f3n de Catarroja el pasado 3 de noviembre.<\/p>\n<p class=\"\">\u201cCiertamente las dimensiones del reservado del Ventorro convierten en altamente improbable que no se escucharan las conversaciones o comentarios, a no ser que la testigo permaneciera completamente abstra\u00edda de lo que suced\u00eda a su alrededor\u201d, se\u00f1ala en un auto notificado este viernes acerca del espacio, de unos 16 metros cuadrados. <\/p>\n<p class=\"\">Vilaplana declar\u00f3 que el jefe del Consell no par\u00f3 de recibir llamadas y mensajes de WhatsApp durante las casi cuatro horas (15.00-18.45) que permaneci\u00f3 en el restaurante mientras se inundaba la provincia de Valencia. El president se apartaba para hablar por tel\u00e9fono en el restaurante a una especie de mesa auxiliar. <\/p>\n<p class=\"\">La periodista explic\u00f3 que no estuvo atenta al contenido de las conversaciones telef\u00f3nicas de Maz\u00f3n desde El Ventorro entre las 17.37 y las 18.45, cuando habl\u00f3 con ocho dirigentes, como la exconsejera responsable de la emergencia, Salom\u00e9 Pradas; o el presidente de la Diputaci\u00f3n de Valencia, Vicente Momp\u00f3, del PP. \u201cA m\u00ed nunca me comenta nada. Ni oigo palabras como dana, Cecopi [\u00f3rgano de la Generalitat que coordin\u00f3 la crisis], lluvias\u2026 No oigo nada. \u00c9l tampoco me transmite nada de esas llamadas\u201d, afirm\u00f3 ante la jueza.<\/p>\n<p><img decoding=\"auto\" class=\"_re lazyload a_m-h\" height=\"233\"  width=\"414\"  src=\"https:\/\/www.europesays.com\/es\/wp-content\/uploads\/2025\/11\/1764370037_326_QWJEJ3CU35G6FCI4B4XLNTXODA.jpg\" loading=\"lazy\"\/>Maribel Vilaplana, al llegar al juzgado de Catarroja el 3 de diciembre.kike Taberner<\/p>\n<p class=\"\">Vilaplana ha ido cambiado de versi\u00f3n sobre sus movimientos de aquella tarde en compa\u00f1\u00eda de Maz\u00f3n. Primero, se\u00f1al\u00f3 a trav\u00e9s de una portavoz autorizada que se hab\u00eda marchado del restaurante sobre las 17.45. En septiembre, ella misma envi\u00f3 una carta en la que retrasaba en unos 60 minutos esa hora de salida de El Ventorro, que se produjo entre las 18.30 y las 18.45. Dos d\u00edas antes de testificar, su portavoz reconoci\u00f3 que el presidente de la Generalitat acompa\u00f1\u00f3 a la periodista hasta el acceso al aparcamiento, situado en la plaza Tetu\u00e1n, donde hab\u00eda estacionado su veh\u00edculo, despu\u00e9s de la sobremesa. El propio Maz\u00f3n lo ha reconocido. Ninguno de los dos hab\u00eda hecho menci\u00f3n a este paseo con anterioridad. Y el pasado martes, el diario Levante EMV public\u00f3 que Vilaplana acerc\u00f3 con su coche al jefe del Consell a las inmediaciones del Palau de la Generalitat, extremo que la comunicadora y el pol\u00edtico han negado.<\/p>\n<p class=\"\">El reservado de El Ventorro es un espacio de forma irregular, de unos tres metros de ancho en su lado m\u00e1s estrecho y 4,8 en su lado m\u00e1s largo que \u2014seg\u00fan Romero\u2014 tiene capacidad para cinco comensales. El lugar, de unos 16 metros cuadrados, acogi\u00f3 la comida que acab\u00f3 sobre las 17 horas, seg\u00fan el propietario del establecimiento, si bien la sobremesa se alarg\u00f3 hasta cerca de las 18.45 o 19.<\/p>\n<p class=\"\">En el auto, la jueza recuerda que por lo que respecta a la petici\u00f3n de nueva citaci\u00f3n como testigo Vilaplana, el auto de la Audiencia Provincial de Valencia de 16 de octubre de 2025 que acordaba su declaraci\u00f3n part\u00eda de la posibilidad de que dicha testigo oyera \u201clo que el president de la Generalitat dijera al comunicarse telef\u00f3nicamente con la entonces consellera de Justicia de Interior y Justicia, bien comentarios que el president pudiera hacer a ra\u00edz de dichas conversaciones\u201d. <\/p>\n<p class=\"\">En su resoluci\u00f3n, la jueza descarta \u201cen el presente momento\u201d volver a citar a declarar como testigo a la periodista que comi\u00f3 con Maz\u00f3n el 29 de octubre de 2024, como hab\u00eda solicitado la acusaci\u00f3n popular que ejerce el partido Ciudadanos y otra acusaci\u00f3n particular. La jueza considera que antes debe recibir declaraci\u00f3n a otros testigos pertenecientes al equipo de Presidencia de la Generalitat. <\/p>\n<p class=\"\">Ciudadanos realiz\u00f3 esta petici\u00f3n por considerar que la comunicadora pudo incurrir en falsedades en el testimonio que dio el pasado 3 de noviembre tras escuchar al due\u00f1o del restaurante El Ventorro y ver las fotograf\u00edas aportadas a la causa sobre las dimensiones del reservado en el que comieron la periodista y Maz\u00f3n.<\/p>\n<p class=\"\">Sin embargo, la magistrada tambi\u00e9n rechaza la petici\u00f3n de este partido de que se investigue a la testigo por un delito de falso testimonio porque, tal y como establece la jurisprudencia del Tribunal Supremo, para ello \u201ces necesario contar con el dato previo de una verdad procesalmente establecida, lo que solo podr\u00e1 hacerse en sentencia o en auto de sobreseimiento firme\u201d. <\/p>\n<p class=\"\">En cualquier caso, la instructora deja abierta la posibilidad de recibir declaraci\u00f3n ya nuevamente a la periodista si esta manifestara p\u00fablicamente o ante el propio juzgado su voluntad de hacerlo nuevamente. <\/p>\n<p class=\"\">La jueza tambi\u00e9n pregunta a la exconsejera de Justicia e Interior, investigada en el procedimiento, si quiere volver a declarar \u2014ya lo hizo hace unos meses\u2014, seg\u00fan se indica en el mismo auto, facilitado por el Tribunal Superior de Justicia de la Comunitat Valenciana (TSJCV) y dictado por la magistrada del Tribunal de Instancia de Catarroja (Plaza 3). <\/p>\n<p class=\"\">Al respeto, el auto recoge la falta de conocimiento de Pradas sobre la materia de su competencia: \u201cEl an\u00e1lisis del proceso de decisi\u00f3n de las medidas a adoptar por parte de la consellera, ha mostrado que la investigada busc\u00f3 asesoramiento en una persona, que no era t\u00e9cnico, no era miembro del Comit\u00e9 asesor, tampoco integrante del CECOPI el Sr. Jos\u00e9 Manuel C.A., Secretario Auton\u00f3mico del President y Comunicaci\u00f3n, al cual inquiri\u00f3 sobre la posibilidad jur\u00eddica de acordar el confinamiento. La respuesta del testigo fue que era periodista y que se pusiera en contacto con Cayetano [Garc\u00eda, secretario auton\u00f3mico de Presidencia]\u201d. Y a\u00f1ade: \u201cEfectivamente dicha testifical acredita que la investigada dudaba y preguntaba sobre sus propias competencias y sobre las medidas a adoptar respecto a la emergencia durante las horas cr\u00edticas\u201d. <\/p>\n<p class=\"\">Unas horas m\u00e1s tarde de conocerse el nuevo auto, Pradas ha asegursegura que en este momento \u201cno se est\u00e1 valorando\u201d que vuelva a declarar \u201cpr\u00f3ximamente\u201d ante la jueza que instruye la causa de la dana porque \u201ctodav\u00eda quedan muchas diligencias importantes por practicar\u201d, seg\u00fan ha declarado a Europa Press. Al exconsejera imputada ha reiterado que en su declaraci\u00f3n ante la instructora cont\u00f3 \u201ctoda la verdad sobre lo sucedido y vivido el d\u00eda 29 de octubre\u201d. No obstante, ha a\u00f1adido: \u201cSi mi defensa considera que en alg\u00fan momento es aconsejable que declare de nuevo para aclarar alg\u00fan aspecto a ra\u00edz de las diligencias que se vayan practicando, no tendr\u00e9 ning\u00fan inconveniente en hacerlo\u201d.<\/p>\n<p class=\"\">Por otro lado, ante la solicitud de la acusaci\u00f3n popular que ejerce Podemos de incorporar a la causa el v\u00eddeo de la entrevista con la exconsejera de Justicia e Interior investigada en esta causa, que se emitir\u00e1 por el programa Salvados de La Sexta el pr\u00f3ximo domingo, 30 de noviembre, la magistrada ha acordado requerir a su defensa para que manifieste en el plazo de un d\u00eda si desea volver a declarar en sede judicial. Solo si su respuesta es afirmativa se requerir\u00eda a la empresa de comunicaci\u00f3n Atresmedia la aportaci\u00f3n del programa de televisi\u00f3n. <\/p>\n<p class=\"\">En este sentido, la jueza recuerda que cualquier declaraci\u00f3n de un investigado, para que pueda tener \u201cefecto en el proceso\u201d, ha de efectuarse con la \u201coportuna asistencia letrada y en el seno de este procedimiento\u201d, pues se trata de \u201cuna garant\u00eda para la propia investigada\u201d.<\/p>\n","protected":false},"excerpt":{"rendered":"La jueza que investiga la gesti\u00f3n de la dana, que dej\u00f3 229 v\u00edctimas mortales en Valencia, descarta \u201cpor&hellip;\n","protected":false},"author":2,"featured_media":261110,"comment_status":"","ping_status":"","sticky":false,"template":"","format":"standard","meta":{"footnotes":""},"categories":[8],"tags":[17,18,2007,242,1681,25,24,13,14,238,11,4274,19,20,9,10,15,16,23,12,21,22],"class_list":{"0":"post-261109","1":"post","2":"type-post","3":"status-publish","4":"format-standard","5":"has-post-thumbnail","7":"category-espana","8":"tag-breaking-news","9":"tag-breakingnews","10":"tag-carlos-mazon","11":"tag-comunidad-valenciana","12":"tag-dana","13":"tag-es","14":"tag-espana","15":"tag-featured-news","16":"tag-featurednews","17":"tag-generalitat-valenciana","18":"tag-headlines","19":"tag-inundaciones-dana-octubre-2024","20":"tag-latest-news","21":"tag-latestnews","22":"tag-news","23":"tag-noticias","24":"tag-noticias-destacadas","25":"tag-noticiasdestacadas","26":"tag-spain","27":"tag-titulares","28":"tag-ultimas-noticias","29":"tag-ultimasnoticias"},"share_on_mastodon":{"url":"https:\/\/pubeurope.com\/@es\/115629762025236887","error":""},"_links":{"self":[{"href":"https:\/\/www.europesays.com\/es\/wp-json\/wp\/v2\/posts\/261109","targetHints":{"allow":["GET"]}}],"collection":[{"href":"https:\/\/www.europesays.com\/es\/wp-json\/wp\/v2\/posts"}],"about":[{"href":"https:\/\/www.europesays.com\/es\/wp-json\/wp\/v2\/types\/post"}],"author":[{"embeddable":true,"href":"https:\/\/www.europesays.com\/es\/wp-json\/wp\/v2\/users\/2"}],"replies":[{"embeddable":true,"href":"https:\/\/www.europesays.com\/es\/wp-json\/wp\/v2\/comments?post=261109"}],"version-history":[{"count":0,"href":"https:\/\/www.europesays.com\/es\/wp-json\/wp\/v2\/posts\/261109\/revisions"}],"wp:featuredmedia":[{"embeddable":true,"href":"https:\/\/www.europesays.com\/es\/wp-json\/wp\/v2\/media\/261110"}],"wp:attachment":[{"href":"https:\/\/www.europesays.com\/es\/wp-json\/wp\/v2\/media?parent=261109"}],"wp:term":[{"taxonomy":"category","embeddable":true,"href":"https:\/\/www.europesays.com\/es\/wp-json\/wp\/v2\/categories?post=261109"},{"taxonomy":"post_tag","embeddable":true,"href":"https:\/\/www.europesays.com\/es\/wp-json\/wp\/v2\/tags?post=261109"}],"curies":[{"name":"wp","href":"https:\/\/api.w.org\/{rel}","templated":true}]}}