{"id":261113,"date":"2025-11-28T22:54:26","date_gmt":"2025-11-28T22:54:26","guid":{"rendered":"https:\/\/www.europesays.com\/es\/261113\/"},"modified":"2025-11-28T22:54:26","modified_gmt":"2025-11-28T22:54:26","slug":"el-intermarche-confirma-la-salida-de-biniam-girmay","status":"publish","type":"post","link":"https:\/\/www.europesays.com\/es\/261113\/","title":{"rendered":"El Intermarch\u00e9 confirma la salida de Biniam Girmay"},"content":{"rendered":"<p>                    Tras cuatro temporadas y media en el WorldTeam belga ya es oficial la marcha del eritreo, cuyo futuro apunta al NSN Cycling Team.<\/p>\n<p class=\"c-news-list__author\">Ciclismoafondo.es. Fotos: Sprint Cycling Agency<\/p>\n<p class=\"c-mainarticle__date\">\n<p>                    28 de noviembre de 2025 (16:12 CET)<\/p>\n<p>                                                                                                                                        <img fetchpriority=\"high\" decoding=\"async\" src=\"https:\/\/www.europesays.com\/es\/wp-content\/uploads\/2025\/11\/biniam-girmay.jpeg\" alt=\"Biniam Girmay\" title=\"Biniam Girmay\" class=\"c-mainarticle__img\" loading=\"eager\" width=\"790\" height=\"454\"\/><\/p>\n<p>                    Biniam Girmay<\/p>\n<p><strong>\u00ab\u00a1Gracias, Biniam!\u00bb<\/strong>. Con estas palabras arranca el comunicado con el que el <strong>Intermarch\u00e9-Wanty<\/strong> -equipo que se fusiona de cara a 2026 con el Lotto, dando lugar al\u00a0Lotto-Intermarch\u00e9- <strong>se despide de Biniam Girmay<\/strong>, confirmando la salida de un ciclista que, vistiendo su\u00a0maillot,\u00a0ha hecho historia para el ciclismo de su pa\u00eds y del continente africano.\u00a0<\/p>\n<p>\u00abEl excepcional viaje de Biniam Girmay con Intermarch\u00e9-Wanty llega a su fin tras<strong> cuatro a\u00f1os y medio marcados por un \u00e9xito notable<\/strong>.<strong>\u00a0<\/strong>El velocista eritreo alcanz\u00f3 hitos decisivos y se consolid\u00f3 en la cima del ciclismo mundial\u00bb, dice el comunicado del\u00a0equipo belga, al que<strong> Girmay lleg\u00f3 mediada la temporada 2021<\/strong>, procedente del DELKO franc\u00e9s, y con el que ha conseguido<strong> doce victorias<\/strong>, entre ellas\u00a0la <strong>Gante-Wevelgem <\/strong>2022,<strong>\u00a0una\u00a0etapa del Giro de Italia <\/strong>2022, y <strong>tres\u00a0etapas y el maillot verde del Tour de Francia<\/strong> 2024.<\/p>\n<blockquote class=\"twitter-tweet\"><p>&#13;<\/p>\n<p dir=\"ltr\" lang=\"en\">History made together, forever.<\/p>\n<p>Goodbye Biniam Girmay \ud83d\udc9a\ud83c\uddea\ud83c\uddf7 <a href=\"https:\/\/t.co\/P1wXBS3Tov\" rel=\"nofollow\">pic.twitter.com\/P1wXBS3Tov<\/a><\/p>\n<p>&#13;<br \/>\n\u2014 Intermarch\u00e9-Wanty (@IntermarcheW) <a href=\"https:\/\/twitter.com\/IntermarcheW\/status\/1994315843526697458?ref_src=twsrc%5Etfw\" rel=\"nofollow noopener\" target=\"_blank\">November 28, 2025<\/a>\n<\/p><\/blockquote>\n<p>En el verano de 2021, el equipo de Jean-Fran\u00e7ois Bourlart recibi\u00f3 a Girmay con<strong> <\/strong>un plan a largo<strong> <\/strong>plazo que consideraba todos los aspectos de su desarrollo deportivo, con el objetivo de <strong>fomentar su crecimiento y ayudarle a desarrollar plenamente su potencial<\/strong>. Girmay se adapt\u00f3 r\u00e1pidamente a este entorno, logrando su primera victoria en Europa (la Classic Grand Besan\u00e7on Doubs) antes de lograr una hist\u00f3rica medalla de plata en el Campeonato Mundial Sub-23 en Lovaina.<\/p>\n<p>Rodeado de un grupo de compa\u00f1eros\u00a0experimentados, Biniam Girmay protagoniz\u00f3 una impresionante primera campa\u00f1a en las<strong> cl\u00e1sicas empedradas flamencas,<\/strong> ganando la <strong>Gante-Wevelgem <\/strong>y convirti\u00e9ndose en el<strong> primer ciclista africano en ganar una cl\u00e1sica empedrada<\/strong>. Luego confirm\u00f3 su ascenso mete\u00f3rico con su <strong>primera victoria en una Gran Vuelta<\/strong> en el <strong>Giro de Italia<\/strong>, demostrando sus cualidades para competir con los mejores velocistas del mundo.<\/p>\n<p><img decoding=\"async\" loading=\"lazy\" alt=\"el eritreo girmay hace historia al conquistar con 21 anos la gante wevelgem 2 790x454\" data-id=\"14670419\" data-resize=\"null\" height=\"454\" src=\"https:\/\/www.europesays.com\/es\/wp-content\/uploads\/2025\/11\/el-eritreo-girmay-hace-historia-al-conquistar-con-21-anos-la-gante-wevelgem-2-790x454.jpeg\" title=\"el eritreo girmay hace historia al conquistar con 21 anos la gante wevelgem 2 790x454\" width=\"790\"\/>&#13;<br \/>\nEl eritreo hizo historia al conquistar en 2022 la Gante-Wevelgem&#13;<\/p>\n<p>Tras superar momentos dif\u00edciles,\u00a0continu\u00f3\u00a0su ascenso hacia nuevas cotas en 2024: <strong>tres victorias de etapa y la clasificaci\u00f3n por puntos<\/strong> (maillot verde)<strong> del Tour de Francia<\/strong>, as\u00ed como un puesto entre los diez primeros en el ranking mundial de la UCI.<\/p>\n<p>Biniam Girmay e Intermarch\u00e9-Wanty concluyen ahora una colaboraci\u00f3n exitosa, coronada con <strong>doce victorias y m\u00e1s de cuarenta podios en cuatro continentes,<\/strong>\u00a0actuaciones emblem\u00e1ticas en la historia del ciclismo africano y del pelot\u00f3n internacional.<\/p>\n<p><strong>En los pr\u00f3ximos d\u00edas se podr\u00eda oficializar su fichaje por el\u00a0<a data-external=\"1\" href=\"https:\/\/www.ciclismoafondo.es\/competicion\/noticias-resultados-ciclismo\/israel-ya-es-historia-nace-nsn-cycling-team-con-licencia-suiza-sede-en-espana_319323_102.html\" rel=\"nofollow noopener\" target=\"_blank\" title=\"NSN Cycling Team\">NSN Cycling Team<\/a><\/strong> (sucesor en el pelot\u00f3n del Israel-premier Tech).<\/p>\n<p><img decoding=\"async\" loading=\"lazy\" alt=\"biniam girmay nuevo maillot verde del tour 2 790x454\" data-id=\"14670454\" data-resize=\"null\" height=\"454\" src=\"https:\/\/www.europesays.com\/es\/wp-content\/uploads\/2025\/11\/biniam-girmay-nuevo-maillot-verde-del-tour-2-790x454.jpeg\" title=\"biniam girmay nuevo maillot verde del tour 2 790x454\" width=\"790\"\/><\/p>\n<p>\u00a0<\/p>\n<p>Declaraciones<\/p>\n<p><strong>Biniam Girmay: \u00ab<\/strong>Para m\u00ed ha sido un viaje maravilloso con Intermarch\u00e9-Wanty. Sigo agradecido por la confianza que mostraron en m\u00ed hace cinco a\u00f1os y por darme la oportunidad de convertirme en ciclista de World Tour. Durante estos a\u00f1os, <strong>construimos un v\u00ednculo s\u00f3lido basado en la confianza mutua y crecimos juntos<\/strong>, paso a paso, desde un perfil m\u00e1s bajo<strong> hasta el m\u00e1s alto nivel del ciclismo mundial.<\/strong> En el camino, trabajamos duro y nos animamos mutuamente a seguir mejorando. Logramos grandes cosas y mostramos lo que es posible cuando todos est\u00e1n alineados. Realmente disfrut\u00e9 trabajando con este equipo\u00a0-los ciclistas, el personal y la direcci\u00f3n-,\u00a0todos aportaron algo importante. A veces, tenemos que aceptar el cambio.<strong> Ahora es momento de un nuevo cap\u00edtulo,<\/strong>\u00a0pero quiero dar las gracias a todos en Intermarch\u00e9-Wanty por las \u00faltimas cinco temporadas\u00bb.<\/p>\n<p><strong>Jean-Fran\u00e7ois Bourlart <\/strong>(CEO del Intermarch\u00e9-Wanty):<strong>\u00a0<\/strong>\u00abRecuerdo muchos momentos felices e inolvidables con Biniam. <strong>Estamos orgullosos del camino que hemos compartido<\/strong>, donde ayudamos a transformar a este inmenso talento en una figura clave en el ciclismo mundial. Naturalmente, algunos momentos quedar\u00e1n grabados para siempre en la memoria, como su medalla en el Campeonato Mundial Sub-23 en Lovaina, sus victorias en Gent-Wevelgem y el Giro de Italia. La victoria en el Circuito Franco-Belge, delante de nuestros socios y a un paso de nuestro Circuito de Servicio, tambi\u00e9n fue un momento destacado. Y luego esa victoria en Tur\u00edn, nuestra primera en el Tour de Francia, y el maillot verde en Niza. <strong>Estos son momentos que quedar\u00e1n marcados para siempre en nuestra historia. \u00a1Yekenyeley, Biniam!<\/strong>\u00ab<\/p>\n<p>\u00a0<\/p>\n<p><script async src=\"https:\/\/platform.twitter.com\/widgets.js\" charset=\"utf-8\"><\/script><\/p>\n","protected":false},"excerpt":{"rendered":"Tras cuatro temporadas y media en el WorldTeam belga ya es oficial la marcha del eritreo, cuyo futuro&hellip;\n","protected":false},"author":2,"featured_media":261114,"comment_status":"","ping_status":"","sticky":false,"template":"","format":"standard","meta":{"footnotes":""},"categories":[273],"tags":[313,312,168,25,24,23,167],"class_list":{"0":"post-261113","1":"post","2":"type-post","3":"status-publish","4":"format-standard","5":"has-post-thumbnail","7":"category-ciclismo","8":"tag-ciclismo","9":"tag-cycling","10":"tag-deportes","11":"tag-es","12":"tag-espana","13":"tag-spain","14":"tag-sports"},"share_on_mastodon":{"url":"https:\/\/pubeurope.com\/@es\/115629789878708607","error":""},"_links":{"self":[{"href":"https:\/\/www.europesays.com\/es\/wp-json\/wp\/v2\/posts\/261113","targetHints":{"allow":["GET"]}}],"collection":[{"href":"https:\/\/www.europesays.com\/es\/wp-json\/wp\/v2\/posts"}],"about":[{"href":"https:\/\/www.europesays.com\/es\/wp-json\/wp\/v2\/types\/post"}],"author":[{"embeddable":true,"href":"https:\/\/www.europesays.com\/es\/wp-json\/wp\/v2\/users\/2"}],"replies":[{"embeddable":true,"href":"https:\/\/www.europesays.com\/es\/wp-json\/wp\/v2\/comments?post=261113"}],"version-history":[{"count":0,"href":"https:\/\/www.europesays.com\/es\/wp-json\/wp\/v2\/posts\/261113\/revisions"}],"wp:featuredmedia":[{"embeddable":true,"href":"https:\/\/www.europesays.com\/es\/wp-json\/wp\/v2\/media\/261114"}],"wp:attachment":[{"href":"https:\/\/www.europesays.com\/es\/wp-json\/wp\/v2\/media?parent=261113"}],"wp:term":[{"taxonomy":"category","embeddable":true,"href":"https:\/\/www.europesays.com\/es\/wp-json\/wp\/v2\/categories?post=261113"},{"taxonomy":"post_tag","embeddable":true,"href":"https:\/\/www.europesays.com\/es\/wp-json\/wp\/v2\/tags?post=261113"}],"curies":[{"name":"wp","href":"https:\/\/api.w.org\/{rel}","templated":true}]}}