{"id":261115,"date":"2025-11-28T22:56:11","date_gmt":"2025-11-28T22:56:11","guid":{"rendered":"https:\/\/www.europesays.com\/es\/261115\/"},"modified":"2025-11-28T22:56:11","modified_gmt":"2025-11-28T22:56:11","slug":"todo-sobre-la-minicopa-endesa-2025","status":"publish","type":"post","link":"https:\/\/www.europesays.com\/es\/261115\/","title":{"rendered":"Todo sobre la Minicopa Endesa 2025"},"content":{"rendered":"<p class=\"colorweb_5 roboto_bold\">Nuestro sitio utiliza cookies.<\/p>\n<p class=\"colorweb_2\">ACB informa que en esta plataforma web utilizamos cookies propias y de terceros de tipo t\u00e9cnico que son necesarias para el correcto funcionamiento de la web y tambi\u00e9n cookies de tipo anal\u00edtico y de publicidad con la intenci\u00f3n de mostrar informaci\u00f3n relevante y atractiva para mejorar su experiencia de usuario. Puedes configurar o rechazar la utilizaci\u00f3n de cookies u obtener m\u00e1s informaci\u00f3n. <a href=\"https:\/\/www.acb.com\/\" class=\"text-uppercase enlace_unbind\" target=\"_blank\" rel=\"nofollow noopener\"><\/p>\n<p><\/p>\n<p class=\"colorweb_5 roboto_bold\">M\u00e1s informaci\u00f3n sobre el uso de cookies y sus opciones de privacidad<\/p>\n<p class=\"colorweb_2\">Este sitio web utiliza cookies tanto propias como de terceros para recabar y tratar su informaci\u00f3n con las finalidades que se detallan a continuaci\u00f3n en el panel de configuraci\u00f3n.<\/p>\n<p class=\"colorweb_2\">A trav\u00e9s del mismo, puede aceptar o rechazar de forma diferenciada el uso de cookies, que est\u00e1n clasificadas en funci\u00f3n del servicio. En cada uno de ellos encontrar\u00e1 informaci\u00f3n adicional sobre sus cookies. Puede encontrar m\u00e1s informaci\u00f3n en  <a href=\"https:\/\/www.acb.com\/\" class=\"enlace_unbind\" target=\"_blank\" rel=\"nofollow noopener\">Pol\u00edtica de cookies<\/a>.<\/p>\n<p>\n                        Estrictamente necesarias (t\u00e9cnicas):\n                      <\/p>\n<p>\n                        Se usan para actividades que son estrictamente necesarias para gestionar o prestar el servicio que usted nos ha solicitado y, por tanto, no exigen su consentimiento.\n                      <\/p>\n<p>\n                        Moovit\n                      <\/p>\n<tr class=\"cabecera\">\n                              Cookie<br \/>\n                              Titular<br \/>\n                            <\/tr>\n<tr>\n<td nowrap=\"nowrap\" style=\"text-transform: none;\">mv_metro<\/td>\n<td style=\"padding-left: 20px;\">Moovit<\/td>\n<\/tr>\n<p>\n                        Google Tag\n                      <\/p>\n<tr class=\"cabecera\">\n                              Cookie<br \/>\n                              Titular<br \/>\n                            <\/tr>\n<tr>\n<td nowrap=\"nowrap\" style=\"text-transform: none;\">GTM<\/td>\n<td style=\"padding-left: 20px;\">Google<\/td>\n<\/tr>\n","protected":false},"excerpt":{"rendered":"Nuestro sitio utiliza cookies. ACB informa que en esta plataforma web utilizamos cookies propias y de terceros de&hellip;\n","protected":false},"author":2,"featured_media":242687,"comment_status":"","ping_status":"","sticky":false,"template":"","format":"standard","meta":{"footnotes":""},"categories":[269],"tags":[299,298,168,25,24,23,167],"class_list":{"0":"post-261115","1":"post","2":"type-post","3":"status-publish","4":"format-standard","5":"has-post-thumbnail","7":"category-baloncesto","8":"tag-baloncesto","9":"tag-basketball","10":"tag-deportes","11":"tag-es","12":"tag-espana","13":"tag-spain","14":"tag-sports"},"share_on_mastodon":{"url":"https:\/\/pubeurope.com\/@es\/115629797261886198","error":""},"_links":{"self":[{"href":"https:\/\/www.europesays.com\/es\/wp-json\/wp\/v2\/posts\/261115","targetHints":{"allow":["GET"]}}],"collection":[{"href":"https:\/\/www.europesays.com\/es\/wp-json\/wp\/v2\/posts"}],"about":[{"href":"https:\/\/www.europesays.com\/es\/wp-json\/wp\/v2\/types\/post"}],"author":[{"embeddable":true,"href":"https:\/\/www.europesays.com\/es\/wp-json\/wp\/v2\/users\/2"}],"replies":[{"embeddable":true,"href":"https:\/\/www.europesays.com\/es\/wp-json\/wp\/v2\/comments?post=261115"}],"version-history":[{"count":0,"href":"https:\/\/www.europesays.com\/es\/wp-json\/wp\/v2\/posts\/261115\/revisions"}],"wp:featuredmedia":[{"embeddable":true,"href":"https:\/\/www.europesays.com\/es\/wp-json\/wp\/v2\/media\/242687"}],"wp:attachment":[{"href":"https:\/\/www.europesays.com\/es\/wp-json\/wp\/v2\/media?parent=261115"}],"wp:term":[{"taxonomy":"category","embeddable":true,"href":"https:\/\/www.europesays.com\/es\/wp-json\/wp\/v2\/categories?post=261115"},{"taxonomy":"post_tag","embeddable":true,"href":"https:\/\/www.europesays.com\/es\/wp-json\/wp\/v2\/tags?post=261115"}],"curies":[{"name":"wp","href":"https:\/\/api.w.org\/{rel}","templated":true}]}}