{"id":261116,"date":"2025-11-28T22:57:17","date_gmt":"2025-11-28T22:57:17","guid":{"rendered":"https:\/\/www.europesays.com\/es\/261116\/"},"modified":"2025-11-28T22:57:17","modified_gmt":"2025-11-28T22:57:17","slug":"espana-escapa-viva-de-kaiserslautern","status":"publish","type":"post","link":"https:\/\/www.europesays.com\/es\/261116\/","title":{"rendered":"Espa\u00f1a escapa viva de Kaiserslautern"},"content":{"rendered":"<p data-mrf-recirculation=\"Links P\u00e1rrafos\" class=\"ue-c-article__paragraph paragraph xai-icon-container ue-c-article--first-letter-highlighted\"><strong>El primer asalto entre Alemania y Espa\u00f1a por la conquista de la Nations League acab\u00f3 siendo nulo al terminar sin goles<\/strong> el duelo disputado en un <strong>Fritz Walter Stadion<\/strong> que acogi\u00f3 a <strong>40.156 espectadores<\/strong> en sus gradas. Un resultado que, viendo lo visto sobre el verde, tiene que contentar a <strong>la selecci\u00f3n dirigida por Sonia Berm\u00fadez, superada por el rival en muchas fases del partido<\/strong> y que tuvo en <strong>Cata Coll e Irene Paredes a sus salvadoras<\/strong>. Con todo por decidir y el objetivo intacto, s\u00f3lo queda esperar que el martes, en el Metropolitano, se vea una mejor versi\u00f3n de la vigente campeona y consiga retener la corona continental.<\/p>\n<p data-mrf-recirculation=\"Links P\u00e1rrafos\" class=\"ue-c-article__paragraph paragraph xai-icon-container\">Espa\u00f1a salt\u00f3 al verde del Fritz Walter Stadion con el mismo once que venci\u00f3 a Alemania en Z\u00farich en la semifinal de la Eurocopa cuatro meses antes con la entrada de <strong>Mapi y Aleixandri<\/strong> relevando a M\u00e9ndez y Guijarro. Visto lo visto, el once de gala para una Sonia Berm\u00fadez que entiende que no es momento de probaturas.\u00a0<\/p>\n<p><img decoding=\"async\" src=\"https:\/\/www.europesays.com\/es\/wp-content\/uploads\/2025\/11\/692a001722537.jpeg\" class=\"ue-c-article__image\" alt=\"\"\/><\/p>\n<p>Las selecciones de Alemania y Espa\u00f1a posan en la previa en el Fritz Walter StadionRFEF<\/p>\n<p data-mrf-recirculation=\"Links P\u00e1rrafos\" class=\"ue-c-article__paragraph paragraph xai-icon-container\"><strong>Alemania sali\u00f3 m\u00e1s en\u00e9rgica al partido<\/strong> y ese <strong>plus de intensidad<\/strong> no s\u00f3lo le ofreci\u00f3 una mejor circulaci\u00f3n de bal\u00f3n sino que le permiti\u00f3 firmar las primeras ocasiones de peligro. Un <strong>disparo cruzado de B\u00fchl<\/strong> tras una eslalon bien ejecutado desde el costado zurdo y un <strong>remate de Anyomi<\/strong> tras una p\u00e9rdida injustificable en el centro del campo jale\u00f3 a un p\u00fablico con intenci\u00f3n de convertir el coliseo teut\u00f3n en una caldera.<\/p>\n<p data-mrf-recirculation=\"Links P\u00e1rrafos\" class=\"ue-c-article__paragraph paragraph xai-icon-container\"><strong>Espa\u00f1a, excesivamente blanda y lenta en la cadencia de pases<\/strong>, sufri\u00f3 m\u00e1s de lo habitual para sacar el bal\u00f3n jugado desde atr\u00e1s y generar movimiento en la parcela ancha del campo. La desconexi\u00f3n fue tal, y en tantas fases, que Alemania se lo crey\u00f3. Antes de que se cumpliera la media hora de acci\u00f3n roz\u00f3 el gol en dos contras finalizadas con un <strong>disparo de B\u00fchl que par\u00f3 Cata cual portera de balonmano<\/strong> y un <strong>remate de Brand que sac\u00f3 Paredes en l\u00ednea de gol<\/strong>. La guardameta balear, lo mejor de la selecci\u00f3n en la primera parte, se atrevi\u00f3 a hacer una Catinha ante Anyomi que encogi\u00f3 el cuerpo a m\u00e1s de uno.<\/p>\n<p data-mrf-recirculation=\"Links P\u00e1rrafos\" class=\"ue-c-article__paragraph paragraph xai-icon-container\">La mejor noticia para las nuestras es que la primera parte se consumi\u00f3 sin que el luminoso luciera ning\u00fan gol en el casillero local. <strong>En el visitante, sin remates a puerta, era evidentemente imposible<\/strong>.<\/p>\n<p><img decoding=\"async\" src=\"https:\/\/www.europesays.com\/es\/wp-content\/uploads\/2025\/11\/692a11a203ade.jpeg\" class=\"ue-c-article__image\" alt=\"\"\/><\/p>\n<p>Esther Gonz\u00e1lez en una jugada de ataque ante AlemaniaRFEF<\/p>\n<p data-mrf-recirculation=\"Links P\u00e1rrafos\" class=\"ue-c-article__paragraph paragraph xai-icon-container\"><strong>El paso por vestuarios devolvi\u00f3 a una Espa\u00f1a con los mismos nombres, pero diferente actitud<\/strong>. Un centro de Batlle desde el costado diestro que rebot\u00f3 en el pecho de Esther tras el despeje de una zaguera alemana y un remate con excesiva rosca de Alexia desde el interior del rect\u00e1ngulo advert\u00edan que el toque de atenci\u00f3n hab\u00eda dado sus frutos. Luego llegar\u00eda el <strong>centro lateral de Mariona que Esther rematar\u00eda de primeras al palo<\/strong>.<\/p>\n<p data-mrf-recirculation=\"Links P\u00e1rrafos\" class=\"ue-c-article__paragraph paragraph xai-icon-container\">Alemania se retorci\u00f3 cual le\u00f3n herido. Ense\u00f1\u00f3 las garras en una transici\u00f3n donde Anyomi fue taponada por las dos centrales espa\u00f1olas y sac\u00f3 el colmillo en un <strong>c\u00f3rner botado por B\u00fchl que se pase\u00f3 por el \u00e1rea sin que nadie, incomprensiblemente, llegara a rematar<\/strong>. La propia Klara, en la en\u00e9sima transici\u00f3n de su selecci\u00f3n, <strong>se top\u00f3 con el poste al ejecutar un potente derechazo desde la frontal del \u00e1rea<\/strong>. Poco despu\u00e9s repetir\u00eda <strong>Brand, en lo que a madera se refiere, estrellando un centro-chut en el travesa\u00f1o<\/strong>.<\/p>\n<p><img decoding=\"async\" src=\"https:\/\/www.europesays.com\/es\/wp-content\/uploads\/2025\/11\/692a11f798f19.jpeg\" class=\"ue-c-article__image\" alt=\"\"\/><\/p>\n<p>Christian W\u00fcck sigue una jugada de Ona Batlle en el partido disputado en KaiserslauternEFE<\/p>\n<p data-mrf-recirculation=\"Links P\u00e1rrafos\" class=\"ue-c-article__paragraph paragraph xai-icon-container\"><strong>Los dos t\u00e9cnicos movieron los banquillos con cuentagotas<\/strong>, como si fuera una partida de ajedrez, intentando leer los \u00faltimos compases de una final de las de anta\u00f1o con partido de vuelta. Sonia meti\u00f3 primero a <strong>Eva Navarro<\/strong>; despu\u00e9s a <strong>M\u00e9ndez y Athenea<\/strong>; y acab\u00f3 dando la alternativa en punta a una <strong>Imade que debutaba con la selecci\u00f3n<\/strong>.<\/p>\n<p data-mrf-recirculation=\"Links P\u00e1rrafos\" class=\"ue-c-article__paragraph paragraph xai-icon-container\">La <strong>carga de kil\u00f3metros<\/strong> y lo pesado del terreno de juego con la lluvia hizo que aparecieran claros en el verde y espacios que descifrar por las jugadoras, pero el <strong>miedo a perder<\/strong> hizo que las ocasiones llegaran con cuentagotas. La m\u00e1s clara fue una salida de Cata para taponar el desmarque de B\u00fchl que acab\u00f3 con un disparo desviado de Mart\u00ednez desde fuera del \u00e1rea. <strong>Una vida extra para una Espa\u00f1a que sale con vida de Alemania&#8230;<\/strong><\/p>\n<p><img decoding=\"async\" src=\"https:\/\/www.europesays.com\/es\/wp-content\/uploads\/2025\/11\/692a244210eb3.jpeg\" class=\"ue-c-article__image\" alt=\"\"\/><\/p>\n<p>Ficha del Alemania-Espa\u00f1a.<\/p>\n","protected":false},"excerpt":{"rendered":"El primer asalto entre Alemania y Espa\u00f1a por la conquista de la Nations League acab\u00f3 siendo nulo al&hellip;\n","protected":false},"author":2,"featured_media":261117,"comment_status":"","ping_status":"","sticky":false,"template":"","format":"standard","meta":{"footnotes":""},"categories":[268],"tags":[168,25,24,280,282,281,23,167],"class_list":{"0":"post-261116","1":"post","2":"type-post","3":"status-publish","4":"format-standard","5":"has-post-thumbnail","7":"category-futbol","8":"tag-deportes","9":"tag-es","10":"tag-espana","11":"tag-football","12":"tag-futbol","13":"tag-soccer","14":"tag-spain","15":"tag-sports"},"share_on_mastodon":{"url":"https:\/\/pubeurope.com\/@es\/115629801697943191","error":""},"_links":{"self":[{"href":"https:\/\/www.europesays.com\/es\/wp-json\/wp\/v2\/posts\/261116","targetHints":{"allow":["GET"]}}],"collection":[{"href":"https:\/\/www.europesays.com\/es\/wp-json\/wp\/v2\/posts"}],"about":[{"href":"https:\/\/www.europesays.com\/es\/wp-json\/wp\/v2\/types\/post"}],"author":[{"embeddable":true,"href":"https:\/\/www.europesays.com\/es\/wp-json\/wp\/v2\/users\/2"}],"replies":[{"embeddable":true,"href":"https:\/\/www.europesays.com\/es\/wp-json\/wp\/v2\/comments?post=261116"}],"version-history":[{"count":0,"href":"https:\/\/www.europesays.com\/es\/wp-json\/wp\/v2\/posts\/261116\/revisions"}],"wp:featuredmedia":[{"embeddable":true,"href":"https:\/\/www.europesays.com\/es\/wp-json\/wp\/v2\/media\/261117"}],"wp:attachment":[{"href":"https:\/\/www.europesays.com\/es\/wp-json\/wp\/v2\/media?parent=261116"}],"wp:term":[{"taxonomy":"category","embeddable":true,"href":"https:\/\/www.europesays.com\/es\/wp-json\/wp\/v2\/categories?post=261116"},{"taxonomy":"post_tag","embeddable":true,"href":"https:\/\/www.europesays.com\/es\/wp-json\/wp\/v2\/tags?post=261116"}],"curies":[{"name":"wp","href":"https:\/\/api.w.org\/{rel}","templated":true}]}}