{"id":261118,"date":"2025-11-28T22:58:12","date_gmt":"2025-11-28T22:58:12","guid":{"rendered":"https:\/\/www.europesays.com\/es\/261118\/"},"modified":"2025-11-28T22:58:12","modified_gmt":"2025-11-28T22:58:12","slug":"de-cayetano-y-el-tato-a-tana-y-sibi-montes","status":"publish","type":"post","link":"https:\/\/www.europesays.com\/es\/261118\/","title":{"rendered":"de Cayetano y &#8216;El Tato&#8217; a Tana y Sibi Montes"},"content":{"rendered":"<p class=\"paragraph\">F<b>rancisco Rivera y Lourdes Montes<\/b> han celebrado el bautizo del peque\u00f1o Nicol\u00e1s este viernes en la iglesia de Santa Ana de Sevilla. El peque\u00f1o, que es el tercer hijo de la pareja, lleg\u00f3 al mundo el pasado 9 de abril y siete meses despu\u00e9s recib\u00eda las aguas bautismales rodeado de gran parte de su familia.<\/p>\n<p class=\"c-detail__media__subtitle composite_image\">\n<p>        Cayetano Rivera Ordo\u00f1ez, El Turronero Jos\u00e9 Luis L\u00e9pez Fernandez  y Carmen MariscalGTRES<\/p>\n<p class=\"paragraph\">Su t\u00edo <b>Cayetano Rivera<\/b> acudi\u00f3 solo a la cita familiar, igual que su hermana mayor <b>Cayetana Rivera <\/b>hija del primer matrimonio de su padre. No falt\u00f3 a la ceremonia un buen amigo de la familia,<b> Jos\u00e9 Luis L\u00f3pez,<\/b> El Turronero que ejerci\u00f3 como padrino del beb\u00e9. \u00abLa responsabilidad de ser padrino es importante\u00bb, dice el empresario.<\/p>\n<p class=\"paragraph\"> Ni falt\u00f3 tampoco otro amigo de la casa, el torero <b>Ra\u00fal Garc\u00eda, El Tato<\/b>, quien a punto estuvo de formar parte de esta cuando fue novio de<b> Sibi Montes,<\/b> con quien coincidi\u00f3 en el evento.<\/p>\n<p class=\"c-detail__media__subtitle composite_image\">\n<p>        Sibi Montes y Mateo Ib\u00e1\u00f1ezGTRES<\/p>\n<p class=\"paragraph\">Una pareja que rompi\u00f3 en 2021 y una pareja en la que ambos han rehecho sus vidas. <b>Sibi Montes<\/b> acudi\u00f3 con un elegante traje de chaqueta en blanco y negro del brazo de su marido, Mateo Ib\u00e1\u00f1ez.<\/p>\n<p class=\"c-detail__media__subtitle composite_image\">\n<p>        Ra\u00fal Garc\u00eda El Tato y Kate LapekasGTRES<\/p>\n<p class=\"paragraph\">Una cita que reuni\u00f3  a la familia y a los buenos amigos como Pepa Mu\u00f1oz, la due\u00f1a de El Q\u00fcenco de Pepa.<\/p>\n<p class=\"c-detail__media__subtitle composite_image\">\n<p>        Tana RiveraMontse Amodeo<\/p>\n<p class=\"paragraph\">Tras el acto religioso, los invitados celebreron un almuerzo en la  Hacienda Santa Eufemia, una casa solariega del siglo XVII situada a escasos minutos de Sevilla y con vistas a la Vega del Guadalquivir.<\/p>\n","protected":false},"excerpt":{"rendered":"Francisco Rivera y Lourdes Montes han celebrado el bautizo del peque\u00f1o Nicol\u00e1s este viernes en la iglesia de&hellip;\n","protected":false},"author":2,"featured_media":261119,"comment_status":"","ping_status":"","sticky":false,"template":"","format":"standard","meta":{"footnotes":""},"categories":[174],"tags":[255,146,147,25,24,256,23],"class_list":{"0":"post-261118","1":"post","2":"type-post","3":"status-publish","4":"format-standard","5":"has-post-thumbnail","7":"category-famosos","8":"tag-celebrities","9":"tag-entertainment","10":"tag-entretenimiento","11":"tag-es","12":"tag-espana","13":"tag-famosos","14":"tag-spain"},"share_on_mastodon":{"url":"https:\/\/pubeurope.com\/@es\/115629805055020814","error":""},"_links":{"self":[{"href":"https:\/\/www.europesays.com\/es\/wp-json\/wp\/v2\/posts\/261118","targetHints":{"allow":["GET"]}}],"collection":[{"href":"https:\/\/www.europesays.com\/es\/wp-json\/wp\/v2\/posts"}],"about":[{"href":"https:\/\/www.europesays.com\/es\/wp-json\/wp\/v2\/types\/post"}],"author":[{"embeddable":true,"href":"https:\/\/www.europesays.com\/es\/wp-json\/wp\/v2\/users\/2"}],"replies":[{"embeddable":true,"href":"https:\/\/www.europesays.com\/es\/wp-json\/wp\/v2\/comments?post=261118"}],"version-history":[{"count":0,"href":"https:\/\/www.europesays.com\/es\/wp-json\/wp\/v2\/posts\/261118\/revisions"}],"wp:featuredmedia":[{"embeddable":true,"href":"https:\/\/www.europesays.com\/es\/wp-json\/wp\/v2\/media\/261119"}],"wp:attachment":[{"href":"https:\/\/www.europesays.com\/es\/wp-json\/wp\/v2\/media?parent=261118"}],"wp:term":[{"taxonomy":"category","embeddable":true,"href":"https:\/\/www.europesays.com\/es\/wp-json\/wp\/v2\/categories?post=261118"},{"taxonomy":"post_tag","embeddable":true,"href":"https:\/\/www.europesays.com\/es\/wp-json\/wp\/v2\/tags?post=261118"}],"curies":[{"name":"wp","href":"https:\/\/api.w.org\/{rel}","templated":true}]}}