{"id":261124,"date":"2025-11-28T23:03:37","date_gmt":"2025-11-28T23:03:37","guid":{"rendered":"https:\/\/www.europesays.com\/es\/261124\/"},"modified":"2025-11-28T23:03:37","modified_gmt":"2025-11-28T23:03:37","slug":"cinco-candidatos-y-solo-un-ganador-vota-por-tu-favorito-para-llevarse-el-premio-en-pueblos-especiales","status":"publish","type":"post","link":"https:\/\/www.europesays.com\/es\/261124\/","title":{"rendered":"Cinco candidatos y solo un ganador: vota por tu favorito para llevarse el premio en &#8216;Pueblos especiales&#8217;"},"content":{"rendered":"<p>EL MOMENTO DE VOTAR<\/p>\n<p>Cinco oyentes de <b>Cuerpos especiales<\/b> han contado las bondades de sus pueblos y ahora te toca a ti elegir cu\u00e1l de los candidatos de la primera semana del concurso <b>Pueblos especiales<\/b> debe llevarse el premio. \u00bfGranja de Rocamora? \u00bfCortes? \u00bfCampillo de Altobuey? \u00bfSantill\u00e1n del Agua? \u00bfEstadilla? \u00a1Vota en nuestra encuesta y enchufa la radio el lunes para descubrir al ganador!<b>El periodo de votaciones se cierra el 1 de diciembre a las 07:00 horas<\/b><\/p>\n<p>\u00a1Empiezan los Juegos del hambre! \u00a1Empieza el momento decisivo!<\/p>\n<p>Vale, hemos exagerado un poco&#8230; Lo que empieza es la fase de votaciones de <b>Pueblos especiales<\/b>, el nuevo concurso de <a title=\"Cuerpos especiales\" href=\"https:\/\/www.europafm.com\/programas\/cuerpos-especiales\/\" target=\"_blank\" rel=\"nofollow noopener\"><b>Cuerpos especiales<\/b><\/a> para elegir los lugares m\u00e1s molones de Espa\u00f1a.<\/p>\n<p>Cinco localidades \u2014Granja de Rocamora, Cortes, Campillo de Altobuey, Santill\u00e1n del Agua y Estadilla\u2014 se baten en duelo en esta primera semana de concurso y son <b>los oyentes los que deben decidir<\/b> cu\u00e1l debe llevarse el premio. Sus vecinos ya han hecho de embajadores cont\u00e1ndonos sus bondades, e incluso nos han hecho la pelota invit\u00e1ndonos a dar el preg\u00f3n, pero ahora te toca a ti. \u00bfCu\u00e1l debe ser ganador?<\/p>\n<p>El periodo de votaciones se cierra el 1 de diciembre a las 07:00 horas y el pueblo ganador se conocer\u00e1 el mismo lunes. <a title=\"Eva Soriano\" href=\"https:\/\/www.europafm.com\/temas\/eva_soriano-1\" target=\"_blank\" rel=\"nofollow noopener\"><b>Eva Soriano<\/b><\/a> y <a title=\"Nacho Garc\u00eda\" href=\"https:\/\/www.europafm.com\/temas\/nacho_garcia-1\" target=\"_blank\" rel=\"nofollow noopener\"><b>Nacho Garc\u00eda<\/b><\/a> anunciar\u00e1n su nombre durante el programa.<\/p>\n<p>Adem\u00e1s, el lunes 1 arranca otra semana de <b>Pueblos especiales<\/b> con nuevos participantes. Recuerda, <b>para presumir de localidad debes mandar un mensaje a 619 441 746<\/b> y sacar pecho vendiendo las bondades de tu pueblo. Convi\u00e9rtete en embajador por un d\u00eda.<\/p>\n","protected":false},"excerpt":{"rendered":"EL MOMENTO DE VOTAR Cinco oyentes de Cuerpos especiales han contado las bondades de sus pueblos y ahora&hellip;\n","protected":false},"author":2,"featured_media":261125,"comment_status":"","ping_status":"","sticky":false,"template":"","format":"standard","meta":{"footnotes":""},"categories":[170],"tags":[146,147,25,24,184,185,23],"class_list":{"0":"post-261124","1":"post","2":"type-post","3":"status-publish","4":"format-standard","5":"has-post-thumbnail","7":"category-musica","8":"tag-entertainment","9":"tag-entretenimiento","10":"tag-es","11":"tag-espana","12":"tag-music","13":"tag-musica","14":"tag-spain"},"share_on_mastodon":{"url":"https:\/\/pubeurope.com\/@es\/115629824772286225","error":""},"_links":{"self":[{"href":"https:\/\/www.europesays.com\/es\/wp-json\/wp\/v2\/posts\/261124","targetHints":{"allow":["GET"]}}],"collection":[{"href":"https:\/\/www.europesays.com\/es\/wp-json\/wp\/v2\/posts"}],"about":[{"href":"https:\/\/www.europesays.com\/es\/wp-json\/wp\/v2\/types\/post"}],"author":[{"embeddable":true,"href":"https:\/\/www.europesays.com\/es\/wp-json\/wp\/v2\/users\/2"}],"replies":[{"embeddable":true,"href":"https:\/\/www.europesays.com\/es\/wp-json\/wp\/v2\/comments?post=261124"}],"version-history":[{"count":0,"href":"https:\/\/www.europesays.com\/es\/wp-json\/wp\/v2\/posts\/261124\/revisions"}],"wp:featuredmedia":[{"embeddable":true,"href":"https:\/\/www.europesays.com\/es\/wp-json\/wp\/v2\/media\/261125"}],"wp:attachment":[{"href":"https:\/\/www.europesays.com\/es\/wp-json\/wp\/v2\/media?parent=261124"}],"wp:term":[{"taxonomy":"category","embeddable":true,"href":"https:\/\/www.europesays.com\/es\/wp-json\/wp\/v2\/categories?post=261124"},{"taxonomy":"post_tag","embeddable":true,"href":"https:\/\/www.europesays.com\/es\/wp-json\/wp\/v2\/tags?post=261124"}],"curies":[{"name":"wp","href":"https:\/\/api.w.org\/{rel}","templated":true}]}}