{"id":261130,"date":"2025-11-28T23:09:11","date_gmt":"2025-11-28T23:09:11","guid":{"rendered":"https:\/\/www.europesays.com\/es\/261130\/"},"modified":"2025-11-28T23:09:11","modified_gmt":"2025-11-28T23:09:11","slug":"tony-germano-actor-de-netflix-y-nickelodeon-murio-tras-caer-del-techo-de-su-casa","status":"publish","type":"post","link":"https:\/\/www.europesays.com\/es\/261130\/","title":{"rendered":"Tony Germano, actor de Netflix y Nickelodeon, muri\u00f3 tras caer del techo de su casa"},"content":{"rendered":"<p><img alt=\"El actor y doblador brasile\u00f1o\" class=\"global-image\" decoding=\"async\" fetchpriority=\"high\" height=\"1080\" loading=\"eager\" src=\"https:\/\/www.europesays.com\/es\/wp-content\/uploads\/2025\/11\/MQRELJ2G7RBWROTQIH2NCNTQWQ.jpg\" width=\"1920\"\/>El actor y doblador brasile\u00f1o hab\u00eda vuelto a vivir en la antigua casa de sus padres menos de un mes antes del accidente (Instagram\/Tony Germano)<\/p>\n<p class=\"paragraph\">El actor brasile\u00f1o <b>Tony Germano<\/b>, conocido por su trabajo en producciones de <b>Netflix, Nickelodeon y Disney,<\/b> muri\u00f3 a los 55 a\u00f1os tras sufrir un tr\u00e1gico accidente en su casa en S\u00e3o Paulo. <\/p>\n<p class=\"paragraph\">La noticia fue confirmada oficialmente el mi\u00e9rcoles por su representante a medios de su pa\u00eds natal. <\/p>\n<p class=\"paragraph\">Germano era un personaje querido en la comunidad art\u00edstica brasile\u00f1a y contaba con m\u00e1s de tres d\u00e9cadas de experiencia en teatro, cine y televisi\u00f3n. Especialmente, se hab\u00eda dedicado al doblaje de voz en producciones internacionales para el p\u00fablico de habla portuguesa.<\/p>\n<p class=\"paragraph\">Los reportes de prensa local explican que el deceso de Germano ocurri\u00f3 por una fuerte ca\u00edda cuando \u00e9l estaba trabajando en el techo de la casa de sus padres. <\/p>\n<p class=\"paragraph\">Seg\u00fan fuentes brasile\u00f1as, el actor hab\u00eda regresado al hogar familiar hace muy poco tiempo y por ello estaba reorganizado el espacio. La revista Quem cita a la hermana del actor, quien indica que<b> cay\u00f3 desde la planta de concreto del techo mientras trabajaba en la remodelaci\u00f3n<\/b>. <\/p>\n<p><img alt=\"Germano era una figura destacada\" class=\"global-image\" decoding=\"async\" fetchpriority=\"low\" height=\"1343\" loading=\"lazy\" src=\"https:\/\/www.europesays.com\/es\/wp-content\/uploads\/2025\/11\/PZHB7MI25JHUDM3BF4VGMJLSHU.jpeg\" width=\"1074\"\/>Germano era una figura destacada del doblaje en Brasil, conocido por su trabajo en series de Netflix y Nickelodeon.(Instagram\/Tony Germano)<\/p>\n<p class=\"paragraph\">La noche anterior, seg\u00fan cont\u00f3 su familia, se hab\u00eda reunido con sus parientes y se lo hab\u00eda visto \u201cbien y animado con la mudanza\u201d.<\/p>\n<p class=\"paragraph\">Germano no ten\u00eda hijos. Su cuerpo fue velado el jueves en el Cemit\u00e9rio Bosque da Paz, en Vargem Grande Paulista, donde sus colegas y amigos se despidieron de \u00e9l. La compa\u00f1\u00eda teatral Articularte, de la que formaba parte, detall\u00f3 que el velorio comenz\u00f3 a las 8 de la ma\u00f1ana y que el entierro en el pante\u00f3n familiar fue programado para las 11:30 del mismo d\u00eda. <\/p>\n<p class=\"paragraph\">Tony Germano deja atr\u00e1s una prol\u00edfica carrera en el arte. En el \u00e1mbito del doblaje, trabaj\u00f3 en las versiones en portugu\u00e9s de producciones infantiles y juveniles para la televisi\u00f3n por cable y el streaming. <\/p>\n<p class=\"paragraph\">Particip\u00f3 en la adaptaci\u00f3n brasile\u00f1a de la serie animada de Netflix <b>Ve, perro. \u00a1Ve!<\/b><b> <\/b>(Vai, Cachorro, Vai!), interpret\u00f3 personajes en <b>Elena de Avalor<\/b> de Disney y trabaj\u00f3 en la comedia de Nickelodeon<b> <\/b><b>Nicky, Ricky, Dicky &amp; Dawn<\/b>. Tambi\u00e9n colabor\u00f3 en proyectos vinculados a The Muppets y prest\u00f3 su voz para la banda sonora en portugu\u00e9s del remake de acci\u00f3n real de Beauty and the Beast (A Bela e a Fera) en 2017, de acuerdo con reportes de medios brasile\u00f1os.<\/p>\n<p><img alt=\"Tony Germano record\u00f3 que le\" class=\"global-image\" decoding=\"async\" fetchpriority=\"low\" height=\"488\" loading=\"lazy\" src=\"https:\/\/www.europesays.com\/es\/wp-content\/uploads\/2025\/11\/ZX4LV3YBDBCRTBMYNO744ADH3Q.jpg\" width=\"857\"\/>Tony Germano record\u00f3 que le dio voz al Sr. Williams en la serie infantil \u00abNicky, Ricky, Dicky &amp; Dawn\u00bb (Instagram\/Tony Germano)<\/p>\n<p class=\"paragraph\">Su recorrido audiovisual incluy\u00f3 papeles en cine, como su trabajo en <b>An Unforgettable Year: Autumn<\/b> (2023), producci\u00f3n de Prime Video en la que interpret\u00f3 un rol de reparto en una historia ambientada en la Avenida Paulista. La pel\u00edcula form\u00f3 parte de una antolog\u00eda que continu\u00f3 con <b>An Unforgettable Year: Spring<\/b>, estrenada m\u00e1s tarde ese mismo a\u00f1o.<\/p>\n<p class=\"paragraph\">Entre sus cr\u00e9ditos m\u00e1s recientes figuraban tambi\u00e9n la pel\u00edcula musical de terror Phantom Summer (2022) y el thriller er\u00f3tico Labyrinth of Lost Boys (2025).<\/p>\n<p class=\"paragraph\">Tras conocerse la noticia, actores, directores y amigos expresaron su dolor y recordaron el legado del artista. <\/p>\n<p class=\"paragraph\">\u201cTony Germano se despide de este plano bajo el fuerte aplauso de sus pares. Un profesional intachable, un amigo querido, un actor de talento. Tuve el privilegio de estar a su lado en algunas producciones\u201d, escribi\u00f3 el actor y presentador <b>Miguel Falabella<\/b>, una de las figuras m\u00e1s reconocidas de la televisi\u00f3n brasile\u00f1a.<\/p>\n<p><img alt=\"Su carrera teatral incluy\u00f3 producciones\" class=\"global-image\" decoding=\"async\" fetchpriority=\"low\" height=\"900\" loading=\"lazy\" src=\"https:\/\/www.europesays.com\/es\/wp-content\/uploads\/2025\/11\/FOXKDXZSWNB7VI2O2F7YTP2UKU.jpeg\" width=\"1200\"\/>Su carrera teatral incluy\u00f3 producciones como Something Rotten!, The Wizard of Oz y O Fantasma da \u00d3pera. (Instagram\/Tony Germano)<\/p>\n<p class=\"paragraph\">\u201cSiempre voy a recordar todas las risas, las conversaciones, las travesuras entre bastidores y el estar a tu lado en los escenarios. Siempre fuiste luz e irradiabas alegr\u00eda por donde pasabas. Ve en paz, Tony, te amar\u00e9 para siempre\u201d, dijo la actriz y cantante Bia Brumatti. <\/p>\n<p class=\"paragraph\">Por su parte, su amigo y colaborador <b>Matheus Marchetti<\/b> revel\u00f3 conmovido que justo estaba editando una escena de Germano en la obra Dorian Gray cuando recibi\u00f3 la noticia de su muerte. <\/p>\n<p class=\"paragraph\">\u201cNunca hab\u00eda perdido a un amigo antes\u2026 Tony Germano fue el mayor de los amigos, el mayor de los artistas\u201d, escribi\u00f3 en X.<\/p>\n","protected":false},"excerpt":{"rendered":"El actor y doblador brasile\u00f1o hab\u00eda vuelto a vivir en la antigua casa de sus padres menos de&hellip;\n","protected":false},"author":2,"featured_media":261131,"comment_status":"","ping_status":"","sticky":false,"template":"","format":"standard","meta":{"footnotes":""},"categories":[91],"tags":[146,147,25,24,23],"class_list":{"0":"post-261130","1":"post","2":"type-post","3":"status-publish","4":"format-standard","5":"has-post-thumbnail","7":"category-entretenimiento","8":"tag-entertainment","9":"tag-entretenimiento","10":"tag-es","11":"tag-espana","12":"tag-spain"},"share_on_mastodon":{"url":"https:\/\/pubeurope.com\/@es\/115629848695189655","error":""},"_links":{"self":[{"href":"https:\/\/www.europesays.com\/es\/wp-json\/wp\/v2\/posts\/261130","targetHints":{"allow":["GET"]}}],"collection":[{"href":"https:\/\/www.europesays.com\/es\/wp-json\/wp\/v2\/posts"}],"about":[{"href":"https:\/\/www.europesays.com\/es\/wp-json\/wp\/v2\/types\/post"}],"author":[{"embeddable":true,"href":"https:\/\/www.europesays.com\/es\/wp-json\/wp\/v2\/users\/2"}],"replies":[{"embeddable":true,"href":"https:\/\/www.europesays.com\/es\/wp-json\/wp\/v2\/comments?post=261130"}],"version-history":[{"count":0,"href":"https:\/\/www.europesays.com\/es\/wp-json\/wp\/v2\/posts\/261130\/revisions"}],"wp:featuredmedia":[{"embeddable":true,"href":"https:\/\/www.europesays.com\/es\/wp-json\/wp\/v2\/media\/261131"}],"wp:attachment":[{"href":"https:\/\/www.europesays.com\/es\/wp-json\/wp\/v2\/media?parent=261130"}],"wp:term":[{"taxonomy":"category","embeddable":true,"href":"https:\/\/www.europesays.com\/es\/wp-json\/wp\/v2\/categories?post=261130"},{"taxonomy":"post_tag","embeddable":true,"href":"https:\/\/www.europesays.com\/es\/wp-json\/wp\/v2\/tags?post=261130"}],"curies":[{"name":"wp","href":"https:\/\/api.w.org\/{rel}","templated":true}]}}