{"id":261133,"date":"2025-11-28T23:11:11","date_gmt":"2025-11-28T23:11:11","guid":{"rendered":"https:\/\/www.europesays.com\/es\/261133\/"},"modified":"2025-11-28T23:11:11","modified_gmt":"2025-11-28T23:11:11","slug":"airbus-ha-lanzado-una-alerta-urgente-para-los-a320-el-avion-mas-entregado-del-mundo-se-avecinan-interrupciones-operativas","status":"publish","type":"post","link":"https:\/\/www.europesays.com\/es\/261133\/","title":{"rendered":"Airbus ha lanzado una alerta urgente para los A320, el avi\u00f3n m\u00e1s entregado del mundo: se avecinan \u201cinterrupciones operativas\u00bb"},"content":{"rendered":"<p>Si est\u00e1s cerca de coger un vuelo de corto o medio alcance, como el que conecta Madrid y Barcelona, Par\u00eds con Roma o Berl\u00edn con Praga, quiz\u00e1 te convenga mirar con atenci\u00f3n el billete y comprobar en qu\u00e9 modelo de avi\u00f3n vas a viajar. No se trata de preocuparse, porque el transporte a\u00e9reo <a rel=\"noopener, noreferrer nofollow\" href=\"https:\/\/www.iata.org\/en\/pressroom\/2025-releases\/2025-02-26-01\/\" target=\"_blank\">sigue siendo con diferencia el medio m\u00e1s seguro<\/a>, pero s\u00ed de entender que una parte muy relevante de esos trayectos se realiza en aviones <a rel=\"noopener, noreferrer nofollow\" href=\"https:\/\/www.airbus.com\/en\/products-services\/commercial-aircraft\/passenger-aircraft\/a320-family\" target=\"_blank\">Airbus A320<\/a>. Y justo ese modelo, el m\u00e1s entregado de la historia, est\u00e1 en el centro de una alerta preventiva que podr\u00eda derivar en retrasos puntuales, cambios de aeronave o reajustes operativos en los pr\u00f3ximos d\u00edas.<\/p>\n<p><a rel=\"noopener, noreferrer nofollow\" href=\"https:\/\/www.airbus.com\/en\/newsroom\/press-releases\/2025-11-airbus-update-on-a320-family-precautionary-fleet-action\" target=\"_blank\">Airbus ha reconocido que<\/a>, tras analizar un evento reciente en un avi\u00f3n de la familia A320, detect\u00f3 que una radiaci\u00f3n solar intensa podr\u00eda corromper datos fundamentales para el funcionamiento del sistema de control de vuelo. La compa\u00f1\u00eda identific\u00f3 que ese riesgo podr\u00eda afectar a \u201cun n\u00famero significativo de aviones actualmente en servicio\u201d. Por ese motivo, ha solicitado a las aerol\u00edneas aplicar medidas preventivas inmediatas, incluidas protecciones de software o hardware, con el objetivo de garantizar la seguridad operativa.<\/p>\n<p><strong>Un descenso inesperado en pleno vuelo.<\/strong> Reuters, <a rel=\"noopener, noreferrer nofollow\" href=\"https:\/\/www.reuters.com\/business\/aerospace-defense\/airbus-issues-major-a320-recall-after-flight-control-incident-2025-11-28\/\" target=\"_blank\">citando fuentes de la industria<\/a>, apunta a un vuelo de JetBlue como posible origen de esta revisi\u00f3n t\u00e9cnica. Se trataba de una ruta entre Canc\u00fan y Newark, el pasado 30 de octubre, <a rel=\"noopener, noreferrer nofollow\" href=\"https:\/\/edition.cnn.com\/2025\/10\/30\/us\/jetblue-flight-emergency-landing-florida\" target=\"_blank\">que registr\u00f3 una p\u00e9rdida repentina de altitud<\/a> y un problema de control de vuelo. Varios pasajeros resultaron heridos y la aeronave tuvo que desviarse y aterrizar en Tampa. El caso est\u00e1 siendo investigado por la autoridad estadounidense, aunque no ha sido validado oficialmente como desencadenante de la alerta.<\/p>\n<p><strong>La respuesta de las autoridades.<\/strong> Tras recibir los resultados del an\u00e1lisis de Airbus, la Agencia Europea de Seguridad A\u00e9rea <a rel=\"noopener, noreferrer nofollow\" href=\"https:\/\/ad.easa.europa.eu\/ad\/2025-0268-E\" target=\"_blank\">ha emitido una directiva de aeronavegabilidad de emergencia<\/a> en la que establece que, si se identifica un componente del sistema de control de vuelo afectado, la correcci\u00f3n deber\u00e1 aplicarse antes del siguiente vuelo, siguiendo las instrucciones t\u00e9cnicas del fabricante. El documento tambi\u00e9n proh\u00edbe volver a instalar componentes que hayan sido clasificados como afectados. No supone dejar en tierra a toda la familia A320, pero s\u00ed obliga a las aerol\u00edneas a adoptar medidas inmediatas y ajustar la programaci\u00f3n de sus operaciones cuando sea necesario.<\/p>\n<p>                   <img class=\"centro_sinmarco\" height=\"1906\" width=\"2668\" loading=\"lazy\" decoding=\"async\"  fetchpriority=\"high\"  src=\"https:\/\/www.europesays.com\/es\/wp-content\/uploads\/2025\/11\/1764371470_437_450_1000.png\" alt=\"Agencia\"\/><\/p>\n<p>        Directiva de aeronavegabilidad de emergencia de la Agencia Europea de Seguridad A\u00e9rea<\/p>\n<p><strong>Cuando el Sol afecta a los sistemas de vuelo.<\/strong> Airbus explic\u00f3 que determinados niveles de radiaci\u00f3n solar intensa pueden alterar datos esenciales para el funcionamiento del control de vuelo, algo poco frecuente, pero que requiere protecci\u00f3n adicional. En aviaci\u00f3n, estas situaciones no implican un fallo del avi\u00f3n, sino la necesidad de reforzar los sistemas para evitar que una interferencia externa afecte a componentes sensibles. De ah\u00ed la importancia de aplicar actualizaciones de software o hardware que aseguren que, incluso en condiciones excepcionales, el comportamiento del sistema sea estable y predecible.<\/p>\n<p>                   <img class=\"centro_sinmarco\" height=\"2638\" width=\"2560\" loading=\"lazy\" decoding=\"async\"  fetchpriority=\"high\"  src=\"https:\/\/www.europesays.com\/es\/wp-content\/uploads\/2025\/11\/1764371471_197_450_1000.png\" alt=\"Grupo2\"\/><\/p>\n<p>        Directiva de aeronavegabilidad de emergencia de la Agencia Europea de Seguridad A\u00e9rea<\/p>\n<p><strong>El avi\u00f3n popular en los aeropuertos.<\/strong> El Airbus A320 no es solo familiar para los pasajeros, tambi\u00e9n es el modelo con mayor presencia real en los aeropuertos. <a rel=\"noopener, noreferrer nofollow\" href=\"https:\/\/www.airbus.com\/en\/products-services\/commercial-aircraft\/orders-and-deliveries\" target=\"_blank\">Seg\u00fan datos del fabricante<\/a>, hay en operaci\u00f3n unos 11.300 aviones de la familia A320, de los cuales 6.440 corresponden al modelo A320. En octubre, <a class=\"text-outboundlink\" href=\"https:\/\/www.xataka.com\/empresas-y-economia\/airbus-a320-le-ha-arrebatado-al-boeing-737-record-historico-avion-entregado-historia\" data-vars-post-title=\"El Airbus A320 le ha arrebatado al Boeing 737 un r\u00e9cord hist\u00f3rico: ya es el avi\u00f3n m\u00e1s entregado de la historia\" data-vars-post-url=\"https:\/\/www.xataka.com\/empresas-y-economia\/airbus-a320-le-ha-arrebatado-al-boeing-737-record-historico-avion-entregado-historia\" rel=\"nofollow noopener\" target=\"_blank\">esta familia super\u00f3 al Boeing 737 como el avi\u00f3n m\u00e1s entregado de la historia<\/a>, con 12.260 unidades oficialmente entregadas desde su entrada en servicio en 1988. En aviaci\u00f3n, las entregas no se refieren a pedidos, sino a aviones completados, certificados y ya en manos de un operador.<\/p>\n<p><strong>Presente en los trayectos m\u00e1s comunes.<\/strong> Muchos pasajeros viajan en este modelo de avi\u00f3n en rutas habituales. <a rel=\"noopener, noreferrer nofollow\" href=\"https:\/\/www.flightradar24.com\/blog\/aviation-news\/airline-news\/airline-routes\/tracking-the-busiest-routes-in-europe\/\" target=\"_blank\">Flightradar24 lo identifica como<\/a> uno de los modelos m\u00e1s utilizados en vuelos de corto y medio alcance dentro de Europa, y tambi\u00e9n en otras partes del mundo. Trayectos como el Madrid\u2013Barcelona, operado por Iberia con Airbus A320, se realizan con frecuencia con este modelo. Esa presencia constante hace que cualquier medida preventiva pueda tener consecuencias visibles en la operativa diaria, incluso en trayectos rutinarios.<\/p>\n<p><strong>C\u00f3mo puede afectarte como pasajero.<\/strong> La directiva no implica que los vuelos en Airbus A320 vayan a cancelarse de forma generalizada, pero s\u00ed que las aerol\u00edneas deban ajustar su programaci\u00f3n mientras aplican las medidas t\u00e9cnicas indicadas. <a rel=\"noopener, noreferrer nofollow\" href=\"https:\/\/www.airbus.com\/en\/newsroom\/press-releases\/2025-11-airbus-update-on-a320-family-precautionary-fleet-action#:~:text=Airbus%20acknowledges%20these%20recommendations%20will%20lead%20to%20operational%20disruptions%20to%20passengers%20and%20customers.%20We%20apologise%20for%20the%20inconvenience%20caused%20and%20will%20work%20closely%20with%20operators%2C%20while%20keeping%20safety%20as%20our%20number%20one%20and%20overriding%20priority.\" target=\"_blank\">Airbus reconoce que estas recomendaciones<\/a> \u201cprovocar\u00e1n interrupciones operativas para pasajeros y clientes\u201d, lo que en la pr\u00e1ctica puede traducirse en cambios de aeronave, reprogramaciones puntuales o retrasos. Por eso, como se\u00f1alamos desde el inicio, conviene consultar el estado del vuelo hasta el \u00faltimo momento.<\/p>\n<p>    <a href=\"https:\/\/www.xataka.com\/transporte\/durante-anos-airbus-a380-simbolizo-poder-europeo-frente-a-boeing-hoy-sobrevive-como-coloso-reino\" class=\"pivot-outboundlink\" data-vars-post-title=\"Durante a\u00f1os el Airbus A380 simboliz\u00f3 el poder europeo frente a Boeing. Hoy sobrevive como un coloso sin reino\" rel=\"nofollow noopener\" target=\"_blank\"><br \/>\n     <img loading=\"lazy\" decoding=\"async\" alt=\"Durante a\u00f1os el Airbus A380 simboliz\u00f3 el poder europeo frente a Boeing. Hoy sobrevive como un coloso sin reino\" width=\"375\" height=\"142\" src=\"https:\/\/www.europesays.com\/es\/wp-content\/uploads\/2025\/11\/1764371471_679_375_142.jpeg\"\/><br \/>\n    <\/a><\/p>\n<p>La aviaci\u00f3n comercial no es el medio de transporte m\u00e1s seguro por casualidad, sino porque opera bajo un marco t\u00e9cnico y regulatorio muy estricto. En ese contexto, instrumentos como la directiva de aeronavegabilidad de emergencia permiten reaccionar con rapidez cuando se identifica un posible riesgo, como ha ocurrido en este caso con el A320. Airbus, la Agencia Europea de Seguridad A\u00e9rea y las aerol\u00edneas est\u00e1n aplicando medidas preventivas mientras la flota sigue operando, en un equilibrio constante entre continuidad del servicio y refuerzo de la seguridad.<\/p>\n<p>Im\u00e1genes | <a rel=\"noopener, noreferrer nofollow\" href=\"https:\/\/unsplash.com\/es\/fotos\/avion-blanco-de-iberia-RwKY1UaityQ\" target=\"_blank\">Miguel \u00c1ngel Sanz<\/a> | Captura de pantalla<\/p>\n<p>En Xataka | <a class=\"text-outboundlink\" href=\"https:\/\/www.xataka.com\/transporte\/comac-c919-simboliza-sueno-aereo-china-guerra-comercial-amenaza-cortarle-alas-pleno-despegue\" data-vars-post-title=\"El Comac C919 simboliza el sue\u00f1o a\u00e9reo de China: la guerra comercial amenaza con cortarle las alas en pleno despegue\" data-vars-post-url=\"https:\/\/www.xataka.com\/transporte\/comac-c919-simboliza-sueno-aereo-china-guerra-comercial-amenaza-cortarle-alas-pleno-despegue\" rel=\"nofollow noopener\" target=\"_blank\">El Comac C919 simboliza el sue\u00f1o a\u00e9reo de China: la guerra comercial amenaza con cortarle las alas en pleno despegue<\/a><\/p>\n","protected":false},"excerpt":{"rendered":"Si est\u00e1s cerca de coger un vuelo de corto o medio alcance, como el que conecta Madrid y&hellip;\n","protected":false},"author":2,"featured_media":261134,"comment_status":"","ping_status":"","sticky":false,"template":"","format":"standard","meta":{"footnotes":""},"categories":[80],"tags":[82,95,94,25,24,23],"class_list":{"0":"post-261133","1":"post","2":"type-post","3":"status-publish","4":"format-standard","5":"has-post-thumbnail","7":"category-economia","8":"tag-business","9":"tag-economia","10":"tag-economy","11":"tag-es","12":"tag-espana","13":"tag-spain"},"share_on_mastodon":{"url":"https:\/\/pubeurope.com\/@es\/115629857051688556","error":""},"_links":{"self":[{"href":"https:\/\/www.europesays.com\/es\/wp-json\/wp\/v2\/posts\/261133","targetHints":{"allow":["GET"]}}],"collection":[{"href":"https:\/\/www.europesays.com\/es\/wp-json\/wp\/v2\/posts"}],"about":[{"href":"https:\/\/www.europesays.com\/es\/wp-json\/wp\/v2\/types\/post"}],"author":[{"embeddable":true,"href":"https:\/\/www.europesays.com\/es\/wp-json\/wp\/v2\/users\/2"}],"replies":[{"embeddable":true,"href":"https:\/\/www.europesays.com\/es\/wp-json\/wp\/v2\/comments?post=261133"}],"version-history":[{"count":0,"href":"https:\/\/www.europesays.com\/es\/wp-json\/wp\/v2\/posts\/261133\/revisions"}],"wp:featuredmedia":[{"embeddable":true,"href":"https:\/\/www.europesays.com\/es\/wp-json\/wp\/v2\/media\/261134"}],"wp:attachment":[{"href":"https:\/\/www.europesays.com\/es\/wp-json\/wp\/v2\/media?parent=261133"}],"wp:term":[{"taxonomy":"category","embeddable":true,"href":"https:\/\/www.europesays.com\/es\/wp-json\/wp\/v2\/categories?post=261133"},{"taxonomy":"post_tag","embeddable":true,"href":"https:\/\/www.europesays.com\/es\/wp-json\/wp\/v2\/tags?post=261133"}],"curies":[{"name":"wp","href":"https:\/\/api.w.org\/{rel}","templated":true}]}}