{"id":261137,"date":"2025-11-28T23:13:10","date_gmt":"2025-11-28T23:13:10","guid":{"rendered":"https:\/\/www.europesays.com\/es\/261137\/"},"modified":"2025-11-28T23:13:10","modified_gmt":"2025-11-28T23:13:10","slug":"alemania-pide-perdon-en-gernika-por-los-muertos-durante-la-guerra-civil-y-el-pnv-exige-que-el-rey-tambien-lo-haga","status":"publish","type":"post","link":"https:\/\/www.europesays.com\/es\/261137\/","title":{"rendered":"Alemania pide perd\u00f3n en Gernika por los muertos durante la Guerra Civil y el PNV exige que el rey tambi\u00e9n lo haga"},"content":{"rendered":"<p class=\"pf0\">El presidente de la Rep\u00fablica Federal de Alemania, Frank-Walter Steinmeier, <b>ha asumido la responsabilidad alemana en el bombardeo de Gernika de 1937 <\/b>con motivo de su visita a la Villa foral, en la que ha honrado a las v\u00edctimas junto al rey Felipe VI. \u00abNo soy el primer alem\u00e1n que viene aqu\u00ed y lo hace en el lugar, pero creo que es bueno para nuestras relaciones bilaterales que, <b>por primera vez, un presidente alem\u00e1n est\u00e9 personalmente para reconocer la responsabilidad por los hechos de entonces\u00bb<\/b>, ha a\u00f1adido.<\/p>\n<p class=\"pf0\">Ha trasladado adem\u00e1s el compromiso de asegurar que la paz se mantenga y donde no existe se restaure: <b>\u00abQue defendamos la democracia, no solo en Espa\u00f1a, sino en toda Europa\u00bb, <\/b>en unas declaraciones recogidas por la &#8216;Agencia EFE&#8217;. <\/p>\n<p class=\"pf0\">El mandatario se ha desplazado a Euskadi dentro de su visita de Estado a Espa\u00f1a, que comenz\u00f3 el mi\u00e9rcoles y que ha tenido su acto central en el cementerio de Zallo. <b>Steinmeier<\/b><b> se ha convertido as\u00ed en el primer jefe de Estado alem\u00e1n en visitar Gernika<\/b>, atacada durante la Guerra Civil por aviones nazis e italianos.<\/p>\n<p class=\"pf0\">Por su parte, la de este viernes ha sido la <b>primera visita de Felipe VI a la localidad vizca\u00edna, tercera de un monarca espa\u00f1ol<\/b> tras las dos anteriores realizadas por su padre, Juan Carlos I, en 1981 y 1991. <\/p>\n<p class=\"pf0\">El presidente alem\u00e1n ha aterrizado en el aeropuerto vitoriano de Foronda a las once de la ma\u00f1ana, con casi una hora de retraso, para desplazarse hasta Ajuria Enea, residencia oficial del lehendakari. El jefe de Estado germano y su mujer, Elke B\u00fcdenbender, han sido <b>recibidos con un &#8216;aurresku&#8217; (el baile de honor) y junto con el <\/b><b>lehendakadi<\/b><b>, Imanol Pradales, han posado en las escalinatas<\/b> mientras se interpretaba el &#8216;Agur jaunak&#8217;.<\/p>\n<p class=\"pf0\">Dentro del palacio han saludado a una representaci\u00f3n de las instituciones vascas -estaban los tres diputados generales- y alemanas y ha sido <b>agasajado con una &#8216;<\/b><b>makila<\/b><b>&#8216;<\/b>, el tradicional bast\u00f3n vasco de mando. <\/p>\n<p>Detalles de la ceremonia<\/p>\n<p class=\"pf0\">Entre fuertes medidas de seguridad, el cementerio de Gernika ha sido el <b>escenario principal de una jornada en la que se ha celebrado el acto de desagravio a las v\u00edctimas del bombardeo<\/b> perpetrado por la Legi\u00f3n C\u00f3ndor y la Aviaci\u00f3n Legionaria. <\/p>\n<p class=\"pf0\">Los jefes de Estado de Espa\u00f1a y Alemania han llegado minutos antes de las 13:20 horas al camposanto, en cuya entrada ya se encontraba el lehendakari para recibirles. Tambi\u00e9n han sido saludados en el lugar por la <b>diputada general de Bizkaia, <\/b><b>ElixabeteEtxanobe; la presidenta del Parlamento Vasco, Bakartxo Tejeria; la delegada del Gobierno en el Pa\u00eds Vasco, Marisol Garmendia; la presidenta de las Juntas, Ana Otadui, y el alcalde de la localidad, Jos\u00e9 Mar\u00eda Gorro\u00f1o.<\/b><\/p>\n<p class=\"pf0\">El acto ha contado adem\u00e1s con la <b>presencia del secretario de Estado de la UE, Fernando Mariano Sampedro<\/b>, junto a cargos institucionales y pol\u00edticos del Pa\u00eds Vasco. <\/p>\n<p class=\"pf0\">La ceremonia ha comenzado con cinco toques de campana de la iglesia de San Juan de Ibarra, destruida en el bombardeo.<\/p>\n<p class=\"pf0\">El jefe de Estado alem\u00e1n ha permanecido de pie, junto a Felipe VI, frente al templete-mausoleo de las v\u00edctimas del bombardeo, donde <b>instantes antes funcionarios alemanes han depositado una corona de flores con una bandera alemana. <\/b> En el transcurso de la ceremonia se ha interpretado el &#8216;Gernika&#8217; de Pablo Sorozabal por la Sociedad Coral de Bilbao y su banda de &#8216;txistularis&#8217;. <\/p>\n<p class=\"pf0\">Felipe VI y Steinmeier<b>han saludado adem\u00e1s en el lugar a dos de las supervivientes del bombardeo, Crucita Etxabe y Mari Carmen Agirre,<\/b> y desde all\u00ed se han dirigido al Museo de la Paz, donde han recorrido las instalaciones y mantenido un encuentro directo con las dos mujeres. <\/p>\n<p class=\"pf0\">La primera dama alemana, Elke B\u00fcnderbender, y la diputada general de Bizkaia, ElixabeteEtxanobe, tambi\u00e9n han asistido a la <b>reuni\u00f3n con las dos supervivientes, ambas de 95 a\u00f1os, quienes les han relatado lo que vivieron durante el ataque <\/b>de los aviones alemanes e italianos. <\/p>\n<p class=\"pf0\">En las inmediaciones del lugar, varios cientos de j\u00f3venes convocados por GazteKoordinadoraSozialista (GKS), organizaci\u00f3n juvenil escindida de la izquierda abertzale, se hab\u00edan concentrado c<b>on pancartas en contra de la visita de Felipe VI y el presidente alem\u00e1n y \u00abfrente al blanqueo de los fascistas y los imperialistas\u00bb. <\/b><\/p>\n<p class=\"pf0\">La visita al Museo de la Paz, que ha contado tambi\u00e9n con la <b>presencia de la delegada del Gobierno, el alcalde de Gernika y miembros de la asociaci\u00f3n Gernika <\/b><b>Gogoratuz<\/b> (Gernika recordando), se ha prolongado hasta pasadas las 14:30 horas. <\/p>\n<p class=\"pf0\">Durante este tiempo todos ellos han conocido las distintas salas de una instalaci\u00f3n dedicada a la cultura de la paz y los derechos humanos que conserva contenidos y documentaci\u00f3n relativos a la memoria del bombardeo, la Guerra Civil y la posguerra. <\/p>\n<p class=\"pf0\">Posteriormente, Steinmeier se ha <b>desplazado hasta <\/b><b>Forua<\/b><b> para almorzar junto al lehendakari, donde ha reconocido la \u00abresponsabilidad hist\u00f3rica\u00bb <\/b>de su pa\u00eds en el bombardeo de 1937. La jornada ha concluido con una visita al Museo Guggenheim, tras la cual se ha desplazado hasta Foronda para emprender viaje de regreso a Alemania. <\/p>\n<p>Aitor Esteban pide el perd\u00f3n de Felipe VI<\/p>\n<p class=\"pf0\">Antes del inicio del acto, el presidente del PNV, Aitor Esteban, ha se\u00f1alado que <b>\u00abel Estado espa\u00f1ol\u00bb, as\u00ed como el propio monarca, deber\u00edan tener \u00abel mismo gesto de petici\u00f3n de perd\u00f3n\u00bb que Alemania. <\/b>Del mismo modo, ha ratificado que <b>\u00abGernika no es un s\u00edmbolo cualquiera\u00bb<\/b>, sino que <b>\u00abrepresenta las atrocidades e injusticias<\/b> que se han ido cometiendo en diversos lugares del planeta y tiene un valor especial\u00bb.<\/p>\n<p class=\"pf0\">\u00abYa s\u00e9 que algunos dicen que no es el mismo Gobierno, pero el presidente alem\u00e1n y su Gobierno no tienen nada que ver con la Alemania nazi, y <b>la Jefatura del Estado espa\u00f1ol est\u00e1 ah\u00ed despu\u00e9s de una transici\u00f3n y la monarqu\u00eda fue puesta por el r\u00e9gimen de Franco<\/b>, lo que se dio por hecho y tuvo que ser aceptado\u00bb, ha manifestado.<\/p>\n<p class=\"pf0\">En este sentido, ha subrayado que si el rey acude a este acto es <b>\u00abpara significar algo, no solo para venir de mero acompa\u00f1ante\u00bb<\/b> y le ha reclamado que tuviese el <b>\u00abmismo gesto que el presidente alem\u00e1n\u00bb<\/b> o que aportase algo <b>\u00abal pueblo vasco, a su autogobierno o a su reconocimiento nacional\u00bb. <\/b><\/p>\n<p>El PP vasco responde a Esteban<\/p>\n<p class=\"pf0\">El Partido Popular de Euskadi no ha tardado en reaccionar. Su presidente, Javier De Andr\u00e9s, ha recurrido a su perfil de X para responder a las palabras de Esteban: <b>\u00abQuerer atribuirle lo que ocurri\u00f3 en 1937 es una manipulaci\u00f3n de la verdad y de la historia\u00bb.<\/b><\/p>\n<p class=\"L6-news-detail__text\"><b><a href=\"https:\/\/profile.google.com\/cp\/CgkvbS8wZG5xejA?|||EXTERNO\" rel=\"nofollow noopener\" target=\"_blank\">*Sigue a laSexta en Google. Toda la actualidad y el mejor contenido aqu\u00ed.<\/a><\/b><\/p>\n","protected":false},"excerpt":{"rendered":"El presidente de la Rep\u00fablica Federal de Alemania, Frank-Walter Steinmeier, ha asumido la responsabilidad alemana en el bombardeo&hellip;\n","protected":false},"author":2,"featured_media":261138,"comment_status":"","ping_status":"","sticky":false,"template":"","format":"standard","meta":{"footnotes":""},"categories":[8],"tags":[17,18,25,24,13,14,11,19,20,9,10,15,16,23,12,21,22],"class_list":{"0":"post-261137","1":"post","2":"type-post","3":"status-publish","4":"format-standard","5":"has-post-thumbnail","7":"category-espana","8":"tag-breaking-news","9":"tag-breakingnews","10":"tag-es","11":"tag-espana","12":"tag-featured-news","13":"tag-featurednews","14":"tag-headlines","15":"tag-latest-news","16":"tag-latestnews","17":"tag-news","18":"tag-noticias","19":"tag-noticias-destacadas","20":"tag-noticiasdestacadas","21":"tag-spain","22":"tag-titulares","23":"tag-ultimas-noticias","24":"tag-ultimasnoticias"},"share_on_mastodon":{"url":"https:\/\/pubeurope.com\/@es\/115629864098396347","error":""},"_links":{"self":[{"href":"https:\/\/www.europesays.com\/es\/wp-json\/wp\/v2\/posts\/261137","targetHints":{"allow":["GET"]}}],"collection":[{"href":"https:\/\/www.europesays.com\/es\/wp-json\/wp\/v2\/posts"}],"about":[{"href":"https:\/\/www.europesays.com\/es\/wp-json\/wp\/v2\/types\/post"}],"author":[{"embeddable":true,"href":"https:\/\/www.europesays.com\/es\/wp-json\/wp\/v2\/users\/2"}],"replies":[{"embeddable":true,"href":"https:\/\/www.europesays.com\/es\/wp-json\/wp\/v2\/comments?post=261137"}],"version-history":[{"count":0,"href":"https:\/\/www.europesays.com\/es\/wp-json\/wp\/v2\/posts\/261137\/revisions"}],"wp:featuredmedia":[{"embeddable":true,"href":"https:\/\/www.europesays.com\/es\/wp-json\/wp\/v2\/media\/261138"}],"wp:attachment":[{"href":"https:\/\/www.europesays.com\/es\/wp-json\/wp\/v2\/media?parent=261137"}],"wp:term":[{"taxonomy":"category","embeddable":true,"href":"https:\/\/www.europesays.com\/es\/wp-json\/wp\/v2\/categories?post=261137"},{"taxonomy":"post_tag","embeddable":true,"href":"https:\/\/www.europesays.com\/es\/wp-json\/wp\/v2\/tags?post=261137"}],"curies":[{"name":"wp","href":"https:\/\/api.w.org\/{rel}","templated":true}]}}