{"id":261139,"date":"2025-11-28T23:14:25","date_gmt":"2025-11-28T23:14:25","guid":{"rendered":"https:\/\/www.europesays.com\/es\/261139\/"},"modified":"2025-11-28T23:14:25","modified_gmt":"2025-11-28T23:14:25","slug":"la-sociedad-de-desarrollo-obtiene-el-premio-de-excelencia-a-la-transparencia-digital-en-canarias","status":"publish","type":"post","link":"https:\/\/www.europesays.com\/es\/261139\/","title":{"rendered":"La Sociedad de Desarrollo obtiene el Premio de Excelencia a la Transparencia Digital en Canarias"},"content":{"rendered":"<p>El galard\u00f3n se otorga a las entidades que han obtenido la m\u00e1xima calificaci\u00f3n en el \u00cdndice de Transparencia de Canarias (ITCanarias) de forma reiterada. <\/p>\n<p>La Sociedad de Desarrollo de Santa Cruz de Tenerife obtiene el Premio de Excelencia a la Transparencia Digital en Canarias X Aniversario. As\u00ed lo comunic\u00f3 el alcalde de la capital tinerfe\u00f1a, Jos\u00e9 Manuel Berm\u00fadez, quien explic\u00f3 que \u201ceste galard\u00f3n se otorga a aquellas entidades que han obtenido la m\u00e1xima calificaci\u00f3n en el \u00cdndice de Transparencia de Canarias (ITCanarias) de forma reiterada\u201d, y a\u00f1adi\u00f3 que \u201crecibirlo pone de relieve el trabajo, la constancia, el rigor y el compromiso sostenido con la rendici\u00f3n de cuentas y el acceso p\u00fablico a la informaci\u00f3n\u201d. <\/p>\n<p>En este sentido, Berm\u00fadez, explic\u00f3 que \u201cla Sociedad de Desarrollo ha demostrado una vez m\u00e1s su compromiso por ser un aliado de la ciudadan\u00eda\u201d, y a\u00f1adi\u00f3 que \u201cgracias a todos los profesionales que la conforman, hoy podemos celebrar que no s\u00f3lo cumplimos con la mejora del empleo o la dinamizaci\u00f3n econ\u00f3mica de la ciudad, sino tambi\u00e9n cumplimos con el rigor de los datos, la claridad en la informaci\u00f3n y la transparencia que la ciudadan\u00eda exige y merece\u201d.<\/p>\n<p>Por su parte, la consejera delegada de la Sociedad de Desarrollo, Carmen P\u00e9rez, durante el acto de entrega celebrado en el Parlamento de Canarias, explic\u00f3 que \u201ccon este premio queremos reforzar la confianza de lo que somos y lo que hacemos en la Sociedad de Desarrollo, una entidad para la que la transparencia es un elemento esencial\u201d, y a\u00f1adi\u00f3 que \u201crecibir este premio es un orgullo para todo el equipo y tambi\u00e9n debe serlo para la ciudadan\u00eda, dado que se nos otorga por haber obtenido un 10 en cuatro evaluaciones de transparencia realizadas por el Comisionado a lo largo de los \u00faltimos a\u00f1os\u201d. <\/p>\n<p>\u201cLa transparencia es uno de los pilares de nuestra gesti\u00f3n y un objetivo que nos ponemos en cada acci\u00f3n o proyecto que desarrollamos\u201d, explic\u00f3 P\u00e9rez, quien a\u00f1adi\u00f3 que \u201ceste galard\u00f3n nos anima a seguir avanzando en nuestros procedimientos y a crear herramientas que faciliten a cualquier persona el acceso a informaci\u00f3n precisa y actualizada\u201d. <\/p>\n<p>En este sentido P\u00e9rez recalc\u00f3 que \u201ccon este premio demostramos que una gesti\u00f3n eficaz pasa por ser una gesti\u00f3n transparente\u201d, y a\u00f1adi\u00f3 que \u201cdesde la Sociedad de Desarrollo creemos en la importancia de que la transparencia est\u00e9 presente en todos nuestros procesos, por ello nuestros logros cobran mayor valor cuando vienen acompa\u00f1ados de claridad y un acceso sencillo y p\u00fablico a toda la informaci\u00f3n\u201d. <\/p>\n<p>El Comisionado de Transparencia de Canarias celebr\u00f3 este jueves su X Aniversario con una gala en la que se reconocieron a 81 entidades. La cita ha reunido a representantes del Parlamento de Canarias, de instituciones p\u00fablicas canarias y de los \u00f3rganos garantes de transparencia del Estado, as\u00ed como de diversas comunidades aut\u00f3nomas.<\/p>\n","protected":false},"excerpt":{"rendered":"El galard\u00f3n se otorga a las entidades que han obtenido la m\u00e1xima calificaci\u00f3n en el \u00cdndice de Transparencia&hellip;\n","protected":false},"author":2,"featured_media":261140,"comment_status":"","ping_status":"","sticky":false,"template":"","format":"standard","meta":{"footnotes":""},"categories":[5],"tags":[17,18,25,24,13,14,11,19,20,9,10,15,16,23,12,21,22],"class_list":{"0":"post-261139","1":"post","2":"type-post","3":"status-publish","4":"format-standard","5":"has-post-thumbnail","7":"category-titulares","8":"tag-breaking-news","9":"tag-breakingnews","10":"tag-es","11":"tag-espana","12":"tag-featured-news","13":"tag-featurednews","14":"tag-headlines","15":"tag-latest-news","16":"tag-latestnews","17":"tag-news","18":"tag-noticias","19":"tag-noticias-destacadas","20":"tag-noticiasdestacadas","21":"tag-spain","22":"tag-titulares","23":"tag-ultimas-noticias","24":"tag-ultimasnoticias"},"share_on_mastodon":{"url":"https:\/\/pubeurope.com\/@es\/115629867900186900","error":""},"_links":{"self":[{"href":"https:\/\/www.europesays.com\/es\/wp-json\/wp\/v2\/posts\/261139","targetHints":{"allow":["GET"]}}],"collection":[{"href":"https:\/\/www.europesays.com\/es\/wp-json\/wp\/v2\/posts"}],"about":[{"href":"https:\/\/www.europesays.com\/es\/wp-json\/wp\/v2\/types\/post"}],"author":[{"embeddable":true,"href":"https:\/\/www.europesays.com\/es\/wp-json\/wp\/v2\/users\/2"}],"replies":[{"embeddable":true,"href":"https:\/\/www.europesays.com\/es\/wp-json\/wp\/v2\/comments?post=261139"}],"version-history":[{"count":0,"href":"https:\/\/www.europesays.com\/es\/wp-json\/wp\/v2\/posts\/261139\/revisions"}],"wp:featuredmedia":[{"embeddable":true,"href":"https:\/\/www.europesays.com\/es\/wp-json\/wp\/v2\/media\/261140"}],"wp:attachment":[{"href":"https:\/\/www.europesays.com\/es\/wp-json\/wp\/v2\/media?parent=261139"}],"wp:term":[{"taxonomy":"category","embeddable":true,"href":"https:\/\/www.europesays.com\/es\/wp-json\/wp\/v2\/categories?post=261139"},{"taxonomy":"post_tag","embeddable":true,"href":"https:\/\/www.europesays.com\/es\/wp-json\/wp\/v2\/tags?post=261139"}],"curies":[{"name":"wp","href":"https:\/\/api.w.org\/{rel}","templated":true}]}}