{"id":261143,"date":"2025-11-28T23:22:14","date_gmt":"2025-11-28T23:22:14","guid":{"rendered":"https:\/\/www.europesays.com\/es\/261143\/"},"modified":"2025-11-28T23:22:14","modified_gmt":"2025-11-28T23:22:14","slug":"quien-es-joaquim-boumtje-joven-tirador-del-barca","status":"publish","type":"post","link":"https:\/\/www.europesays.com\/es\/261143\/","title":{"rendered":"Qui\u00e9n es Joaquim Boumtje, joven tirador del Bar\u00e7a"},"content":{"rendered":"<p>El Bar\u00e7a Atl\u00e8tic se ha llevado la victoria del segundo Cl\u00e1sico de Liga U22 disputado ante el Real Madrid por <strong><a href=\"https:\/\/ligau.com\/partido\/2494072\" rel=\"nofollow noopener\" target=\"_blank\">69 a 93<\/a><\/strong>. En un partido dominado claramente por el equipo blaugrana (16 de ventaja tras el primer cuarto) hubo un jugador que destac\u00f3 especialmente gracias a su acierto desde la larga distancia: <strong>Joaquim Boumtje<\/strong>.<\/p>\n<p>Boumtje Boumtje anot\u00f3 <strong>29 puntos<\/strong> en el partido gracias a un sobresaliente <strong>8 de 11 en triples <\/strong>incluyendo 6 de 7 en la primera mitad. Tambi\u00e9n sum\u00f3 6 rebotes y 29 de valoraci\u00f3n en el partido y un +26 en el tiempo que estuvo sobre la cancha. <\/p>\n<blockquote class=\"twitter-tweet\" data-width=\"550\" data-dnt=\"true\">\n<p lang=\"es\" dir=\"ltr\">\ud83d\udd25 IMPARABLE<\/p>\n<p>\ud83d\udd1d Joaquim Boumtje Boumtje y su exhibici\u00f3n ante el Real Madrid en la <a href=\"https:\/\/twitter.com\/Liga_U22?ref_src=twsrc%5Etfw\" rel=\"nofollow noopener\" target=\"_blank\">@Liga_U22<\/a> con victoria para el Bar\u00e7a por 69-93:<\/p>\n<p>\ud83d\udd3429 puntos<br \/>\ud83d\udd358 de 11 en triples<br \/>\ud83d\udd3429 valoraci\u00f3n<br \/>\ud83d\udd35+26 con \u00e9l en pista (23 minutos)<a href=\"https:\/\/t.co\/6Q9oKVudiv\" rel=\"nofollow\">pic.twitter.com\/6Q9oKVudiv<\/a><\/p>\n<p>\u2014 Gigantes del Basket (@GIGANTESbasket) <a href=\"https:\/\/twitter.com\/GIGANTESbasket\/status\/1994479006201385426?ref_src=twsrc%5Etfw\" rel=\"nofollow noopener\" target=\"_blank\">November 28, 2025<\/a><\/p><\/blockquote>\n<p>Junto a Boumtje tambi\u00e9n destac\u00f3 Mohamed Dabone con 16 puntos, 8 rebotes y 15 de valoraci\u00f3n y Abdrahamane Kone con 14 puntos y 5 rebotes. En el Real Madrid el mejor volvi\u00f3 a ser <a href=\"https:\/\/www.gigantes.com\/liga-u\/quien-es-egor-amosov\/\" rel=\"nofollow noopener\" target=\"_blank\">Egor Amosov<\/a> con 17 puntos, 8 rebotes y 15 de valoraci\u00f3n.<\/p>\n<p>Qui\u00e9n es Joaquim Boumtje<\/p>\n<p>Joaquim Boumtje es un ala-p\u00edvot estadounidense de 16 a\u00f1os que afronta su tercera temporada con el conjunto cul\u00e9. Firm\u00f3 con el Bar\u00e7a procedente del programa de formaci\u00f3n Team Speights Elite (Florida) y es hijo del exjugador camerun\u00e9s Rub\u00e9n Boumtje Boumtje que lleg\u00f3 a jugar en la NBA (Portland Trail Blazers) y pas\u00f3 por equipos como Alba Berl\u00edn o Bayern Munich en Europa.<\/p>\n<p>Boumtje ya ha brillado en la cantera del Bar\u00e7a logrando MVPs de torneos como el logrado en el U16 Sant Vicen\u00e7 de Montalt, llamando la atenci\u00f3n incluso en su pa\u00eds natal. El Team USA le convoc\u00f3 en este mes de octubre para el training camp de su selecci\u00f3n de cara a preparar el Mundial U17 que se disputar\u00e1 los pr\u00f3ximos meses de junio y julio en Turqu\u00eda por lo que podr\u00eda ser uno de los seleccionados pese a no estar realizando su formaci\u00f3n en Estados Unidos.<\/p>\n<p>Aqu\u00ed le puedes ver en acci\u00f3n en este v\u00eddeo de Basket Cantera:<\/p>\n<p class=\"has-text-align-right\">acb Photo<\/p>\n<p>\t\t\t\t\t\t<a href=\"https:\/\/www.gigantes.com\/tienda\/hemeroteca\/especial-40-aniversario-gigantes-del-basket-no-1-562-noviembre-2025\/\" target=\"_blank\" rel=\"noopener nofollow\"><br \/>\n\t\t\t\t\t\t\t<img decoding=\"async\" src=\"https:\/\/www.europesays.com\/es\/wp-content\/uploads\/2025\/11\/cropped-40.jpg\" alt=\"Revista Gigantes\"\/><br \/>\n\t\t\t\t\t\t<\/a><\/p>\n<p class=\"magazine-meta\">\n\t\t\t\t\t\t\t\t\t\t\t\t\t\t\t\t\t1562<br \/>\n\t\t\t\t\t\t\t\t\t\t\t\t\t\t\t\t\t\t\t\t\t\t\t\t\t |<br \/>\n\t\t\t\t\t\t\t\t\t\t\t\t\t\t\t\t\t\t\t\t\t\t\t\t\tNoviembre 2025\n\t\t\t\t\t\t\t\t\t\t\t\t\t\t\t<\/p>\n<p class=\"magazine-description\">Testigos del baloncesto. Cumplimos 40 a\u00f1os. Una edici\u00f3n diferente, llena de curiosidades, opiniones, gui\u00f1os, historia y cari\u00f1o. Cuatro d\u00e9cadas fusionando basket y papel.<\/p>\n<p>\t\t\t\t\t<a href=\"https:\/\/www.gigantes.com\/tienda\/hemeroteca\/especial-40-aniversario-gigantes-del-basket-no-1-562-noviembre-2025\/\" class=\"btn-primary\" target=\"_blank\" rel=\"noopener nofollow\">Comprar<\/a><\/p>\n<p><img decoding=\"async\" src=\"https:\/\/www.europesays.com\/es\/wp-content\/uploads\/2025\/11\/1764372134_435_mtracking.gif\" alt=\"Etiquetas de Mautic\" style=\"display:none;\"\/><\/p>\n<p>\t\t\t\t\t<script async src=\"https:\/\/platform.twitter.com\/widgets.js\" charset=\"utf-8\"><\/script><\/p>\n","protected":false},"excerpt":{"rendered":"El Bar\u00e7a Atl\u00e8tic se ha llevado la victoria del segundo Cl\u00e1sico de Liga U22 disputado ante el Real&hellip;\n","protected":false},"author":2,"featured_media":261144,"comment_status":"","ping_status":"","sticky":false,"template":"","format":"standard","meta":{"footnotes":""},"categories":[269],"tags":[299,298,168,25,24,23,167],"class_list":{"0":"post-261143","1":"post","2":"type-post","3":"status-publish","4":"format-standard","5":"has-post-thumbnail","7":"category-baloncesto","8":"tag-baloncesto","9":"tag-basketball","10":"tag-deportes","11":"tag-es","12":"tag-espana","13":"tag-spain","14":"tag-sports"},"share_on_mastodon":{"url":"https:\/\/pubeurope.com\/@es\/115629900377193863","error":""},"_links":{"self":[{"href":"https:\/\/www.europesays.com\/es\/wp-json\/wp\/v2\/posts\/261143","targetHints":{"allow":["GET"]}}],"collection":[{"href":"https:\/\/www.europesays.com\/es\/wp-json\/wp\/v2\/posts"}],"about":[{"href":"https:\/\/www.europesays.com\/es\/wp-json\/wp\/v2\/types\/post"}],"author":[{"embeddable":true,"href":"https:\/\/www.europesays.com\/es\/wp-json\/wp\/v2\/users\/2"}],"replies":[{"embeddable":true,"href":"https:\/\/www.europesays.com\/es\/wp-json\/wp\/v2\/comments?post=261143"}],"version-history":[{"count":0,"href":"https:\/\/www.europesays.com\/es\/wp-json\/wp\/v2\/posts\/261143\/revisions"}],"wp:featuredmedia":[{"embeddable":true,"href":"https:\/\/www.europesays.com\/es\/wp-json\/wp\/v2\/media\/261144"}],"wp:attachment":[{"href":"https:\/\/www.europesays.com\/es\/wp-json\/wp\/v2\/media?parent=261143"}],"wp:term":[{"taxonomy":"category","embeddable":true,"href":"https:\/\/www.europesays.com\/es\/wp-json\/wp\/v2\/categories?post=261143"},{"taxonomy":"post_tag","embeddable":true,"href":"https:\/\/www.europesays.com\/es\/wp-json\/wp\/v2\/tags?post=261143"}],"curies":[{"name":"wp","href":"https:\/\/api.w.org\/{rel}","templated":true}]}}