{"id":261145,"date":"2025-11-28T23:23:13","date_gmt":"2025-11-28T23:23:13","guid":{"rendered":"https:\/\/www.europesays.com\/es\/261145\/"},"modified":"2025-11-28T23:23:13","modified_gmt":"2025-11-28T23:23:13","slug":"futbolistas-de-12-anos-mandan-a-sus-rivales-chicas-a-fregar","status":"publish","type":"post","link":"https:\/\/www.europesays.com\/es\/261145\/","title":{"rendered":"Futbolistas de 12 a\u00f1os mandan a sus rivales chicas \u00aba fregar\u00bb"},"content":{"rendered":"<p>\n        Aunque se ha avanzado mucho,<strong> el <\/strong><a href=\"https:\/\/www.noticiasdenavarra.com\/tags\/machismo\/\" title=\"machismo\" target=\"_blank\" class=\"link copy\" rel=\"nofollow noopener\"><strong>machismo <\/strong><\/a><strong>sigue muy presente <\/strong>en la sociedad, y parece que est\u00e1 <strong>rebrotando entre los m\u00e1s j\u00f3venes,<\/strong> con el peligro que ello tiene de volver a tiempos pasados. Y de algunos \u00e1mbitos, como el del <strong>f\u00fatbol, nunca se ha erradicado,<\/strong> como ha podido comprobarse (una vez m\u00e1s) tras lo sucedido en un <strong>partido de ni\u00f1os en Cantabria<\/strong>.\n<\/p>\n<p>  Goleada y \u00aba fregar\u00bb<\/p>\n<p class=\"article-body__text \">\n        El pasado s\u00e1bado 22 de noviembre se enfrentaron en Santander las chicas del <strong>Monte Soccer F\u00e9minas<\/strong>, que jugaban en su campo, y el equipo masculino de <strong>Tercera Infantil (12 a\u00f1os) del Velarde CF<\/strong>, de la localidad de Muriedas. Jugaban chicos contra chicas porque en Cantabria hasta categor\u00eda infantil <strong>no hay liga femenina<\/strong>, con lo que compiten juntos.\n<\/p>\n<p>            <a href=\"https:\/\/www.noticiasdenavarra.com\/buzz-on\/2025\/05\/06\/ascienden-categoria-regalo-reciben-futbolistas-machista-9600863.html\" title=\"Ascienden de categor\u00eda y el regalo que reciben los futbolistas no puede ser m\u00e1s machista\" class=\"new__media\" rel=\"nofollow noopener\" target=\"_blank\"><\/p>\n<p>                <img alt=\"Ascienden de categor\u00eda y el regalo que reciben los futbolistas no puede ser m\u00e1s machista\" data-src=\"https:\/\/www.europesays.com\/es\/wp-content\/uploads\/2025\/11\/01966195-7f75-4918-83ad-609167c8f718_16-9-aspect-ratio_default_0.jpg\" class=\"lozad\"\/><\/p>\n<p>        <\/a><\/p>\n<p>        <a href=\"https:\/\/www.noticiasdenavarra.com\/buzz-on\/2025\/05\/06\/ascienden-categoria-regalo-reciben-futbolistas-machista-9600863.html\" title=\"Ascienden de categor\u00eda y el regalo que reciben los futbolistas no puede ser m\u00e1s machista\" class=\"new__headline\" rel=\"nofollow noopener\" target=\"_blank\"><br \/>\n            Ascienden de categor\u00eda y el regalo que reciben los futbolistas no puede ser m\u00e1s machista<br \/>\n        <\/a><\/p>\n<p class=\"article-body__text \">\n        El <strong>Velarde CF<\/strong> gan\u00f3 por un contundente <strong>0-8<\/strong> y alg\u00fan jugador de ese equipo difundi\u00f3 en sus <strong>redes sociales<\/strong> una foto de la celebraci\u00f3n de los nueve jugadores en el vestuario, poniendo el resultado y con el <strong>hashtag<\/strong> que ha desatado, con mucha raz\u00f3n, la pol\u00e9mica. Aparec\u00eda escrito <strong>\u201c<\/strong><strong>#afregar<\/strong><strong>\u201d<\/strong>.\n<\/p>\n<p>  Denuncia de lo sucedido<\/p>\n<p class=\"article-body__text \">\n        La <strong>Asociaci\u00f3n Espa\u00f1ola para la Paridad y la Igualdad en el Deporte <\/strong>(Asespai) ha denunciado ese <strong>vergonzoso mensaje<\/strong>. \u201cLevantarse y leer c\u00f3mo unos ni\u00f1os de 12 a\u00f1os mandan a fregar a un <strong>equipo femenino<\/strong> es absolutamente desolador. Este post es para los <strong>entrenadores<\/strong>, <strong>familias<\/strong>, <strong>educadores<\/strong>, ni\u00f1os y j\u00f3venes que creen que en <strong>igualdad<\/strong> ya est\u00e1 todo hecho\u201d, comienzan escribiendo en un post de Instagram.\n<\/p>\n<p class=\"article-body__text \">\n        \u201cLos chicos no solo <strong>no respetaron al rival<\/strong>, al margen de su sexo, algo ya de por s\u00ed reprobable. Lo m\u00e1s grave es que las denostaron, vejaron y <a href=\"https:\/\/www.noticiasdenavarra.com\/buzz-on\/2024\/11\/13\/indignacion-redes-humillacion-joaquin-prat-reportera-confusion-8927328.html\" title=\"humillaron\" target=\"_blank\" class=\"link copy\" rel=\"nofollow noopener\"><strong>humillaron <\/strong><\/a><strong>mand\u00e1ndolas <\/strong><strong>#afregar<\/strong><strong>.<\/strong> \u00bfQui\u00e9n tiene la culpa de que este comentario<strong> siga impune?<\/strong> \u00bfEl club? \u00bfLas familias? \u00bfLos educadores? \u00bfLa <strong>herencia cultural<\/strong>? \u00bfLa <strong>sociedad<\/strong> en su conjunto? No somos jueces ni lo pretendemos. Es solo un reporte de la situaci\u00f3n, esperando que sea puntual. Aun as\u00ed, no hemos podido por menos que ponerlo en conocimiento de todos, con la esperanza de<strong> que cada uno asuma su parte de responsabilidad<\/strong>\u201d, prosiguen, remarcando que \u201ca la vista est\u00e1 que <strong>queda mucho por hacer\u201d.<\/strong>\n<\/p>\n<p>            <a href=\"https:\/\/www.noticiasdenavarra.com\/television\/2025\/10\/19\/pruebas-machistas-hoy-inimaginables-habia-gran-juego-oca-10237199.html\" title=\"Estas pruebas machistas, hoy inimaginables, se ve\u00edan en &#039;El Gran Juego de la Oca&#039;\" class=\"new__media\" rel=\"nofollow noopener\" target=\"_blank\"><\/p>\n<p>                <img alt=\"Estas pruebas machistas, hoy inimaginables, se ve\u00edan en 'El Gran Juego de la Oca'\" data-src=\"https:\/\/www.europesays.com\/es\/wp-content\/uploads\/2025\/11\/2d20e71b-04bb-4a93-8d90-24ced11db776_16-9-aspect-ratio_default_0.jpg\" class=\"lozad\"\/><\/p>\n<p>        <\/a><\/p>\n<p>        <a href=\"https:\/\/www.noticiasdenavarra.com\/television\/2025\/10\/19\/pruebas-machistas-hoy-inimaginables-habia-gran-juego-oca-10237199.html\" title=\"Estas pruebas machistas, hoy inimaginables, se ve\u00edan en &#039;El Gran Juego de la Oca&#039;\" class=\"new__headline\" rel=\"nofollow noopener\" target=\"_blank\"><br \/>\n            Estas pruebas machistas, hoy inimaginables, se ve\u00edan en &#8216;El Gran Juego de la Oca&#8217;<br \/>\n        <\/a><\/p>\n<p>  La reacci\u00f3n del club<\/p>\n<p class=\"article-body__text \">\n        Ante lo sucedido, el presidente del <strong>Velarde CF<\/strong> asegur\u00f3 que ya han presentado un <strong>expediente sancionador<\/strong> y que todos los jugadores de su club, en el que compiten <strong>470 ni\u00f1os<\/strong>, recibir\u00e1n una charla divulgativa sobre la <strong>igualdad<\/strong>, el <strong>respeto en el deporte<\/strong> y sobre el impacto de las <strong>redes sociales<\/strong> en su d\u00eda a d\u00eda para evitar que se repita una situaci\u00f3n como esta.\n<\/p>\n<p class=\"article-body__text \">\n        Adem\u00e1s, en las \u00faltimas horas el club de Muriedas ha publicado en sus redes un <strong>comunicado <\/strong>asegurando que cuando tuvieron constancia de que uno de sus jugadores hab\u00eda publicado en sus redes sociales un \u201c<strong>comentario inapropiado<\/strong>\u201d, \u201cse contact\u00f3 con la <strong>familia<\/strong> del jugador y se procedi\u00f3 a la <strong>retirada del contenido<\/strong>\u201d, asegurando que \u201cel menor ha<strong> comprendido el error<\/strong> y se ha trabajado con \u00e9l en el \u00e1mbito <strong>educativo<\/strong>\u201d.\n<\/p>\n<p class=\"article-body__text \">\n        Adem\u00e1s, piden \u201c<strong>cautela<\/strong>, <strong>empat\u00eda<\/strong>, <strong>respecto<\/strong>, <strong>sentido com\u00fan<\/strong> y <strong>proporcionalidad<\/strong>\u201d y aseguran que no har\u00e1n m\u00e1s declaraciones \u201cpor respeto al menor y a su entorno\u201d, porque creen \u201cfundamental el respeto y cuidado del derecho a la <strong>intimidad<\/strong>, al <strong>honor<\/strong> y la <strong>privacidad<\/strong>, m\u00e1xime cuando se trata de <strong>menores<\/strong>\u201d. Un comunicado en el que muchos internautas <strong>echan en falta una petici\u00f3n de perd\u00f3n.<\/strong><\/p>\n","protected":false},"excerpt":{"rendered":"Aunque se ha avanzado mucho, el machismo sigue muy presente en la sociedad, y parece que est\u00e1 rebrotando&hellip;\n","protected":false},"author":2,"featured_media":261146,"comment_status":"","ping_status":"","sticky":false,"template":"","format":"standard","meta":{"footnotes":""},"categories":[268],"tags":[8513,988,16759,168,622,25,24,280,43819,282,29223,2932,281,23,167],"class_list":{"0":"post-261145","1":"post","2":"type-post","3":"status-publish","4":"format-standard","5":"has-post-thumbnail","7":"category-futbol","8":"tag-8513","9":"tag-anos","10":"tag-chicas","11":"tag-deportes","12":"tag-equipo","13":"tag-es","14":"tag-espana","15":"tag-football","16":"tag-fregar","17":"tag-futbol","18":"tag-mandan","19":"tag-ninos","20":"tag-soccer","21":"tag-spain","22":"tag-sports"},"share_on_mastodon":{"url":"https:\/\/pubeurope.com\/@es\/115629903324291537","error":""},"_links":{"self":[{"href":"https:\/\/www.europesays.com\/es\/wp-json\/wp\/v2\/posts\/261145","targetHints":{"allow":["GET"]}}],"collection":[{"href":"https:\/\/www.europesays.com\/es\/wp-json\/wp\/v2\/posts"}],"about":[{"href":"https:\/\/www.europesays.com\/es\/wp-json\/wp\/v2\/types\/post"}],"author":[{"embeddable":true,"href":"https:\/\/www.europesays.com\/es\/wp-json\/wp\/v2\/users\/2"}],"replies":[{"embeddable":true,"href":"https:\/\/www.europesays.com\/es\/wp-json\/wp\/v2\/comments?post=261145"}],"version-history":[{"count":0,"href":"https:\/\/www.europesays.com\/es\/wp-json\/wp\/v2\/posts\/261145\/revisions"}],"wp:featuredmedia":[{"embeddable":true,"href":"https:\/\/www.europesays.com\/es\/wp-json\/wp\/v2\/media\/261146"}],"wp:attachment":[{"href":"https:\/\/www.europesays.com\/es\/wp-json\/wp\/v2\/media?parent=261145"}],"wp:term":[{"taxonomy":"category","embeddable":true,"href":"https:\/\/www.europesays.com\/es\/wp-json\/wp\/v2\/categories?post=261145"},{"taxonomy":"post_tag","embeddable":true,"href":"https:\/\/www.europesays.com\/es\/wp-json\/wp\/v2\/tags?post=261145"}],"curies":[{"name":"wp","href":"https:\/\/api.w.org\/{rel}","templated":true}]}}