{"id":261149,"date":"2025-11-28T23:25:18","date_gmt":"2025-11-28T23:25:18","guid":{"rendered":"https:\/\/www.europesays.com\/es\/261149\/"},"modified":"2025-11-28T23:25:18","modified_gmt":"2025-11-28T23:25:18","slug":"el-artista-ricardo-olivera-fritz-en-omorfia-art-gallery","status":"publish","type":"post","link":"https:\/\/www.europesays.com\/es\/261149\/","title":{"rendered":"El artista Ricardo Olivera \u2018Fritz\u2019, en Omorfia Art Gallery"},"content":{"rendered":"<p class=\"paragraph-atom&#10;        &#10;        B-510-400-550-N B-525-400-700-N--md&#10;        &#10;        \">\n    En Omorfia Art Gallery, en la calle San Pedro, ha tenido lugar la inauguraci\u00f3n de la exposici\u00f3n  del artista Ricardo Olivera  Fritz, titualda La intimidad del poder. Conjuras palaciegas. La muestra la protagonizan personajes de la familia Franco, coincidiendo con el 50 aniversario del final del fraquismo, a trav\u00e9s de escenas cotidianas, familiares e hist\u00f3ricas. Tambi\u00e9n Fritz present\u00f3 los dibujos originales del libro de comic El Caballero del Santo Sepulcro, realizado con el guionista  \u00c1lex Romero, un libro protagonizado por el yerno de Franco, con el dominio del dibujo y la caricatura que caracteriza al artista. Durante la inauguraci\u00f3n tuvo lugar la firma de ejemplares. La muestra se podr\u00e1 visitar hasta el pr\u00f3ximo viernes 12 de diciembre.\n    <\/p>\n<p>                                                            <img decoding=\"async\" loading=\"lazy\" src=\"https:\/\/www.europesays.com\/es\/wp-content\/uploads\/2025\/11\/c19c9138-ed9b-4345-87c0-c12c2f5e673c_16-9-aspect-ratio_1600w_0.jpg\" alt=\"Amalia Quir\u00f3s, Jes\u00fas Gonz\u00e1lez Santos, Pilar L\u00f3pez y Mar\u00eda Luisa Mesa coincidieron durante la inauguraci\u00f3n de la exposici\u00f3n.\" title=\"Amalia Quir\u00f3s, Jes\u00fas Gonz\u00e1lez Santos, Pilar L\u00f3pez y Mar\u00eda Luisa Mesa coincidieron durante la inauguraci\u00f3n de la exposici\u00f3n.\" height=\"900\" width=\"1600\"\/><\/p>\n<p>            Amalia Quir\u00f3s, Jes\u00fas Gonz\u00e1lez Santos, Pilar L\u00f3pez y Mar\u00eda Luisa Mesa coincidieron durante la inauguraci\u00f3n de la exposici\u00f3n.<br \/>\n                    \/ Ignacio Casas de Ciria<\/p>\n<p>                                                            <img decoding=\"async\" loading=\"lazy\" src=\"https:\/\/www.europesays.com\/es\/wp-content\/uploads\/2025\/11\/b7ba80f5-67f3-40af-b2f2-e3515e98baa1_16-9-aspect-ratio_1600w_0.jpg\" alt=\"Quete Mart\u00ednez, Ana V\u00e1zquez, \u00c1lvaro Tirado y Manuel y Jorge Aracama, recorriendo la exposici\u00f3n tras  su inauguraci\u00f3n.\" title=\"Quete Mart\u00ednez, Ana V\u00e1zquez, \u00c1lvaro Tirado y Manuel y Jorge Aracama, recorriendo la exposici\u00f3n tras  su inauguraci\u00f3n.\" height=\"900\" width=\"1600\"\/><\/p>\n<p>            Quete Mart\u00ednez, Ana V\u00e1zquez, \u00c1lvaro Tirado y Manuel y Jorge Aracama, recorriendo la exposici\u00f3n tras  su inauguraci\u00f3n.<br \/>\n                    \/ Ignacio Casas de Ciria<\/p>\n","protected":false},"excerpt":{"rendered":"En Omorfia Art Gallery, en la calle San Pedro, ha tenido lugar la inauguraci\u00f3n de la exposici\u00f3n del&hellip;\n","protected":false},"author":2,"featured_media":261150,"comment_status":"","ping_status":"","sticky":false,"template":"","format":"standard","meta":{"footnotes":""},"categories":[173],"tags":[229,233,1830,231,230,232,234,146,147,25,24,4097,65195,62962,4764,23],"class_list":{"0":"post-261149","1":"post","2":"type-post","3":"status-publish","4":"format-standard","5":"has-post-thumbnail","7":"category-arte-y-diseno","8":"tag-arte","9":"tag-arte-y-diseno","10":"tag-artista","11":"tag-arts","12":"tag-arts-and-design","13":"tag-design","14":"tag-diseno","15":"tag-entertainment","16":"tag-entretenimiento","17":"tag-es","18":"tag-espana","19":"tag-fritz","20":"tag-olivera","21":"tag-omorfia","22":"tag-ricardo","23":"tag-spain"},"share_on_mastodon":{"url":"https:\/\/pubeurope.com\/@es\/115629911301006857","error":""},"_links":{"self":[{"href":"https:\/\/www.europesays.com\/es\/wp-json\/wp\/v2\/posts\/261149","targetHints":{"allow":["GET"]}}],"collection":[{"href":"https:\/\/www.europesays.com\/es\/wp-json\/wp\/v2\/posts"}],"about":[{"href":"https:\/\/www.europesays.com\/es\/wp-json\/wp\/v2\/types\/post"}],"author":[{"embeddable":true,"href":"https:\/\/www.europesays.com\/es\/wp-json\/wp\/v2\/users\/2"}],"replies":[{"embeddable":true,"href":"https:\/\/www.europesays.com\/es\/wp-json\/wp\/v2\/comments?post=261149"}],"version-history":[{"count":0,"href":"https:\/\/www.europesays.com\/es\/wp-json\/wp\/v2\/posts\/261149\/revisions"}],"wp:featuredmedia":[{"embeddable":true,"href":"https:\/\/www.europesays.com\/es\/wp-json\/wp\/v2\/media\/261150"}],"wp:attachment":[{"href":"https:\/\/www.europesays.com\/es\/wp-json\/wp\/v2\/media?parent=261149"}],"wp:term":[{"taxonomy":"category","embeddable":true,"href":"https:\/\/www.europesays.com\/es\/wp-json\/wp\/v2\/categories?post=261149"},{"taxonomy":"post_tag","embeddable":true,"href":"https:\/\/www.europesays.com\/es\/wp-json\/wp\/v2\/tags?post=261149"}],"curies":[{"name":"wp","href":"https:\/\/api.w.org\/{rel}","templated":true}]}}