{"id":26116,"date":"2025-08-05T00:08:09","date_gmt":"2025-08-05T00:08:09","guid":{"rendered":"https:\/\/www.europesays.com\/es\/26116\/"},"modified":"2025-08-05T00:08:09","modified_gmt":"2025-08-05T00:08:09","slug":"rafa-nadal-asiste-por-primera-vez-y-sin-xisca-perello-a-marivent-como-marques-de-llevant-de-mallorca","status":"publish","type":"post","link":"https:\/\/www.europesays.com\/es\/26116\/","title":{"rendered":"Rafa Nadal asiste por primera vez y sin Xisca Perell\u00f3 a Marivent como marqu\u00e9s de Llevant de Mallorca"},"content":{"rendered":"<p><a href=\"https:\/\/www.eleconomista.es\/informalia\/casas-reales\/noticias\/13492941\/08\/25\/debut-de-la-princesa-leonor-y-la-infanta-sofia-en-la-recepcion-de-marivent-complicidad-con-los-reyes-y-del-brazo-de-dona-sofia.html\" title=\"Debut de la princesa Leonor y la infanta Sof\u00eda en la recepci\u00f3n de Marivent: complicidad con los Reyes y del brazo de do\u00f1a Sof\u00eda\" rel=\"nofollow noopener\" target=\"_blank\">La tradicional recepci\u00f3n que la Familia Real celebra cada verano en el Palacio de Marivent<\/a> ha estado marcada este a\u00f1o por varias novedades que reflejan tanto el relevo generacional como el reconocimiento a figuras de excelencia. <b>Uno de los grandes protagonistas de la velada ha sido Rafa Nadal<\/b>, quien ha acudido por primera vez a esta cita institucional como reci\u00e9n nombrado Marqu\u00e9s de Llevant de Mallorca.<\/p>\n<p><b>El acto ha reunido a m\u00e1s de 300 invitados de distintos \u00e1mbitos de la sociedad balear<\/b> \u2014cultura, deporte, ciencia, educaci\u00f3n o empresa\u2014 en un entorno emblem\u00e1tico como son los jardines de Marivent. Un espacio de m\u00e1s de 9.000 metros cuadrados en el que se combinan especies aut\u00f3ctonas con esculturas originales de Joan Mir\u00f3, y que ha servido de escenario para un evento lleno de simbolismo y cercan\u00eda.<\/p>\n<p><b>Rafa Nadal ha sido uno de los grandes focos de atenci\u00f3n<\/b>. Su presencia ha despertado una gran expectaci\u00f3n, no solo por su relevancia deportiva, sino porque esta ha sido la primera ocasi\u00f3n en la que asiste a este evento veraniego junto a la Familia Real, tras haber sido distinguido por el rey Felipe VI con un t\u00edtulo nobiliario en reconocimiento a su trayectoria excepcional.<\/p>\n<p>                            <img decoding=\"async\" src=\"https:\/\/www.europesays.com\/es\/wp-content\/uploads\/2025\/08\/770x_d0dd8af009ba-europapress6891654reinadonaletizaprincesaleonorinfantasofiajuntorafael.jpg\" loading=\"lazy\"\/><\/p>\n<p>El reencuentro entre el monarca y el tenista se ha producido poco m\u00e1s de un mes despu\u00e9s de <b>la publicaci\u00f3n del Real Decreto que oficializaba la concesi\u00f3n del marquesado<\/b>. \u00abSus respectivas trayectorias son exponentes de la excelencia\u00bb, se\u00f1alaba el comunicado que inclu\u00eda tambi\u00e9n a otras cinco personalidades reconocidas por su contribuci\u00f3n en distintas disciplinas: Teresa Perales, Luz Casal, Jaime Alfons\u00edn, Carlos L\u00f3pez Ot\u00edn y Cristina Garc\u00eda Rodero.<\/p>\n<p>Nadal ha saludado con afecto y deferencia a los miembros de la Familia Real, en el siguiente orden protocolario:<b> el rey Felipe, la reina Letizia, la princesa Leonor, la infanta Sof\u00eda y la reina em\u00e9rita Sof\u00eda<\/b>. Las conversaciones con cada uno han sido distendidas y cordiales, reflejo de una relaci\u00f3n que, desde hace a\u00f1os, se caracteriza por el respeto mutuo y el afecto personal. Cabe recordar que tanto don Juan Carlos como do\u00f1a Sof\u00eda estuvieron presentes en su boda y tambi\u00e9n han visitado su academia en Manacor.<\/p>\n<p>                            <img decoding=\"async\" src=\"https:\/\/www.europesays.com\/es\/wp-content\/uploads\/2025\/08\/770x_nadal-marivent2.jpg\" loading=\"lazy\"\/><\/p>\n<p>Durante el c\u00f3ctel posterior, dise\u00f1ado por el chef estrella Michelin Andreu Genestra, Nadal ha sido uno de los invitados m\u00e1s solicitados. <b>Decenas de asistentes han aprovechado la oportunidad para conversar con \u00e9l o hacerse una fotograf\u00eda<\/b>. Su presencia encarna un s\u00edmbolo compartido por todos: el esfuerzo, la humildad y la excelencia como bandera.<\/p>\n<p><b>Otro de los momentos destacados de la velada fue la coincidencia entre Nadal y otros grandes del deporte como Rudy Fern\u00e1ndez<\/b>, quien acudi\u00f3 junto a su esposa, la modelo Helen Lindes. Tambi\u00e9n estuvo presente Jos\u00e9 Antonio Tirado, director del Palma Futsal, en su primera aparici\u00f3n p\u00fablica tras un complicado proceso de recuperaci\u00f3n de salud mental. La conversaci\u00f3n entre estos referentes deportivos y el tenista fue uno de los puntos m\u00e1s comentados del evento.<\/p>\n<p>                            <img decoding=\"async\" src=\"https:\/\/www.europesays.com\/es\/wp-content\/uploads\/2025\/08\/770x_nadal-marivent1.jpg\" loading=\"lazy\"\/><\/p>\n<p>La ausencia de Nadal en recepciones anteriores puede explicarse por sus compromisos profesionales. <b>Hasta su retirada oficial en 2024, los veranos estaban marcados por entrenamientos y competiciones<\/b>. Ahora, con una vida m\u00e1s pausada y centrada en su familia \u2014espera su segundo hijo junto a Mery Perell\u00f3\u2014, ha podido integrarse por fin en este tipo de actos representativos.<\/p>\n<p>El debut de Nadal como Marqu\u00e9s de Llevant de Mallorca en Marivent es mucho m\u00e1s que una an\u00e9cdota protocolaria. Es un reflejo de la profunda admiraci\u00f3n que el pa\u00eds siente por uno de sus hijos m\u00e1s universales, alguien que ha sabido unir al pa\u00eds en torno a valores compartidos.<b> En esta nueva etapa, alejado ya de la \u00e9lite deportiva, Nadal solo tiene un deseo: \u00abSer recordado como una buena persona\u00bb.<\/b><\/p>\n<p>WhatsApp<a href=\"https:\/\/api.whatsapp.com\/send?text=https:\/\/www.eleconomista.es\/informalia\/casas-reales\/noticias\/13492979\/08\/25\/rafa-nadal-asiste-por-primera-vez-y-sin-xisca-perello-a-marivent-como-marques-de-llevant-de-mallorca.html?utm_source%3Dwhatsapp%26utm_medium%3Dshare_button&amp;id=1648118629957_whatsapp\" target=\"_blank\" data-action=\"share\/whatsapp\/share\" aria-label=\"Compartir en Whatsapp\" rel=\"nofollow noopener\"><\/a>Facebook<a id=\"fb-share\" href=\"#\" target=\"_blank\" rel=\"noopener noreferrer\" aria-label=\"Compartir en Facebook\"><\/a>Twitter<a href=\"https:\/\/twitter.com\/share?text=Rafa+Nadal+asiste+por+primera+vez+y+sin+Xisca+Perell%C3%B3+a+Marivent+como+marqu%C3%A9s+de+Llevant+de+Mallorca&amp;url=https:\/\/www.eleconomista.es\/informalia\/casas-reales\/noticias\/13492979\/08\/25\/rafa-nadal-asiste-por-primera-vez-y-sin-xisca-perello-a-marivent-como-marques-de-llevant-de-mallorca.html&amp;via=Informalia&amp;id=1648118839245_twitter\" target=\"_blank\" aria-label=\"Compartir en Twitter\" rel=\"nofollow noopener\"><\/a>Linkedin<a onclick=\"return abrirLinkedin();\" href=\"https:\/\/www.linkedin.com\/shareArticle?text=Rafa+Nadal+asiste+por+primera+vez+y+sin+Xisca+Perell%C3%B3+a+Marivent+como+marqu%C3%A9s+de+Llevant+de+Mallorca&amp;url=https:\/\/www.eleconomista.es\/informalia\/casas-reales\/noticias\/13492979\/08\/25\/rafa-nadal-asiste-por-primera-vez-y-sin-xisca-perello-a-marivent-como-marques-de-llevant-de-mallorca.html&amp;mini=true\" target=\"_blank\" aria-label=\"Compartir en linkedin\" rel=\"nofollow noopener\"><\/a>Beloud<a href=\"https:\/\/beloud.com\/share?text=Rafa+Nadal+asiste+por+primera+vez+y+sin+Xisca+Perell%C3%B3+a+Marivent+como+marqu%C3%A9s+de+Llevant+de+Mallorca&amp;url=https:\/\/www.eleconomista.es\/informalia\/casas-reales\/noticias\/13492979\/08\/25\/rafa-nadal-asiste-por-primera-vez-y-sin-xisca-perello-a-marivent-como-marques-de-llevant-de-mallorca.html&amp;via=Informalia&amp;id=1648118839245_beloud\" target=\"_blank\" aria-label=\"Compartir en beloud\" rel=\"nofollow noopener\"><\/a>Bluesky<a href=\"https:\/\/bsky.app\/intent\/compose?text=https:\/\/bsky.app\/intent\/compose?text=https:\/\/www.eleconomista.es\/informalia\/casas-reales\/noticias\/13492979\/08\/25\/rafa-nadal-asiste-por-primera-vez-y-sin-xisca-perello-a-marivent-como-marques-de-llevant-de-mallorca.html&amp;url=https:\/\/www.eleconomista.es\/informalia\/casas-reales\/noticias\/13492979\/08\/25\/rafa-nadal-asiste-por-primera-vez-y-sin-xisca-perello-a-marivent-como-marques-de-llevant-de-mallorca.html&amp;via=elEconomistaes&amp;id=1648118839245_bluesky\" target=\"_blank\" aria-label=\"Compartir en bluesky\" rel=\"nofollow noopener\"><\/a><\/p>\n<p><script async src=\"https:\/\/platform.twitter.com\/widgets.js\" charset=\"utf-8\"><\/script><\/p>\n","protected":false},"excerpt":{"rendered":"La tradicional recepci\u00f3n que la Familia Real celebra cada verano en el Palacio de Marivent ha estado marcada&hellip;\n","protected":false},"author":2,"featured_media":26117,"comment_status":"","ping_status":"","sticky":false,"template":"","format":"standard","meta":{"footnotes":""},"categories":[274],"tags":[14486,168,25,24,23,167,327,326],"class_list":{"0":"post-26116","1":"post","2":"type-post","3":"status-publish","4":"format-standard","5":"has-post-thumbnail","7":"category-tenis","8":"tag-casas-reales","9":"tag-deportes","10":"tag-es","11":"tag-espana","12":"tag-spain","13":"tag-sports","14":"tag-tenis","15":"tag-tennis"},"share_on_mastodon":{"url":"","error":""},"_links":{"self":[{"href":"https:\/\/www.europesays.com\/es\/wp-json\/wp\/v2\/posts\/26116","targetHints":{"allow":["GET"]}}],"collection":[{"href":"https:\/\/www.europesays.com\/es\/wp-json\/wp\/v2\/posts"}],"about":[{"href":"https:\/\/www.europesays.com\/es\/wp-json\/wp\/v2\/types\/post"}],"author":[{"embeddable":true,"href":"https:\/\/www.europesays.com\/es\/wp-json\/wp\/v2\/users\/2"}],"replies":[{"embeddable":true,"href":"https:\/\/www.europesays.com\/es\/wp-json\/wp\/v2\/comments?post=26116"}],"version-history":[{"count":0,"href":"https:\/\/www.europesays.com\/es\/wp-json\/wp\/v2\/posts\/26116\/revisions"}],"wp:featuredmedia":[{"embeddable":true,"href":"https:\/\/www.europesays.com\/es\/wp-json\/wp\/v2\/media\/26117"}],"wp:attachment":[{"href":"https:\/\/www.europesays.com\/es\/wp-json\/wp\/v2\/media?parent=26116"}],"wp:term":[{"taxonomy":"category","embeddable":true,"href":"https:\/\/www.europesays.com\/es\/wp-json\/wp\/v2\/categories?post=26116"},{"taxonomy":"post_tag","embeddable":true,"href":"https:\/\/www.europesays.com\/es\/wp-json\/wp\/v2\/tags?post=26116"}],"curies":[{"name":"wp","href":"https:\/\/api.w.org\/{rel}","templated":true}]}}