{"id":261164,"date":"2025-11-28T23:36:16","date_gmt":"2025-11-28T23:36:16","guid":{"rendered":"https:\/\/www.europesays.com\/es\/261164\/"},"modified":"2025-11-28T23:36:16","modified_gmt":"2025-11-28T23:36:16","slug":"feijoo-apela-a-los-socios-del-gobierno-por-una-cuestion-etica-y-moral-tras-entrar-en-prision-el-arquitecto-de-la-era-sanchez","status":"publish","type":"post","link":"https:\/\/www.europesays.com\/es\/261164\/","title":{"rendered":"Feij\u00f3o apela a los \u201csocios\u201d del Gobierno \u201cpor una cuesti\u00f3n \u00e9tica y moral\u201d tras entrar en prisi\u00f3n \u201cel arquitecto de la era S\u00e1nchez\u201d"},"content":{"rendered":"<p><strong>En un acto de Foment del Treball<\/strong><\/p>\n<ul class=\"wp-block-list\">\n<li>El presidente del Partido Popular <strong>reitera que no le faltan ganas para presentar una moci\u00f3n de censura, pero le faltan votos<\/strong>, se\u00f1alando que su objetivo ser\u00eda \u201c<strong>convocar elecciones generales<\/strong> en Espa\u00f1a y que todos los ciudadanos puedan decidir qu\u00e9 Gobierno futuro e inmediato quieren en las urnas\u201d<\/li>\n<li>Ante la falta de presupuestos y el \u201csinvivir\u201d de S\u00e1nchez recibiendo \u201camenazas\u201d desde la c\u00e1rcel, Feij\u00f3o recalca que <strong>\u201cun presidente con un m\u00ednimo de decencia se ir\u00eda\u201d<\/strong><\/li>\n<li>Advierte de que <strong>ayer entr\u00f3 en prisi\u00f3n \u201cel arquitecto de la era S\u00e1nchez\u201d<\/strong> porque \u00c1balos fue \u201cquien le aup\u00f3 en el partido y quien present\u00f3 la moci\u00f3n de censura que conllev\u00f3 un cambio de Gobierno\u201d: <strong>\u201cEl sanchismo est\u00e1 llegando a la prisi\u00f3n\u201d<\/strong><\/li>\n<li>Se\u00f1ala que Espa\u00f1a tiene hoy un Gobierno \u201cextorsionado\u201d, algo que explica <strong>\u201cla histeria instalada\u201d en Moncloa y en Ferraz<\/strong>: \u201cQuienes duermen en la Moncloa y quienes duermen en la c\u00e1rcel tienen mucho en com\u00fan, mucho que compartir y, seguro, mucho que callar\u201d<\/li>\n<li>Critica que hoy el Gobierno est\u00e9 \u201c<strong>m\u00e1s preocupado por enviar facturas a la Audiencia Nacional que por facilitar que las familias puedan pagar las suyas<\/strong>\u201d y denuncia que el sanchismo est\u00e1 dejando un pa\u00eds \u201cextremadamente debilitado en t\u00e9rminos democr\u00e1ticos\u201d y un pa\u00eds \u201cm\u00e1s empobrecido y menos ambicioso\u201d<\/li>\n<li>Denuncia la \u201c<strong>precariedad parlamentaria total<\/strong>\u201d y el \u201ccalvario judicial\u201d al que est\u00e1 sometido el Gobierno, puesto que la ca\u00edda del techo de gasto en la votaci\u00f3n de ayer supone \u201cla constataci\u00f3n grav\u00edsima\u201d de que el Ejecutivo puede no tener presupuestos en toda la legislatura por primera vez en la historia de la democracia: <strong>\u201cNo hay ning\u00fan Gobierno serio que pueda vivir sin aprobar las cuentas\u201d<\/strong>\u00a0<\/li>\n<li>Denuncia la \u201csituaci\u00f3n de decadencia absoluta\u201d que est\u00e1 provocando un <strong>Gobierno \u201cinsumiso\u201d que ha llegado a decir que no va a cumplir con un art\u00edculo de una ley aprobada en el Congreso, como es la que obliga a indemnizar a los usuarios de Renfe por los retrasos<\/strong>. \u201cEl Gobierno se gasta 78 millones de euros en redes sociales, bien vale la pena que los usuarios del AVE tengan los derechos que ten\u00edan antes\u201d, subraya<\/li>\n<li>Rechaza el <strong>bloqueo parlamentario del Gobierno ante las iniciativas del PP<\/strong>, como son la Ley del Suelo para construir m\u00e1s viviendas, la Ley Antiokupaci\u00f3n, las bajadas de impuestos para j\u00f3venes, la Ley contra la Multirreincidencia o los planes de inmigraci\u00f3n y de aut\u00f3nomos propuestos por su partido, as\u00ed como la rebaja del IVA para la carne, el pescado y las conservas<\/li>\n<li>Alerta de que Espa\u00f1a tiene presentes <strong>tres grandes riesgos<\/strong>, como son que no valga la pena trabajar, la pol\u00edtica fiscal \u201cabrasiva\u201d para familias, trabajadores y empresas, as\u00ed como el \u201criesgo de extinci\u00f3n de la clase media\u201d<\/li>\n<li>Recuerda que las familias dedican m\u00e1s del doble de sus ingresos al primer a\u00f1o de hipoteca en comparaci\u00f3n con lo que dedicaban cuando lleg\u00f3 S\u00e1nchez a Moncloa y que <strong>los precios han subido un 22% con respecto a 2018, habiendo aumentado hasta un 39% los de los alimentos. \u201cEspa\u00f1a no puede normalizar que familias con dos sueldos tengan muchas dificultades para llegar a fin de mes\u201d<\/strong>, asevera Feij\u00f3o<\/li>\n<li>Advierte tambi\u00e9n del <strong>\u201cdescontrol migratorio\u201d<\/strong>, as\u00ed como de la inseguridad que est\u00e1n provocando las pol\u00edticas de S\u00e1nchez, subrayando que los delitos contra la libertad sexual han aumentado un 62% y que en Barcelona se comete un delito cada tres minutos<\/li>\n<li>Critica que hoy en Espa\u00f1a se pagan m\u00e1s impuestos que nunca y los espa\u00f1oles han perdido poder adquisitivo: \u201c<strong>En 2018 converg\u00edamos con la media de renta de la UE y ahora incrementamos la brecha<\/strong>\u201d, mientras el Gobierno ha subido el IRPF y las cotizaciones sociales<\/li>\n<li>Recuerda su <strong>compromiso de acabar con la conocida como \u201cmaldici\u00f3n del empleado 50\u201d<\/strong>, liberando a la mediana empresa del umbral de \u201chiper-exigencias\u201d hasta los 250 trabajadores<\/li>\n<\/ul>\n","protected":false},"excerpt":{"rendered":"En un acto de Foment del Treball El presidente del Partido Popular reitera que no le faltan ganas&hellip;\n","protected":false},"author":2,"featured_media":261165,"comment_status":"","ping_status":"","sticky":false,"template":"","format":"standard","meta":{"footnotes":""},"categories":[8],"tags":[17,18,25,24,13,14,11,19,20,9,10,15,16,23,12,21,22],"class_list":{"0":"post-261164","1":"post","2":"type-post","3":"status-publish","4":"format-standard","5":"has-post-thumbnail","7":"category-espana","8":"tag-breaking-news","9":"tag-breakingnews","10":"tag-es","11":"tag-espana","12":"tag-featured-news","13":"tag-featurednews","14":"tag-headlines","15":"tag-latest-news","16":"tag-latestnews","17":"tag-news","18":"tag-noticias","19":"tag-noticias-destacadas","20":"tag-noticiasdestacadas","21":"tag-spain","22":"tag-titulares","23":"tag-ultimas-noticias","24":"tag-ultimasnoticias"},"share_on_mastodon":{"url":"https:\/\/pubeurope.com\/@es\/115629954662576298","error":""},"_links":{"self":[{"href":"https:\/\/www.europesays.com\/es\/wp-json\/wp\/v2\/posts\/261164","targetHints":{"allow":["GET"]}}],"collection":[{"href":"https:\/\/www.europesays.com\/es\/wp-json\/wp\/v2\/posts"}],"about":[{"href":"https:\/\/www.europesays.com\/es\/wp-json\/wp\/v2\/types\/post"}],"author":[{"embeddable":true,"href":"https:\/\/www.europesays.com\/es\/wp-json\/wp\/v2\/users\/2"}],"replies":[{"embeddable":true,"href":"https:\/\/www.europesays.com\/es\/wp-json\/wp\/v2\/comments?post=261164"}],"version-history":[{"count":0,"href":"https:\/\/www.europesays.com\/es\/wp-json\/wp\/v2\/posts\/261164\/revisions"}],"wp:featuredmedia":[{"embeddable":true,"href":"https:\/\/www.europesays.com\/es\/wp-json\/wp\/v2\/media\/261165"}],"wp:attachment":[{"href":"https:\/\/www.europesays.com\/es\/wp-json\/wp\/v2\/media?parent=261164"}],"wp:term":[{"taxonomy":"category","embeddable":true,"href":"https:\/\/www.europesays.com\/es\/wp-json\/wp\/v2\/categories?post=261164"},{"taxonomy":"post_tag","embeddable":true,"href":"https:\/\/www.europesays.com\/es\/wp-json\/wp\/v2\/tags?post=261164"}],"curies":[{"name":"wp","href":"https:\/\/api.w.org\/{rel}","templated":true}]}}