{"id":261166,"date":"2025-11-28T23:37:36","date_gmt":"2025-11-28T23:37:36","guid":{"rendered":"https:\/\/www.europesays.com\/es\/261166\/"},"modified":"2025-11-28T23:37:36","modified_gmt":"2025-11-28T23:37:36","slug":"detenida-otra-de-las-monjas-de-belorado-por-la-presunta-venta-de-patrimonio-religioso","status":"publish","type":"post","link":"https:\/\/www.europesays.com\/es\/261166\/","title":{"rendered":"Detenida otra de las monjas de Belorado por la presunta venta de patrimonio religioso"},"content":{"rendered":"<p class=\"c-paragraph\">La <a href=\"https:\/\/www.20minutos.es\/tags\/temas\/guardia-civil.html\" title=\"Guardia Civil\" rel=\"nofollow noopener\" target=\"_blank\">Guardia Civil<\/a><b> ha detenido en la noche de este jueves a sor Paloma<\/b>, otra de las<a href=\"https:\/\/www.20minutos.es\/tags\/temas\/clarisas-de-belorado.html\" title=\"Clarisas de Belorado\" rel=\"nofollow noopener\" target=\"_blank\"> exmonjas cism\u00e1ticas del monasterio de Belorado<\/a>, tal y como ha confirmado a 20minutos el portavoz de la comunidad, Francisco Canals. El arresto, que se enmarca dentro de la investigaci\u00f3n por la presunta venta irregular de patrimonio hist\u00f3rico y bienes sacros, se produce horas despu\u00e9s de<b> la detenci\u00f3n de la exabadesa Laura Garc\u00eda de Viedma<\/b>, antes sor Isabel, y de un anticuario que habr\u00eda participado en la operaci\u00f3n.<\/p>\n<p class=\"c-paragraph\">Sor Paloma fue arrestada en el monasterio que las exreligiosas mantienen en la localidad vizca\u00edna de Ordu\u00f1a, donde residen varias de las monjas trasladadas en julio, entre ellas las de mayor edad. Las dos monjas y el anticuario<b> han pasado la noche en los calabozos <\/b>de la Comandancia de Burgos. La detenci\u00f3n de la exabadesa se relaciona con presuntos delitos de apropiaci\u00f3n indebida agravada y receptaci\u00f3n de obras pertenecientes al convento.<\/p>\n<p class=\"c-paragraph\">El operativo,\u00a0dirigido por el Juzgado de Briviesca, incluy\u00f3 registros en los conventos de Belorado y Ordu\u00f1a para inventariar y verificar el patrimonio existente,<b> tras sospechas de que piezas hist\u00f3ricas habr\u00edan sido puestas en el mercado de antig\u00fcedades<\/b>. Los agentes se llevaron bienes muebles, esculturas, piezas art\u00edsticas y dispositivos electr\u00f3nicos.\u00a0La investigaci\u00f3n permanece abierta y no se descartan nuevas actuaciones.<\/p>\n<p>Salida forzosa de las cinco monjas ancianas<\/p>\n<p class=\"c-paragraph\">Las diligencias se iniciaron tras la denuncia de un particular que detect\u00f3 en el mercado especializado piezas que podr\u00edan pertenecer al patrimonio del monasterio.\u00a0Las exmonjas denunciaron en las redes sociales que el registro en Ordu\u00f1a formaba parte de un operativo en el que la Guardia Civil <b>estar\u00eda preparando la salida forzosa de las cinco monjas ancianas <\/b>no excomulgadas.<\/p>\n<p class=\"c-paragraph\">En un v\u00eddeo difundido en su cuenta de Instagram, las religiosas afirmaron desconocer los motivos concretos de la intervenci\u00f3n, que calificaron de \u00absorpresa\u00bb. Insistieron en que \u00ab<b>no han cometido ning\u00fan delito\u00bb<\/b> ni tienen \u00abnada que ocultar\u00bb, y lamentaron que no se buscara una soluci\u00f3n \u00abmenos aflictiva\u00bb.<\/p>\n<p class=\"c-paragraph\">La exabadesa Garc\u00eda de Viedma <b>acumula dos causas penales abiertas: <\/b>una por estafa\u00a0en la venta de 1,73 kilos de oro de la comunidad, por la que obtuvo 130.000 euros; y otra\u00a0otra vinculada a la gesti\u00f3n de la hospeder\u00eda del monasterio de Derio y a sus intentos de registrar Belorado, Derio y Ordu\u00f1a como sociedades civiles ajenas a la comunidad religiosa.<\/p>\n<p class=\"c-paragraph\">Adem\u00e1s, persiste el conflicto civil por el <b>incumplimiento del contrato de compraventa del monasterio de Ordu\u00f1a<\/b>, cuya adquisici\u00f3n qued\u00f3 bloqueada tras la intervenci\u00f3n de la Santa Sede.\u00a0Las exmonjas tambi\u00e9n mantienen recursos abiertos contra la sentencia que las obliga a desalojar el convento de Belorado, as\u00ed como un procedimiento de desahucio en precario del inmueble de Derio, recientemente admitido a tr\u00e1mite por un juzgado de Bilbao.<\/p>\n","protected":false},"excerpt":{"rendered":"La Guardia Civil ha detenido en la noche de este jueves a sor Paloma, otra de las exmonjas&hellip;\n","protected":false},"author":2,"featured_media":261167,"comment_status":"","ping_status":"","sticky":false,"template":"","format":"standard","meta":{"footnotes":""},"categories":[5],"tags":[14512,17,18,12983,25,24,13,14,11,4207,19,20,9217,9,10,15,16,6385,23,12,21,22],"class_list":{"0":"post-261166","1":"post","2":"type-post","3":"status-publish","4":"format-standard","5":"has-post-thumbnail","7":"category-titulares","8":"tag-belorado","9":"tag-breaking-news","10":"tag-breakingnews","11":"tag-detenida","12":"tag-es","13":"tag-espana","14":"tag-featured-news","15":"tag-featurednews","16":"tag-headlines","17":"tag-las","18":"tag-latest-news","19":"tag-latestnews","20":"tag-monjas","21":"tag-news","22":"tag-noticias","23":"tag-noticias-destacadas","24":"tag-noticiasdestacadas","25":"tag-otra","26":"tag-spain","27":"tag-titulares","28":"tag-ultimas-noticias","29":"tag-ultimasnoticias"},"share_on_mastodon":{"url":"https:\/\/pubeurope.com\/@es\/115629958301653794","error":""},"_links":{"self":[{"href":"https:\/\/www.europesays.com\/es\/wp-json\/wp\/v2\/posts\/261166","targetHints":{"allow":["GET"]}}],"collection":[{"href":"https:\/\/www.europesays.com\/es\/wp-json\/wp\/v2\/posts"}],"about":[{"href":"https:\/\/www.europesays.com\/es\/wp-json\/wp\/v2\/types\/post"}],"author":[{"embeddable":true,"href":"https:\/\/www.europesays.com\/es\/wp-json\/wp\/v2\/users\/2"}],"replies":[{"embeddable":true,"href":"https:\/\/www.europesays.com\/es\/wp-json\/wp\/v2\/comments?post=261166"}],"version-history":[{"count":0,"href":"https:\/\/www.europesays.com\/es\/wp-json\/wp\/v2\/posts\/261166\/revisions"}],"wp:featuredmedia":[{"embeddable":true,"href":"https:\/\/www.europesays.com\/es\/wp-json\/wp\/v2\/media\/261167"}],"wp:attachment":[{"href":"https:\/\/www.europesays.com\/es\/wp-json\/wp\/v2\/media?parent=261166"}],"wp:term":[{"taxonomy":"category","embeddable":true,"href":"https:\/\/www.europesays.com\/es\/wp-json\/wp\/v2\/categories?post=261166"},{"taxonomy":"post_tag","embeddable":true,"href":"https:\/\/www.europesays.com\/es\/wp-json\/wp\/v2\/tags?post=261166"}],"curies":[{"name":"wp","href":"https:\/\/api.w.org\/{rel}","templated":true}]}}