{"id":261168,"date":"2025-11-28T23:43:13","date_gmt":"2025-11-28T23:43:13","guid":{"rendered":"https:\/\/www.europesays.com\/es\/261168\/"},"modified":"2025-11-28T23:43:13","modified_gmt":"2025-11-28T23:43:13","slug":"oliveira-torres-beiran-y-agusti-premios-gregarious-2025","status":"publish","type":"post","link":"https:\/\/www.europesays.com\/es\/261168\/","title":{"rendered":"Oliveira, Torres, Beir\u00e1n y Agusti, Premios Gregarious 2025"},"content":{"rendered":"<p data-mrf-recirculation=\"Links P\u00e1rrafos\" class=\"ue-c-article__paragraph paragraph xai-icon-container ue-c-article--first-letter-highlighted\">Un a\u00f1o m\u00e1s el <strong>Club The League of Gregarious<\/strong>, fundado por el empresario y ex ciclista profesional <strong>Luis Pasamontes <\/strong>y en el que se fusiona la pasi\u00f3n por la bici con el networking empresarial, celebr\u00f3 su gala anual y entrega de premios. Un galard\u00f3n especial y valioso que se otorga a personas del mundo del deporte, de la empresa y de otros \u00e1mbitos que promueven la filosof\u00eda gregaria en su d\u00eda a d\u00eda. Los gregarios trabajan y se esfuerzan para que otros brillen y ese brillo se refleja tambi\u00e9n en ellos mismos.\u00a0<\/p>\n<p>La imponente <strong>Azotea Picalagartos<\/strong>, en el coraz\u00f3n de la madrile\u00f1a Gran V\u00eda, fue el escenario elegido. M\u00e1s de medio centenar de invitados vinculados a empresa y al deporte, <strong>entre ellos el tres veces Campe\u00f3n del Mundo Oscar Freire,<\/strong> acudieron a la cita. El evento arranc\u00f3 con un resumen del a\u00f1o en el que se han vivido momentos \u00fanicos como poder compartir  ruta ciclo-gastron\u00f3mica al lado de<strong> Luis Le\u00f3n S\u00e1nchez, Roberto Heras, Esteban Chaves, G\u00f3mez Marchante o el franc\u00e9s David Moncoutie<\/strong>. Adem\u00e1s de rememorar encuentros afterwork compartidos con Ra\u00fal Garc\u00eda Pierna o Nicolas Roche, entre otros.<\/p>\n<p>El primer premiado fue el joven talento Pablo Torres, ciclista del equipo <strong>UAE Team Emirates.<\/strong> El madrile\u00f1o recibi\u00f3 una menci\u00f3n especial por cumplir el sue\u00f1o de llegar al World Tour con tan solo 20 a\u00f1os. El jugador de hockey hierba de la selecci\u00f3n espa\u00f1ola, Chefo Basterra, fue el encargado de entregar el galard\u00f3n a un ciclista que tiene el esfuerzo y la dedicaci\u00f3n como ejes centrales en su d\u00eda a d\u00eda. Alejandro Montalvo, tres veces campe\u00f3n del mundo en trial bici, hizo una entrada espectacular sobre su herramienta de trabajo para entregar el premio Gregarious Club 2025.<\/p>\n<p>\u00a0El empresario Agust\u00ed Salto recibi\u00f3 este galard\u00f3n tras ser elegido por sus compa\u00f1eros que valoraron su compa\u00f1erismo, constante disposici\u00f3n para ayudar  y un potente sentimiento de pertenencia hac\u00eda el Club. Marta Verona, nutricionista-cocinera y ganadora de Master Chef, entreg\u00f3 el galard\u00f3n al Gregarious Solidario del a\u00f1o. Marta vive el ciclismo de cerca, su hermano Carlos es un prestigioso hombre de equipo en el pelot\u00f3n profesional y el pasado a\u00f1o fue premiado por ello. El jugador de baloncesto Javier Beir\u00e1n recib\u00eda este reconocimiento por sus innumerables acciones solidarias. Sin ir m\u00e1s lejos subast\u00f3 su medalla de Campe\u00f3n del Mundo durante la pandemia. Adem\u00e1s tiene prestigiosos campus para ni\u00f1os, donde comparte los valores del deporte y aprovecha para ayudar a quienes m\u00e1s lo necesitan. Un gigante en la pista y en la vida.\u00a0<\/p>\n<p>El \u00faltimo premio de la noche fue para el ciclista portugu\u00e9s de <strong>Movistar-Team, Nelson Oliveira.<\/strong> Un corredor que todos los l\u00edderes quieren cerca porque entiende a la perfecci\u00f3n su profesi\u00f3n. El galard\u00f3n como Gregario del pelot\u00f3n 2025 fue entregado por la jugadora de voleibol de la selecci\u00f3n espa\u00f1ola, Mar\u00eda P. Schlegel. Una deportista que tambi\u00e9n ejerce de valiosa gregaria frente a la red y que ha jugado en la liga alemana, italiana y estadounidense entre otras.\u00a0<\/p>\n<p>Nelson recibi\u00f3 un caluroso mensaje (en forma de video) de <strong>Nairo Quintana y Alejandro Valverde,<\/strong> que resaltaron su trabajo y la importancia que ha tenido el portugu\u00e9s en sus triunfos y los del equipo. David L\u00f3pez, ex ciclista profesional y embajador del Club en la zona norte de Espa\u00f1a, hizo la \u00faltima intervenci\u00f3n de la noche para contar el trabajo que est\u00e1 haciendo en la expansi\u00f3n del Club en su territorio. Una gala llena de emociones y de encuentros. Los gregarios del deporte, de la empresa, de la vida tambi\u00e9n suben al podio.<\/p>\n","protected":false},"excerpt":{"rendered":"Un a\u00f1o m\u00e1s el Club The League of Gregarious, fundado por el empresario y ex ciclista profesional Luis&hellip;\n","protected":false},"author":2,"featured_media":261169,"comment_status":"","ping_status":"","sticky":false,"template":"","format":"standard","meta":{"footnotes":""},"categories":[273],"tags":[313,312,168,25,24,23,167],"class_list":{"0":"post-261168","1":"post","2":"type-post","3":"status-publish","4":"format-standard","5":"has-post-thumbnail","7":"category-ciclismo","8":"tag-ciclismo","9":"tag-cycling","10":"tag-deportes","11":"tag-es","12":"tag-espana","13":"tag-spain","14":"tag-sports"},"share_on_mastodon":{"url":"https:\/\/pubeurope.com\/@es\/115629981921036566","error":""},"_links":{"self":[{"href":"https:\/\/www.europesays.com\/es\/wp-json\/wp\/v2\/posts\/261168","targetHints":{"allow":["GET"]}}],"collection":[{"href":"https:\/\/www.europesays.com\/es\/wp-json\/wp\/v2\/posts"}],"about":[{"href":"https:\/\/www.europesays.com\/es\/wp-json\/wp\/v2\/types\/post"}],"author":[{"embeddable":true,"href":"https:\/\/www.europesays.com\/es\/wp-json\/wp\/v2\/users\/2"}],"replies":[{"embeddable":true,"href":"https:\/\/www.europesays.com\/es\/wp-json\/wp\/v2\/comments?post=261168"}],"version-history":[{"count":0,"href":"https:\/\/www.europesays.com\/es\/wp-json\/wp\/v2\/posts\/261168\/revisions"}],"wp:featuredmedia":[{"embeddable":true,"href":"https:\/\/www.europesays.com\/es\/wp-json\/wp\/v2\/media\/261169"}],"wp:attachment":[{"href":"https:\/\/www.europesays.com\/es\/wp-json\/wp\/v2\/media?parent=261168"}],"wp:term":[{"taxonomy":"category","embeddable":true,"href":"https:\/\/www.europesays.com\/es\/wp-json\/wp\/v2\/categories?post=261168"},{"taxonomy":"post_tag","embeddable":true,"href":"https:\/\/www.europesays.com\/es\/wp-json\/wp\/v2\/tags?post=261168"}],"curies":[{"name":"wp","href":"https:\/\/api.w.org\/{rel}","templated":true}]}}