{"id":261172,"date":"2025-11-28T23:46:09","date_gmt":"2025-11-28T23:46:09","guid":{"rendered":"https:\/\/www.europesays.com\/es\/261172\/"},"modified":"2025-11-28T23:46:09","modified_gmt":"2025-11-28T23:46:09","slug":"el-enganchon-del-seleccionador-aleman-con-sonia-bermudez-tras-el-pitido-final","status":"publish","type":"post","link":"https:\/\/www.europesays.com\/es\/261172\/","title":{"rendered":"El enganch\u00f3n del seleccionador alem\u00e1n con Sonia Berm\u00fadez tras el pitido final"},"content":{"rendered":"<p data-mrf-recirculation=\"Links P\u00e1rrafos\" class=\"ue-c-article__paragraph paragraph ue-c-article--first-letter-highlighted\">El seleccionador alem\u00e1n, Christian W\u00fcck, baj\u00f3 pulsaciones tras el empate en Kaiserslautern y, en declaraciones a la ZDF, reconoci\u00f3 que su enfado del postpartido con Sonia Berm\u00fadez fue \u201cun calent\u00f3n\u201d del que ya empieza a arrepentirse. El t\u00e9cnico explic\u00f3 que la tensi\u00f3n del choque le pudo: <strong>\u201cSon emociones que ocurren durante el partido\u2026 si tuviera que irme a tomar un caf\u00e9 con ella, me ir\u00eda\u201d<\/strong>.<\/p>\n<p data-mrf-recirculation=\"Links P\u00e1rrafos\" class=\"ue-c-article__paragraph paragraph\"><strong>W\u00fcck, que hab\u00eda estallado por varias acciones que le parecieron \u201c<\/strong>cosas peque\u00f1as. <strong>Como cuando sujetaban a una jugadora para que no le sacaran tarjeta amarilla a pesar de ser una clara falta t\u00e1ctica.<\/strong>\u00a0Y luego, cuando estaban cambiando a <strong>una jugadora que sal\u00eda por un lado del campo de repente quiso salir por mitad del campo<\/strong>\u00ab.\u00a0<strong>Rebaj\u00f3 el tono<\/strong> y reconoci\u00f3 que quiz\u00e1 esas situaciones \u201cson as\u00ed en el f\u00fatbol internacional\u201d, incluso admitiendo que <strong>\u201cen Espa\u00f1a seguramente hacemos lo mismo\u201d<\/strong>. El seleccionador, m\u00e1s centrado ya en lo deportivo, insisti\u00f3 en el paso adelante de su equipo: <strong>\u201cHemos demostrado que no solo podemos seguir el ritmo, sino dominar a un equipo como Espa\u00f1a. Es un avance que pocos cre\u00edan posible\u201d.<\/strong><\/p>\n<p data-mrf-recirculation=\"Links P\u00e1rrafos\" class=\"ue-c-article__paragraph paragraph\">Mientras, Sonia Berm\u00fadez quit\u00f3 hierro al cruce y mantuvo la calma en zona mixta. <strong>\u201cHe ido cordialmente a saludarlo y \u00e9l ha reaccionado as\u00ed\u2026 no te puedo decir mucho m\u00e1s. Tampoco lo he entendido mucho\u201d<\/strong>, explic\u00f3 la seleccionadora espa\u00f1ola, sorprendida por la reacci\u00f3n inicial del t\u00e9cnico germano pero sin darle m\u00e1s recorrido.<\/p>\n","protected":false},"excerpt":{"rendered":"El seleccionador alem\u00e1n, Christian W\u00fcck, baj\u00f3 pulsaciones tras el empate en Kaiserslautern y, en declaraciones a la ZDF,&hellip;\n","protected":false},"author":2,"featured_media":261173,"comment_status":"","ping_status":"","sticky":false,"template":"","format":"standard","meta":{"footnotes":""},"categories":[268],"tags":[168,25,24,280,282,281,23,167],"class_list":{"0":"post-261172","1":"post","2":"type-post","3":"status-publish","4":"format-standard","5":"has-post-thumbnail","7":"category-futbol","8":"tag-deportes","9":"tag-es","10":"tag-espana","11":"tag-football","12":"tag-futbol","13":"tag-soccer","14":"tag-spain","15":"tag-sports"},"share_on_mastodon":{"url":"https:\/\/pubeurope.com\/@es\/115629993824421690","error":""},"_links":{"self":[{"href":"https:\/\/www.europesays.com\/es\/wp-json\/wp\/v2\/posts\/261172","targetHints":{"allow":["GET"]}}],"collection":[{"href":"https:\/\/www.europesays.com\/es\/wp-json\/wp\/v2\/posts"}],"about":[{"href":"https:\/\/www.europesays.com\/es\/wp-json\/wp\/v2\/types\/post"}],"author":[{"embeddable":true,"href":"https:\/\/www.europesays.com\/es\/wp-json\/wp\/v2\/users\/2"}],"replies":[{"embeddable":true,"href":"https:\/\/www.europesays.com\/es\/wp-json\/wp\/v2\/comments?post=261172"}],"version-history":[{"count":0,"href":"https:\/\/www.europesays.com\/es\/wp-json\/wp\/v2\/posts\/261172\/revisions"}],"wp:featuredmedia":[{"embeddable":true,"href":"https:\/\/www.europesays.com\/es\/wp-json\/wp\/v2\/media\/261173"}],"wp:attachment":[{"href":"https:\/\/www.europesays.com\/es\/wp-json\/wp\/v2\/media?parent=261172"}],"wp:term":[{"taxonomy":"category","embeddable":true,"href":"https:\/\/www.europesays.com\/es\/wp-json\/wp\/v2\/categories?post=261172"},{"taxonomy":"post_tag","embeddable":true,"href":"https:\/\/www.europesays.com\/es\/wp-json\/wp\/v2\/tags?post=261172"}],"curies":[{"name":"wp","href":"https:\/\/api.w.org\/{rel}","templated":true}]}}