{"id":26118,"date":"2025-08-05T00:09:11","date_gmt":"2025-08-05T00:09:11","guid":{"rendered":"https:\/\/www.europesays.com\/es\/26118\/"},"modified":"2025-08-05T00:09:11","modified_gmt":"2025-08-05T00:09:11","slug":"la-cicloturista-virgen-del-carmen-exito-absoluto-gomera-verde","status":"publish","type":"post","link":"https:\/\/www.europesays.com\/es\/26118\/","title":{"rendered":"La Cicloturista Virgen del Carmen, \u00abexito absoluto\u00bb | Gomera Verde"},"content":{"rendered":"<p>\u00a0<\/p>\n<p>No sabemos c\u00f3mo lo hacen para mejorar pero cada a\u00f1o ponen el list\u00f3n m\u00e1s alto, conservando lo tradicional, innovando con ideas que nos sorprenden y puliendo detalles sin perder un \u00e1pice de la dedicaci\u00f3n al participante que ha marcado siempre la organizaci\u00f3n de esta prueba.<\/p>\n<p>\u00a0<\/p>\n<p><img decoding=\"async\" alt=\"[Img #100271]\" class=\"RichTextAlignCenter\" src=\"https:\/\/www.europesays.com\/es\/wp-content\/uploads\/2025\/08\/8591_00.jpg\"\/><\/p>\n<p>\u00a0<\/p>\n<p>El gran pelot\u00f3n ciclista parti\u00f3 desde Vallehermoso a las 8:30 en direcci\u00f3n a Epina.\u00a0 En La Romantica se iba agrupado para afrontar el primer tramo cronometrado de 4,5 km Epina donde tras algo de agua para refrescarnos, nos esperaban unos kil\u00f3metros con bruma y lluvia por dentro del Bosque de Laurisilva del Parque Nacional de Garajonay, un aut\u00e9ntico placer para los sentidos por mucho que las piernas sufrieran en la subida con cada pedalada.<\/p>\n<p>\u00a0<\/p>\n<p>Este primer tramo cronometrado lo ganaron \u00c1lvaro Escuela seguido de Daniel Hern\u00e1ndez y Edgar Magdalena en chicos y Bel\u00e9n L\u00f3pez seguida de Lourdes Bethencourt y Elsa Werth. en Chicas.<\/p>\n<p>\u00a0<\/p>\n<p>Continuando hasta Chipude donde se encuentra la Virgen de Candelaria, se encontraron el avituallamiento m\u00e1s importante en El Cercado. Se aprovecha para tomar un chocolatito caliente. Luego nos encontramos el segundo tramo cronometrado que empezaba en Chipude y terminaba en Igualero.<\/p>\n<p>\u00a0<\/p>\n<p>Este segundo tramo cronometrado lo ganaron Ad\u00e1n Concepci\u00f3n seguido de \u00c1lvaro Escuela y Daniel Hern\u00e1ndez en chicos y Bel\u00e9n L\u00f3pez seguida de Elsa Werth y Lourdes Bethencourt. en Chicas.<\/p>\n<p>\u00a0<\/p>\n<p>Y ya de regreso pasando por Pajaritos, Laguna Grande, Epina y por \u00faltimo el largo descenso hacia la Playa de Vallehermoso de m\u00e1s de 11km. Breve descanso donde se homenajeo a Jaime Morales, muy querido en el club, y subida final, iniciando el tercer tramo cronometrado a la altura de Jard\u00edn Bot\u00e1nico. Nos esperaba casi todo Vallehermoso en la plaza, animando a los valientes que se animaron con los 5 kil\u00f3metros cronometrados de duras rampas de la subida hasta la Ermita de la Virgen del Carmen.<\/p>\n<p>\u00a0<\/p>\n<p><img decoding=\"async\" alt=\"[Img #100272]\" class=\"RichTextAlignCenter\" src=\"https:\/\/www.europesays.com\/es\/wp-content\/uploads\/2025\/08\/3456_00-0.jpg\"\/><\/p>\n<p>\u00a0<\/p>\n<p>En sus cortas pero duras rampas, siempre escondidas, pues apenas puedes ver unos pocos metros del recorrido y siempre hay una curva que oculta lo que viene detr\u00e1s, nos esperaban Los Vecinos de los Chapines y El Carmen y el Club deportivo El Rempujo que animaban a los participantes y hac\u00edan el recorrido menos duro.<\/p>\n<p>\u00a0<\/p>\n<p>Este segundo tramo lo gan\u00f3 Edgar Magdalena seguido de Kevin Daniel Hern\u00e1ndez y \u00c1lvaro Escuela en Chicos y Bel\u00e9n L\u00f3pez seguida de Lourdes Bethencourt y Elsa Werth en chicas quedando el p\u00f3dium de la general de la siguiente manera:<\/p>\n<p>\u00a0<\/p>\n<p>MASCULINO: 1\u00ba \u00c1lvaro Escuela 2\u00ba Daniel Hern\u00e1ndez 3\u00ba Edgar Magdalena<\/p>\n<p>FEMENINO: 1\u00ba Bel\u00e9n L\u00f3pez 2\u00ba Lourdes Bethencourt 3\u00ba Elsa Werth<\/p>\n<p>\u00a0<\/p>\n<p>Arriba se hizo una ofrenda a la Virgen y\u00a0 se entreg\u00f3 un ramo de flores en homenaje a Sergio Martin Perdomo, Axel y a pepe Correa para finalmente descender a la Plaza, donde nos esperaban para la comida donde no falto de nada, podios, sorteos, a los ganadores de la monta\u00f1a y fiesta final organizado por el Bar central y con cerveza Layla\u00a0 porque esta aut\u00e9ntica fiesta del cicloturismo se prolong\u00f3 hasta el domingo para muchos, pues a\u00fan quedaron ganas para hacer una segunda ruta, ya cada uno a su aire o en grupeta, aprovechando el alojamiento gratuito que proporciona la Organizaci\u00f3n, por lo que el fin de semana result\u00f3 de lo m\u00e1s aprovechado para todos.<\/p>\n<p>\u00a0<\/p>\n<p>Destacar que en esta edici\u00f3n participaron el que fuera considerado el mejor gregario del mundo, Manuel Beltr\u00e1n Mart\u00ednez, apodado Triki, y Bel\u00e9n L\u00f3pez,\u00a0 exciclista espa\u00f1ola, profesional entre los a\u00f1os 2009 y 2022.<\/p>\n<p>\u00a0<\/p>\n<p>\u00a0<\/p>\n","protected":false},"excerpt":{"rendered":"\u00a0 No sabemos c\u00f3mo lo hacen para mejorar pero cada a\u00f1o ponen el list\u00f3n m\u00e1s alto, conservando lo&hellip;\n","protected":false},"author":2,"featured_media":26119,"comment_status":"","ping_status":"","sticky":false,"template":"","format":"standard","meta":{"footnotes":""},"categories":[273],"tags":[1896,14491,313,312,168,25,24,14490,14493,14487,14489,14488,10,14492,23,167],"class_list":{"0":"post-26118","1":"post","2":"type-post","3":"status-publish","4":"format-standard","5":"has-post-thumbnail","7":"category-ciclismo","8":"tag-canarias","9":"tag-chacaras","10":"tag-ciclismo","11":"tag-cycling","12":"tag-deportes","13":"tag-es","14":"tag-espana","15":"tag-esquelas","16":"tag-folklore","17":"tag-gomeraverde","18":"tag-lagomera","19":"tag-necrologicas","20":"tag-noticias","21":"tag-silbo","22":"tag-spain","23":"tag-sports"},"share_on_mastodon":{"url":"","error":""},"_links":{"self":[{"href":"https:\/\/www.europesays.com\/es\/wp-json\/wp\/v2\/posts\/26118","targetHints":{"allow":["GET"]}}],"collection":[{"href":"https:\/\/www.europesays.com\/es\/wp-json\/wp\/v2\/posts"}],"about":[{"href":"https:\/\/www.europesays.com\/es\/wp-json\/wp\/v2\/types\/post"}],"author":[{"embeddable":true,"href":"https:\/\/www.europesays.com\/es\/wp-json\/wp\/v2\/users\/2"}],"replies":[{"embeddable":true,"href":"https:\/\/www.europesays.com\/es\/wp-json\/wp\/v2\/comments?post=26118"}],"version-history":[{"count":0,"href":"https:\/\/www.europesays.com\/es\/wp-json\/wp\/v2\/posts\/26118\/revisions"}],"wp:featuredmedia":[{"embeddable":true,"href":"https:\/\/www.europesays.com\/es\/wp-json\/wp\/v2\/media\/26119"}],"wp:attachment":[{"href":"https:\/\/www.europesays.com\/es\/wp-json\/wp\/v2\/media?parent=26118"}],"wp:term":[{"taxonomy":"category","embeddable":true,"href":"https:\/\/www.europesays.com\/es\/wp-json\/wp\/v2\/categories?post=26118"},{"taxonomy":"post_tag","embeddable":true,"href":"https:\/\/www.europesays.com\/es\/wp-json\/wp\/v2\/tags?post=26118"}],"curies":[{"name":"wp","href":"https:\/\/api.w.org\/{rel}","templated":true}]}}