{"id":261181,"date":"2025-11-28T23:54:12","date_gmt":"2025-11-28T23:54:12","guid":{"rendered":"https:\/\/www.europesays.com\/es\/261181\/"},"modified":"2025-11-28T23:54:12","modified_gmt":"2025-11-28T23:54:12","slug":"espana-empata-0-0-con-alemania-en-la-ida-de-la-final-de-la-liga-de-naciones-femenina","status":"publish","type":"post","link":"https:\/\/www.europesays.com\/es\/261181\/","title":{"rendered":"Espa\u00f1a empata 0-0 con Alemania en la ida de la final de la Liga de Naciones Femenina"},"content":{"rendered":"<p>KAISERSLAUTERN, Alemania (AP) \u2014 Espa\u00f1a escap\u00f3 de Alemania con un empate sin goles el viernes en el partido de ida de la final de la Liga de Naciones Femenina.<\/p>\n<p>El t\u00edtulo se decidir\u00e1 el martes en Madrid en el Wanda Metropolitano del Atl\u00e9tico de Madrid.<\/p>\n<p>Solo las paradas de Cata Coll \u2014y el poste\u2014 mantuvieron a Alemania a raya.<\/p>\n<p>\u201cEl resultado es positivo y las veremos de nuevo en el Metropolitano (Estadio). Esto es Alemania\u201d, afirm\u00f3 Coll. \u201cSab\u00edamos que ser\u00edan peligrosas y tendr\u00edan sus oportunidades. Afortunadamente, no las concretaron\u201d.<\/p>\n<p>Alemania domin\u00f3 la primera mitad en Kaiserslautern frente a los 40.000 espectadores mientras que la campeona del mundo, Espa\u00f1a, estaba irreconocible.<\/p>\n<p>Normalmente maestras de la posesi\u00f3n, las espa\u00f1olas perdieron continuamente el bal\u00f3n bajo la presi\u00f3n de Alemania. La tres veces ganadora del Bal\u00f3n de Oro, Aitana Bonmat\u00ed, estuvo ausente mientras Espa\u00f1a se replegaba en su \u00e1rea.<\/p>\n<p>Coll desvi\u00f3 disparos de Franziska Kett y Klara B\u00fchl, y la defensora Irene Paredes despej\u00f3 un tiro a puerta de Jule Brand en r\u00e1pida sucesi\u00f3n alrededor de la media hora cuando las anfitrionas estaban en su mejor momento.<\/p>\n<p>Espa\u00f1a mejor\u00f3 en la segunda mitad, pero el equipo de Sara Berm\u00fadez a\u00fan tuvo suerte de no quedar atr\u00e1s en su intento de defender su t\u00edtulo de la Liga de Naciones.<\/p>\n<p>Alexia Putellas curv\u00f3 un disparo justo al lado del poste y luego Esther Gonz\u00e1lez vole\u00f3 un centro de Mariano Caldentey contra el poste en el minuto 53.<\/p>\n<p>Pero Alemania sigui\u00f3 siendo peligrosa mientras el juego se convert\u00eda en un intercambio de golpes sin que ning\u00fan mediocampo pudiera controlar el ritmo. B\u00fchl envi\u00f3 un disparo bajo al fondo del poste en el minuto 70 y un centro de Brand roz\u00f3 el travesa\u00f1o momentos despu\u00e9s.<\/p>\n<p>La defensora de Alemania, Janina Minge, coment\u00f3: \u201cTodos los que vieron el partido de hoy saben que no solo mantuvimos el ritmo, sino que jugamos muy bien. Si podemos convertir nuestras oportunidades y seguir defendiendo como lo hicimos, podemos conseguir la victoria el martes.\u201d<\/p>\n<p>La primera victoria de Espa\u00f1a sobre Alemania lleg\u00f3 en las semifinales del Campeonato Europeo 2025, donde Bonmat\u00ed anot\u00f3 en tiempo extra.<\/p>\n<p>Espa\u00f1a ha llegado a las finales de los \u00faltimos cuatro torneos importantes. Venci\u00f3 a Inglaterra en la Copa Mundial Femenina 2023 y super\u00f3 a Francia en la Liga de Naciones Femenina 2024. Cay\u00f3 ante Inglaterra en penales en la final de la Eurocopa 2025.<\/p>\n<p>___<\/p>\n<p>Deportes AP: <a class=\"Link AnClick-LinkEnhancement\" data-gtm-enhancement-style=\"LinkEnhancementA\" href=\"https:\/\/apnews.com\/hub\/deportes\" rel=\"nofollow noopener\" target=\"_blank\">https:\/\/apnews.com\/hub\/deportes<\/a><\/p>\n","protected":false},"excerpt":{"rendered":"KAISERSLAUTERN, Alemania (AP) \u2014 Espa\u00f1a escap\u00f3 de Alemania con un empate sin goles el viernes en el partido&hellip;\n","protected":false},"author":2,"featured_media":261182,"comment_status":"","ping_status":"","sticky":false,"template":"","format":"standard","meta":{"footnotes":""},"categories":[93],"tags":[168,25,24,23,167],"class_list":{"0":"post-261181","1":"post","2":"type-post","3":"status-publish","4":"format-standard","5":"has-post-thumbnail","7":"category-deportes","8":"tag-deportes","9":"tag-es","10":"tag-espana","11":"tag-spain","12":"tag-sports"},"share_on_mastodon":{"url":"https:\/\/pubeurope.com\/@es\/115630025161363944","error":""},"_links":{"self":[{"href":"https:\/\/www.europesays.com\/es\/wp-json\/wp\/v2\/posts\/261181","targetHints":{"allow":["GET"]}}],"collection":[{"href":"https:\/\/www.europesays.com\/es\/wp-json\/wp\/v2\/posts"}],"about":[{"href":"https:\/\/www.europesays.com\/es\/wp-json\/wp\/v2\/types\/post"}],"author":[{"embeddable":true,"href":"https:\/\/www.europesays.com\/es\/wp-json\/wp\/v2\/users\/2"}],"replies":[{"embeddable":true,"href":"https:\/\/www.europesays.com\/es\/wp-json\/wp\/v2\/comments?post=261181"}],"version-history":[{"count":0,"href":"https:\/\/www.europesays.com\/es\/wp-json\/wp\/v2\/posts\/261181\/revisions"}],"wp:featuredmedia":[{"embeddable":true,"href":"https:\/\/www.europesays.com\/es\/wp-json\/wp\/v2\/media\/261182"}],"wp:attachment":[{"href":"https:\/\/www.europesays.com\/es\/wp-json\/wp\/v2\/media?parent=261181"}],"wp:term":[{"taxonomy":"category","embeddable":true,"href":"https:\/\/www.europesays.com\/es\/wp-json\/wp\/v2\/categories?post=261181"},{"taxonomy":"post_tag","embeddable":true,"href":"https:\/\/www.europesays.com\/es\/wp-json\/wp\/v2\/tags?post=261181"}],"curies":[{"name":"wp","href":"https:\/\/api.w.org\/{rel}","templated":true}]}}