{"id":261189,"date":"2025-11-28T23:59:11","date_gmt":"2025-11-28T23:59:11","guid":{"rendered":"https:\/\/www.europesays.com\/es\/261189\/"},"modified":"2025-11-28T23:59:11","modified_gmt":"2025-11-28T23:59:11","slug":"leon-xiv-llama-en-turquia-a-la-unidad-entre-cristianos","status":"publish","type":"post","link":"https:\/\/www.europesays.com\/es\/261189\/","title":{"rendered":"Le\u00f3n XIV llama en Turqu\u00eda a la unidad entre cristianos"},"content":{"rendered":"<p>    <img src=\"https:\/\/www.europesays.com\/es\/wp-content\/uploads\/2025\/11\/2025-11-28T093A233A04Z-90543162.jpg\" width=\"1024\" height=\"682\" alt=\"\" loading=\"eager\" decoding=\"sync\" fetchpriority=\"high\"\/><\/p>\n<p>            afp_tickers        <\/p>\n<p>        Este contenido fue publicado en    <\/p>\n<p>        28 noviembre 2025 &#8211; 19:27\n<\/p>\n<p>El papa Le\u00f3n XIV llam\u00f3 el viernes en Turqu\u00eda a la unidad y fraternidad entre los cristianos de diferentes confesiones durante la celebraci\u00f3n de los 1.700 a\u00f1os del Concilio Ecum\u00e9nico de Nicea, un evento fundacional para la Iglesia.<\/p>\n<p>En el segundo d\u00eda de su visita al pa\u00eds de amplia mayor\u00eda musulmana, el papa peruano-estadounidense se traslad\u00f3 a Iznik, la antigua Nicea, al sur de Estambul, para una gran oraci\u00f3n sobre los restos de una bas\u00edlica sumergida del siglo IV, en presencia de dignatarios religiosos, ortodoxos y protestantes.<\/p>\n<p>En las orillas del lago de Iznik, estos \u00faltimos recitaron el Credo de Nicea, un texto que todav\u00eda es usado por millones de cristianos de distintas confesiones en el mundo, redactado durante el mismo Concilio en el a\u00f1o 325, que reuni\u00f3 a 300 obispos del Imperio Romano.<\/p>\n<p>Durante una ceremonia rica en s\u00edmbolos, Le\u00f3n XIV insisti\u00f3 en un discurso en ingl\u00e9s en \u00abla b\u00fasqueda de la fraternidad\u00bb.<\/p>\n<p>\u00abTodos estamos invitados a superar el esc\u00e1ndalo de las divisiones que, lamentablemente, a\u00fan existen, y a alimentar el deseo de unidad\u00bb, dijo.<\/p>\n<p>Divididos desde el gran cisma de 1054 entre las Iglesias de Oriente y Occidente, cat\u00f3licos y ortodoxos mantienen un di\u00e1logo y celebraciones comunes (ecum\u00e9nicas), a pesar de las divergencias doctrinales.<\/p>\n<p>La ceremonia, marcada por oraciones en varios idiomas y cantos polif\u00f3nicos y bizantinos a capela, fue presidida por el patriarca de Constantinopla Bartolomeo I, figura destacada del mundo ortodoxo.<\/p>\n<p>En presencia de representantes de numerosas Iglesias (copta, griega, armenia, sir\u00edaca, anglicana), Bartolomeo I invit\u00f3 a \u00abseguir el camino de la unidad cristiana que se nos ha trazado, pese a las divisiones\u00bb de siglos pasados.<\/p>\n<p>\u2013 Rechazar el fanatismo \u2013<\/p>\n<p>En una \u00e9poca donde \u00abel mundo est\u00e1 trastornado y dividido por conflictos y antagonismos\u00bb, la visita de Le\u00f3n XIV \u00abes particularmente importante y significativa\u00bb, hab\u00eda declarado antes a la AFP el patriarca de Constantinopla, quien ejerce una primac\u00eda honor\u00edfica e hist\u00f3rica sobre los dem\u00e1s patriarcas del mundo ortodoxo.<\/p>\n<p>Los cat\u00f3licos reconocen la autoridad universal del papa como jefe de la Iglesia, mientras que los ortodoxos, m\u00e1s fragmentados que nunca, est\u00e1n organizados en iglesias autoc\u00e9falas.<\/p>\n<p>En 2018, el poderoso patriarcado de Mosc\u00fa, dirigido por Kiril, aliado del presidente ruso Vladimir Putin, rompi\u00f3 con el patriarcado de Constantinopla tras el reconocimiento de una Iglesia independiente en Ucrania.<\/p>\n<p>Mosc\u00fa, que no figura entre los cuatro patriarcados antiguos invitados a Iznik, teme que el Vaticano fortalezca el papel de Constantinopla como interlocutor privilegiado y debilite su influencia.<\/p>\n<p>En su declaraci\u00f3n, el papa tambi\u00e9n pidi\u00f3 \u00abrechazar con firmeza\u00bb el uso de la religi\u00f3n para justificar la guerra y la violencia, as\u00ed como cualquier forma de fundamentalismo y fanatismo, sin mencionar abiertamente a ning\u00fan responsable de ninguna religi\u00f3n.<\/p>\n<p>El patriarca Kiril apoy\u00f3 la invasi\u00f3n rusa de Ucrania en 2022, que calific\u00f3 de \u00abguerra santa\u00bb.<\/p>\n<p>\u2013 Recepci\u00f3n calurosa \u2013<\/p>\n<p>El viernes por la ma\u00f1ana, Le\u00f3n XIV fue recibido con fervor entre cantos y aplausos por los cientos de fieles reunidos en la catedral del Esp\u00edritu Santo de Estambul, muchos de los cuales se levantaron al amanecer para verlo.<\/p>\n<p>La visita \u00abes una bendici\u00f3n para nosotros\u00bb, confi\u00f3 a AFP Ali G\u00fcn\u00fcru, un residente de Estambul de 35 a\u00f1os, que cuenta entre los 100.000 cristianos del pa\u00eds, un 0,1% de sus 86 millones de habitantes.<\/p>\n<p>\u00abEl mundo necesita paz, en todas partes. Tenemos problemas graves, en particular en nuestra regi\u00f3n y en nuestro pa\u00eds: los extranjeros, los refugiados\u2026 creo que el papa tendr\u00e1 el poder de ayudarlos y que har\u00e1 todo lo posible. Es lo que m\u00e1s deseo\u00bb, a\u00f1adi\u00f3.<\/p>\n<p>Visiblemente emocionado, el obispo de Roma infundi\u00f3 \u00e1nimos a sacerdotes y fieles, afirmando que \u00abla l\u00f3gica de lo peque\u00f1o es la verdadera fuerza de la Iglesia\u00bb cat\u00f3lica, en un pa\u00eds en el que los cristianos luchan contra un fuerte sentimiento de exclusi\u00f3n.<\/p>\n<p>Llegado el jueves a Turqu\u00eda para su primer viaje al extranjero, el papa fue recibido por el presidente islamoconservador Recep Tayyip Erdogan en Ankara, donde inst\u00f3 a Turqu\u00eda a desempe\u00f1ar un papel de \u00abestabilizador en un contexto mundial altamente conflictivo\u00bb.<\/p>\n<p>Despu\u00e9s de Pablo VI (1967), Juan Pablo II (1979), Benedicto XVI (2006) y Francisco (2014), Le\u00f3n XIV es el quinto papa que visita Turqu\u00eda.<\/p>\n<p>El s\u00e1bado se dirigir\u00e1 a la Mezquita Azul, uno de los \u00edconos de Estambul construido en el siglo XVII sobre el sitio del antiguo palacio de los emperadores bizantinos, antes de presidir una gran misa ante 4.000 fieles.<\/p>\n<p>De domingo a martes, continuar\u00e1 su viaje con una esperada visita al L\u00edbano.<\/p>\n<p>cmk-rba\/ach\/arm-avl\/sag\/mab\/dbh<\/p>\n","protected":false},"excerpt":{"rendered":"afp_tickers Este contenido fue publicado en 28 noviembre 2025 &#8211; 19:27 El papa Le\u00f3n XIV llam\u00f3 el viernes&hellip;\n","protected":false},"author":2,"featured_media":261190,"comment_status":"","ping_status":"","sticky":false,"template":"","format":"standard","meta":{"footnotes":""},"categories":[42],"tags":[12354,17,18,12355,83,13,14,11,61,62,63,86,64,19,20,9,10,15,16,88,12356,5603,12357,90,12,21,22,65,66,67],"class_list":{"0":"post-261189","1":"post","2":"type-post","3":"status-publish","4":"format-standard","5":"has-post-thumbnail","7":"category-internacional","8":"tag-belief-faith","9":"tag-breaking-news","10":"tag-breakingnews","11":"tag-christianity","12":"tag-diplomacy","13":"tag-featured-news","14":"tag-featurednews","15":"tag-headlines","16":"tag-internacional","17":"tag-international","18":"tag-international-news","19":"tag-international-relations","20":"tag-internationalnews","21":"tag-latest-news","22":"tag-latestnews","23":"tag-news","24":"tag-noticias","25":"tag-noticias-destacadas","26":"tag-noticiasdestacadas","27":"tag-politics","28":"tag-pope","29":"tag-religion","30":"tag-religious-leader","31":"tag-ticker","32":"tag-titulares","33":"tag-ultimas-noticias","34":"tag-ultimasnoticias","35":"tag-world","36":"tag-world-news","37":"tag-worldnews"},"share_on_mastodon":{"url":"","error":""},"_links":{"self":[{"href":"https:\/\/www.europesays.com\/es\/wp-json\/wp\/v2\/posts\/261189","targetHints":{"allow":["GET"]}}],"collection":[{"href":"https:\/\/www.europesays.com\/es\/wp-json\/wp\/v2\/posts"}],"about":[{"href":"https:\/\/www.europesays.com\/es\/wp-json\/wp\/v2\/types\/post"}],"author":[{"embeddable":true,"href":"https:\/\/www.europesays.com\/es\/wp-json\/wp\/v2\/users\/2"}],"replies":[{"embeddable":true,"href":"https:\/\/www.europesays.com\/es\/wp-json\/wp\/v2\/comments?post=261189"}],"version-history":[{"count":0,"href":"https:\/\/www.europesays.com\/es\/wp-json\/wp\/v2\/posts\/261189\/revisions"}],"wp:featuredmedia":[{"embeddable":true,"href":"https:\/\/www.europesays.com\/es\/wp-json\/wp\/v2\/media\/261190"}],"wp:attachment":[{"href":"https:\/\/www.europesays.com\/es\/wp-json\/wp\/v2\/media?parent=261189"}],"wp:term":[{"taxonomy":"category","embeddable":true,"href":"https:\/\/www.europesays.com\/es\/wp-json\/wp\/v2\/categories?post=261189"},{"taxonomy":"post_tag","embeddable":true,"href":"https:\/\/www.europesays.com\/es\/wp-json\/wp\/v2\/tags?post=261189"}],"curies":[{"name":"wp","href":"https:\/\/api.w.org\/{rel}","templated":true}]}}