{"id":261191,"date":"2025-11-29T00:00:32","date_gmt":"2025-11-29T00:00:32","guid":{"rendered":"https:\/\/www.europesays.com\/es\/261191\/"},"modified":"2025-11-29T00:00:32","modified_gmt":"2025-11-29T00:00:32","slug":"interinos-pes-y-otros-cuerpos-listas-extraordinarias-dinamicas-curso-25-26-convocatoria-de-nuevas-especialidades-profesorado","status":"publish","type":"post","link":"https:\/\/www.europesays.com\/es\/261191\/","title":{"rendered":"Interinos. PES y otros cuerpos. Listas extraordinarias din\u00e1micas. Curso 25 \/ 26. Convocatoria de nuevas especialidades &#8211; Profesorado"},"content":{"rendered":"<p class=\"cmParagraph cmAlignright\"><strong>Publicado el 28 de noviembre de 2025<\/strong><\/p>\n<p class=\"cmParagraph cmAlignjustify\">La \u00a0<a href=\"https:\/\/www.educa.jcyl.es\/profesorado\/es\/interinos\/interinos-listas-dinamicas\/interinos-listas-dinamicas-curso-25-26\/interinos-pes-cuerpos-listas-extraordinarias-dinamica-d6302.ficheros\/1822664-Resoluc%20Convocatoria%20listas%20din%C3%A1micas_2025%20%28Firmada%29.pdf\" rel=\"nofollow noopener\" target=\"_blank\"><img loading=\"lazy\" decoding=\"async\" src=\"https:\/\/www.europesays.com\/es\/wp-content\/uploads\/2025\/08\/images\" width=\"16\" height=\"16\" alt=\"Documento PDF\" \/>\u00a0Resoluci\u00f3n de 28 de noviembre de 2025, de la Direcci\u00f3n General de Recursos Humanos (271.4 KB) (14 p\u00e1ginas)<\/a>\u00a0  convoca la elaboraci\u00f3n de listas extraordinarias din\u00e1micas de aspirantes al desempe\u00f1o de puestos docentes en r\u00e9gimen de interinidad en centros docentes p\u00fablicos de ense\u00f1anzas no universitarias de la Comunidad de Castilla y Le\u00f3n, durante el curso escolar 2025\/2026..<\/p>\n<p class=\"cmParagraph\"><strong>Anexos que acompa\u00f1an a la resoluci\u00f3n:<\/strong><\/p>\n<p class=\"cmParagraph\"><strong>Especialidades convocadas (relacionadas en el anexo I):<\/strong><\/p>\n<p class=\"cmParagraph\">Del cuerpo de profesores de ense\u00f1anza secundaria:<\/p>\n<ul>\n<li>Filosof\u00eda<\/li>\n<li>Matem\u00e1ticas<\/li>\n<li>Dibujo<\/li>\n<li>Franc\u00e9s<\/li>\n<li>Ingl\u00e9s<\/li>\n<li>Tecnolog\u00eda<\/li>\n<li>Procesos de diagn\u00f3stico cl\u00ednico y productos ortoprot\u00e9sicos<\/li>\n<li>Procesos sanitarios<\/li>\n<li>Procesos y medios de comunicaci\u00f3n<\/li>\n<li>Procedimientos de diagn\u00f3stico cl\u00ednico y ortoprot\u00e9sico<\/li>\n<li>Procedimientos sanitarios y asistenciales<\/li>\n<\/ul>\n<p class=\"cmParagraph\">Del cuerpo de profesores de escuela oficial de idiomas:<\/p>\n<ul>\n<li>Alem\u00e1n<\/li>\n<li>Franc\u00e9s<\/li>\n<li>Ingl\u00e9s<\/li>\n<li>Italiano<\/li>\n<\/ul>\n<p class=\"cmParagraph\">Del cuerpo de profesores especialistas en sectores singulares de formaci\u00f3n profesional:<\/p>\n<ul>\n<li>Cocina y pasteler\u00eda<\/li>\n<li>Fabricaci\u00f3n e instalaci\u00f3n de carpinter\u00eda y mueble<\/li>\n<li>Servicios de restauraci\u00f3n<\/li>\n<\/ul>\n<p class=\"cmParagraph cmAlignjustify\">El Anexo VI corresponde a los integrantes de los listados elaborados durante los cursos 2020\/2021, 2021\/2022, 2022\/2023, 2023\/2024 y 2024\/2025 que cumplen el requisito de estar en posesi\u00f3n de la formaci\u00f3n pedag\u00f3gica y did\u00e1ctica del apartado tercero.1 i) de la resoluci\u00f3n. Estos aspirantes formar\u00e1n parte del listado resultante de la presente convocatoria sin que deban presentar nueva solicitud.<\/p>\n<p class=\"cmParagraph\"><strong>NUEVAS SOLICITUDES:<\/strong><\/p>\n<p class=\"cmParagraph cmAlignjustify\">Quienes deseen formar parte de las listas extraordinarias din\u00e1micas, deber\u00e1n presentar la solicitud a trav\u00e9s de la aplicaci\u00f3n inform\u00e1tica que se encuentra disponible en la sede electr\u00f3nica de la Administraci\u00f3n de la Comunidad de Castilla y Le\u00f3n (https:\/\/www.tramitacastillayleon.jcyl.es) y en el Portal de Educaci\u00f3n de la Junta de Castilla y Le\u00f3n (http:\/\/www.educa.jcyl.es).<\/p>\n<p class=\"cmParagraph cmAlignjustify\">Cada persona aspirante deber\u00e1 se\u00f1alar en su solicitud el c\u00f3digo del cuerpo y la especialidad solicitada. Si se desea la incorporaci\u00f3n a varias listas de distintas especialidades, deber\u00e1n formularse tantas solicitudes como cuerpos y especialidades se desee.<\/p>\n<p class=\"cmParagraph cmAlignjustify\">La solicitud de participaci\u00f3n, dirigida a la Directora General de Recursos Humanos, se presentar\u00e1 de forma electr\u00f3nica. Para ello, las personas aspirantes deber\u00e1n disponer de DNI electr\u00f3nico o de cualquier certificado electr\u00f3nico expedido por entidad prestadora del servicio de certificaci\u00f3n que haya sido previamente reconocida por esta Administraci\u00f3n y sea compatible con los diferentes elementos habilitantes y plataformas tecnol\u00f3gicas corporativas. Si se presentara m\u00e1s de una solicitud de participaci\u00f3n al procedimiento para el mismo cuerpo y especialidad, se considerar\u00e1 v\u00e1lida la presentada en \u00faltimo lugar, conforme a la fecha y hora que conste en el correspondiente sello de registro electr\u00f3nico, siempre que se cumpla con los requisitos establecidos en la presente convocatoria.<\/p>\n<p class=\"cmParagraph cmAlignjustify\">El plazo de presentaci\u00f3n de las solicitudes comenzar\u00e1 a las 8:00 horas del d\u00eda 1 de diciembre de 2025 y finalizar\u00e1 a las 14:00 horas del d\u00eda 5 del mismo mes. Asimismo, mediante esta resoluci\u00f3n se abren nuevos plazos de presentaci\u00f3n de solicitudes todos los d\u00edas 1 de los meses de noviembre de 2025 a mayo de 2026, finalizando el 5 del correspondiente mes.<\/p>\n<p class=\"cmParagraph cmAligncenter\"><strong>Acceso a la aplicaci\u00f3n de presentaci\u00f3n de solicitudes<\/strong><\/p>\n<p class=\"cmParagraph cmAligncenter\"><a href=\"https:\/\/aplicaciones.educa.jcyl.es\/AEDO\/login\/LISTASDINAMICAS\" title=\"\" class=\"cmContentImageLink\" target=\"_blank\" rel=\"nofollow noopener\"><img loading=\"lazy\" decoding=\"async\" src=\"https:\/\/www.europesays.com\/es\/wp-content\/uploads\/2025\/11\/1819321-acceso-al-formulario.png\" width=\"173\" height=\"56\" alt=\"acceso-al-formulario. Este enlace se abrir\u00e1 en una ventana nueva\" \/><\/a><\/p>\n<p class=\"cmParagraph\"><strong>DESISTIMIENTOS:<\/strong><\/p>\n<p class=\"cmParagraph cmAlignjustify\">Quienes formen parte de las listas extraordinarias din\u00e1micas, podr\u00e1n desistir de su mantenimiento en las mismas en cualquier momento, presentando para ello el correspondiente desistimiento mediante la cumplimentaci\u00f3n y registro del formulario gen\u00e9rico de la Direcci\u00f3n General de Recursos Humanos de alegaciones, subsanaciones y desistimiento que estar\u00e1 disponible en la sede electr\u00f3nica de la Administraci\u00f3n de la Comunidad de Castilla y Le\u00f3n (https:\/\/www.tramitacastillayleon.jcyl.es) y en el Portal de Educaci\u00f3n de la Junta de Castilla y Le\u00f3n (http:\/\/www.educa.jcyl.es).<\/p>\n<p class=\"cmParagraph cmAligncenter\"><strong>Acceso al formulario de desistimiento<\/strong><\/p>\n<p class=\"cmParagraph cmAligncenter\"><a href=\"https:\/\/aplicaciones.educa.jcyl.es\/AEDO\/login\/3273_7939\" title=\"\" class=\"cmContentImageLink\" target=\"_blank\" rel=\"nofollow noopener\"><img loading=\"lazy\" decoding=\"async\" src=\"https:\/\/www.europesays.com\/es\/wp-content\/uploads\/2025\/11\/1819321-acceso-al-formulario.png\" width=\"173\" height=\"56\" alt=\"acceso-al-formulario. Este enlace se abrir\u00e1 en una ventana nueva\" \/><\/a><\/p>\n<p class=\"cmParagraph caja-roja\">Puede acceder a esta aplicaci\u00f3n mediante:<\/p>\n<p>Su cuenta @educa.jcyl.es (Solo si ya dispone de ella: no se puede obtener dicha cuenta con motivo de este procedimiento)<\/p>\n<p>Sistema Cl@ve (Pin 24 horas, Pin permanente o Certificado Digital)<\/p>\n<p>La solicitud de participaci\u00f3n se presentar\u00e1 obligatoriamente de forma electr\u00f3nica. Para ello se debe disponer de:<\/p>\n<p>DNI electr\u00f3nico o<\/p>\n<p>Certificado electr\u00f3nico reconocido por esta Administraci\u00f3n.<\/p>\n<p class=\"cmParagraph\"><strong>Esta aplicaci\u00f3n no funciona con el navegador Internet Explorer en ninguna de sus versiones<\/strong><\/p>\n<p class=\"cmParagraph cmAligncenter\"><img loading=\"lazy\" decoding=\"async\" src=\"https:\/\/www.europesays.com\/es\/wp-content\/uploads\/2025\/11\/1819322-img-tramita-cyl.png\" width=\"188\" height=\"32\" alt=\"img-tramita-cyl\" \/><\/p>\n","protected":false},"excerpt":{"rendered":"Publicado el 28 de noviembre de 2025 La \u00a0\u00a0Resoluci\u00f3n de 28 de noviembre de 2025, de la Direcci\u00f3n&hellip;\n","protected":false},"author":2,"featured_media":18923,"comment_status":"","ping_status":"","sticky":false,"template":"","format":"standard","meta":{"footnotes":""},"categories":[8],"tags":[17,18,2025,2027,209,2026,25,24,13,14,2031,11,2028,2024,19,20,2030,9,10,15,16,2032,2029,23,12,21,22],"class_list":{"0":"post-261191","1":"post","2":"type-post","3":"status-publish","4":"format-standard","5":"has-post-thumbnail","7":"category-espana","8":"tag-breaking-news","9":"tag-breakingnews","10":"tag-castilla-y-len","11":"tag-colegios","12":"tag-cultura","13":"tag-educacion","14":"tag-es","15":"tag-espana","16":"tag-featured-news","17":"tag-featurednews","18":"tag-formacin","19":"tag-headlines","20":"tag-institutos","21":"tag-junta","22":"tag-latest-news","23":"tag-latestnews","24":"tag-maestros","25":"tag-news","26":"tag-noticias","27":"tag-noticias-destacadas","28":"tag-noticiasdestacadas","29":"tag-profesional","30":"tag-profesores","31":"tag-spain","32":"tag-titulares","33":"tag-ultimas-noticias","34":"tag-ultimasnoticias"},"share_on_mastodon":{"url":"https:\/\/pubeurope.com\/@es\/115630048966895474","error":""},"_links":{"self":[{"href":"https:\/\/www.europesays.com\/es\/wp-json\/wp\/v2\/posts\/261191","targetHints":{"allow":["GET"]}}],"collection":[{"href":"https:\/\/www.europesays.com\/es\/wp-json\/wp\/v2\/posts"}],"about":[{"href":"https:\/\/www.europesays.com\/es\/wp-json\/wp\/v2\/types\/post"}],"author":[{"embeddable":true,"href":"https:\/\/www.europesays.com\/es\/wp-json\/wp\/v2\/users\/2"}],"replies":[{"embeddable":true,"href":"https:\/\/www.europesays.com\/es\/wp-json\/wp\/v2\/comments?post=261191"}],"version-history":[{"count":0,"href":"https:\/\/www.europesays.com\/es\/wp-json\/wp\/v2\/posts\/261191\/revisions"}],"wp:featuredmedia":[{"embeddable":true,"href":"https:\/\/www.europesays.com\/es\/wp-json\/wp\/v2\/media\/18923"}],"wp:attachment":[{"href":"https:\/\/www.europesays.com\/es\/wp-json\/wp\/v2\/media?parent=261191"}],"wp:term":[{"taxonomy":"category","embeddable":true,"href":"https:\/\/www.europesays.com\/es\/wp-json\/wp\/v2\/categories?post=261191"},{"taxonomy":"post_tag","embeddable":true,"href":"https:\/\/www.europesays.com\/es\/wp-json\/wp\/v2\/tags?post=261191"}],"curies":[{"name":"wp","href":"https:\/\/api.w.org\/{rel}","templated":true}]}}