{"id":261193,"date":"2025-11-29T00:07:16","date_gmt":"2025-11-29T00:07:16","guid":{"rendered":"https:\/\/www.europesays.com\/es\/261193\/"},"modified":"2025-11-29T00:07:16","modified_gmt":"2025-11-29T00:07:16","slug":"el-mundo-del-ciclismo-llora-la-muerte-de-angel-garcia-rubio-fundador-del-club-deportivo-ciclorioseco","status":"publish","type":"post","link":"https:\/\/www.europesays.com\/es\/261193\/","title":{"rendered":"El mundo del ciclismo llora la muerte de \u00c1ngel Garc\u00eda Rubio, fundador del Club Deportivo Ciclorioseco"},"content":{"rendered":"<p>Es dif\u00edcil encontrar una localidad espa\u00f1ola con relaci\u00f3n con el deporte federado del ciclismo en la que no se conociese el nombre de \u00c1ngel Garc\u00eda  &#8230; Rubio, el director deportivo de Medina de Rioseco que llev\u00f3 al Club Ciclorioseco a ganar muchas de m\u00e1s importantes competiciones del calendario nacional, en especial en las categor\u00edas de escuela, cadete y juvenil, siempre tenido muy presente que las palabras fundamentales deporte eran participaci\u00f3n y educaci\u00f3n. Garc\u00eda Rubio acababa de fallecer a los 77 a\u00f1os, tras haber conseguido el dif\u00edcil reconocimiento del mundo del ciclismo, en especial en su localidad natal, donde propulso este deporte. <\/p>\n<p class=\"v-p\">Fue en lejano a\u00f1o de 1992, cuando \u00c1ngel Garc\u00eda Rubio, sin apenas experiencia deportiva alguna, se embarca en el mundo del ciclismo, fundado, junto a un grupo de aficionados, el Club Ciclista Cicliorioseco, tras realizar los distintos niveles de director deportivo provincial y regional. Un a\u00f1o despu\u00e9s, con la colaboraci\u00f3n del Ayuntamiento riosecano y de la mano del entonces concejal de Deportes, su amigo \u00c1ngel Perrote, constituye la escuela municipal de ciclismo, donde el riosecano encontrar\u00e1 vocaci\u00f3n y aptitud para la ense\u00f1anza. Unos primeros a\u00f1os de iniciaci\u00f3n y encuentros de escuelas en circuitos urbanos por las calles de Rioseco en los que su propio hijo \u00c1ngel Garc\u00eda de Castro se perfilar\u00e1 como una prometedora figura sobre las dos ruedas. <\/p>\n<p class=\"v-p\">Entre 1997 y 1998, Garc\u00eda Rubio formaliza el equipo cadete que, participando en el calendario de carreras de Castilla y Le\u00f3n, consigue el campeonato individual y por equipos, adem\u00e1s de t\u00edtulos tan importantes a nivel nacional como la Subida a Montjuic o la Escala al Naranco. Son a\u00f1os en los que su hijo brilla con luz propia alz\u00e1ndose con dos segundos puestos en el Campeonato de Espa\u00f1a de Ciclismo en Pista. <\/p>\n<p class=\"v-p\">Los triunfos contin\u00faan durante los a\u00f1os 1999 a 2003 con el equipo juvenil obteniendo por varias veces el campeonato regional, logrando su hijo el Campeonato de Espa\u00f1a de Fondo y participando con la Selecci\u00f3n Espa\u00f1ola en el Campeonato del Mundo. De esta manera, Garc\u00eda Rubio, que hab\u00eda brillado como gran profesional de la carpinter\u00eda met\u00e1lica, entraba ahora por la puerta grande del mejor ciclismo, sin ninguna pereza para coger el coche y, con sus ciclistas, hacer cientos de kil\u00f3metros met\u00e1lica. Una importante trayectoria deportiva que no le impidi\u00f3 colaborar activamente en la organizaci\u00f3n de pruebas deportivas municipales, como los campeonatos de ciclismo o el triatl\u00f3n y el duatl\u00f3n Canal de Castilla. <\/p>\n<p class=\"v-p\">Son a\u00f1os en los que el Club Ciclorioseco y la Ciudad de los Almirantes suena por toda las regiones espa\u00f1olas, en los que \u00c1ngel Garc\u00eda siempre destac\u00f3 la grandeza de la convivencia con sus ciclistas. Una larga carrera de \u00e9xitos que no hizo olvidar al director riosecano que la esencia del ciclismo en las categor\u00edas inferiores es la participaci\u00f3n en el deporte sin grandes objetivos. Por eso no dejaba de insistir en el componente educacional que tiene que tener el ciclismo como deporte, de ah\u00ed que su club siempre tuviera por bandera el buen comportamiento. Y junto \u00c1ngel, desde el principio, siempre su esposa, Mar\u00eda Jes\u00fas de Castro, como pieza fundamental en el equipo de cara a la intendencia, para cuidar con gran cari\u00f1o a los j\u00f3venes ciclistas como si fueran sus hijos. En 2017, en la gala de deporte, el Ayuntamiento riosecano otorg\u00f3 a Garc\u00eda Rubio el premio a la leyenda deportiva.<\/p>\n<p class=\"v-p\">La pasi\u00f3n de este riosecano por el ciclismo la contagi\u00f3 a otros miembros de la familia, y de esta forma mientras que su otro hijo, Rub\u00e9n, lograba importantes triunfos en el deporte de ciclismo en pista y de ciclocr\u00f3s, su hija, Roc\u00edo, hac\u00eda lo propio en duatl\u00f3n, al igual que su yerno, Javier Mulero. Todo ello sin olvidar que de la mano de este director deportivo la riosecana Mar\u00eda San Jos\u00e9 llegar\u00e1 a conseguir un palmar\u00e9s con varios campeonatos regionales en ruta, ciclocr\u00f3s y pruebas de pista, as\u00ed como algunas medallas de plata y bronce en los nacionales y Copa de Espa\u00f1a. <\/p>\n<p class=\"v-p\">\u00c1ngel Garc\u00eda Rubio siempre demostr\u00f3 un intenso riosecanismo, habiendo pertenecido por tradici\u00f3n familiar a la Hermandad de Jes\u00fas Atado a la Columna, el popular Ceomico, en una hist\u00f3rica Semana Santa en la que un a\u00f1o ejerci\u00f3 de Pardal por enfermedad de su t\u00edo Luis Garc\u00eda. Adem\u00e1s, era el n\u00famero uno de los hermanos de la Cofrad\u00eda del Cristo de las Puertas. En la memoria queda tambi\u00e9n los a\u00f1os de su juventud en los que fue valiente novillero, apodado Junquerillo, volviendo al coso del Carmen con motivo de la becerrada solidario de la Asociaci\u00f3n Taurina Riosecana en 2013. <\/p>\n<p class=\"v-p\">La capilla ardiente est\u00e1 instalada en el Tanatorio San Juan de Medina de Rioseco. El funeral tendr\u00e1 lugar este viernes en la riosecana iglesia de Santa Mar\u00eda, a las 16.00 horas.<\/p>\n","protected":false},"excerpt":{"rendered":"Es dif\u00edcil encontrar una localidad espa\u00f1ola con relaci\u00f3n con el deporte federado del ciclismo en la que no&hellip;\n","protected":false},"author":2,"featured_media":261194,"comment_status":"","ping_status":"","sticky":false,"template":"","format":"standard","meta":{"footnotes":""},"categories":[273],"tags":[2594,313,312,168,25,24,8385,1730,4920,3013,23,167],"class_list":{"0":"post-261193","1":"post","2":"type-post","3":"status-publish","4":"format-standard","5":"has-post-thumbnail","7":"category-ciclismo","8":"tag-angel","9":"tag-ciclismo","10":"tag-cycling","11":"tag-deportes","12":"tag-es","13":"tag-espana","14":"tag-llora","15":"tag-martin","16":"tag-muerte","17":"tag-mundo","18":"tag-spain","19":"tag-sports"},"share_on_mastodon":{"url":"https:\/\/pubeurope.com\/@es\/115630076273205666","error":""},"_links":{"self":[{"href":"https:\/\/www.europesays.com\/es\/wp-json\/wp\/v2\/posts\/261193","targetHints":{"allow":["GET"]}}],"collection":[{"href":"https:\/\/www.europesays.com\/es\/wp-json\/wp\/v2\/posts"}],"about":[{"href":"https:\/\/www.europesays.com\/es\/wp-json\/wp\/v2\/types\/post"}],"author":[{"embeddable":true,"href":"https:\/\/www.europesays.com\/es\/wp-json\/wp\/v2\/users\/2"}],"replies":[{"embeddable":true,"href":"https:\/\/www.europesays.com\/es\/wp-json\/wp\/v2\/comments?post=261193"}],"version-history":[{"count":0,"href":"https:\/\/www.europesays.com\/es\/wp-json\/wp\/v2\/posts\/261193\/revisions"}],"wp:featuredmedia":[{"embeddable":true,"href":"https:\/\/www.europesays.com\/es\/wp-json\/wp\/v2\/media\/261194"}],"wp:attachment":[{"href":"https:\/\/www.europesays.com\/es\/wp-json\/wp\/v2\/media?parent=261193"}],"wp:term":[{"taxonomy":"category","embeddable":true,"href":"https:\/\/www.europesays.com\/es\/wp-json\/wp\/v2\/categories?post=261193"},{"taxonomy":"post_tag","embeddable":true,"href":"https:\/\/www.europesays.com\/es\/wp-json\/wp\/v2\/tags?post=261193"}],"curies":[{"name":"wp","href":"https:\/\/api.w.org\/{rel}","templated":true}]}}