{"id":261195,"date":"2025-11-29T00:09:10","date_gmt":"2025-11-29T00:09:10","guid":{"rendered":"https:\/\/www.europesays.com\/es\/261195\/"},"modified":"2025-11-29T00:09:10","modified_gmt":"2025-11-29T00:09:10","slug":"el-casademont-zaragoza-anuncia-el-fichaje-de-koumadje-techo-de-la-acb","status":"publish","type":"post","link":"https:\/\/www.europesays.com\/es\/261195\/","title":{"rendered":"El Casademont Zaragoza anuncia el fichaje de Koumadje, techo de la ACB"},"content":{"rendered":"<p data-mrf-recirculation=\"Links P\u00e1rrafos\" class=\"ue-c-article__paragraph paragraph xai-icon-container ue-c-article--first-letter-highlighted\">Khalifa <strong>Koumadje<\/strong> (Chad, 1996) se incorpora a <strong>Casademont Zaragoza<\/strong> hasta final de temporada. Con <strong>2\u00b424 metros de altura<\/strong>, el p\u00edvot chadiano se convierte en el techo de la Liga Endesa junto a <strong>Fall.<\/strong><\/p>\n<p data-mrf-recirculation=\"Links P\u00e1rrafos\" class=\"ue-c-article__paragraph paragraph xai-icon-container\">De esta forma, el conjunto de <strong>Jes\u00fas Ram\u00edrez<\/strong> se refuerza en su rotaci\u00f3n interior con un jugador que aportar\u00e1 rebote e intimidaci\u00f3n en la pintura. <strong>Koumadje<\/strong> es, sin duda, uno de esos jugadores que condiciona el ataque rival y que sumar\u00e1 otro nombre importante a la lista de jugadores del <strong>Casademont <\/strong>que juegan sin complejos por encima del aro.<\/p>\n<p data-mrf-recirculation=\"Links P\u00e1rrafos\" class=\"ue-c-article__paragraph paragraph xai-icon-container\">Nuestra torre cuenta con <strong>89 partidos<\/strong>, repartidos en cinco temporadas, de experiencia en la Euroliga -sobre todo, destac\u00f3 en su etapa en el <strong>Alba Berl\u00edn<\/strong>-, aunque su carrera profesional se ha extendido a Espa\u00f1a (<strong>Estudiantes<\/strong>), Rusia, China y la G League, desde que complet\u00f3 su carrera en la NCAA con Florida State en 2019.<\/p>\n","protected":false},"excerpt":{"rendered":"Khalifa Koumadje (Chad, 1996) se incorpora a Casademont Zaragoza hasta final de temporada. Con 2\u00b424 metros de altura,&hellip;\n","protected":false},"author":2,"featured_media":261196,"comment_status":"","ping_status":"","sticky":false,"template":"","format":"standard","meta":{"footnotes":""},"categories":[269],"tags":[299,298,168,25,24,23,167],"class_list":{"0":"post-261195","1":"post","2":"type-post","3":"status-publish","4":"format-standard","5":"has-post-thumbnail","7":"category-baloncesto","8":"tag-baloncesto","9":"tag-basketball","10":"tag-deportes","11":"tag-es","12":"tag-espana","13":"tag-spain","14":"tag-sports"},"share_on_mastodon":{"url":"https:\/\/pubeurope.com\/@es\/115630084252846009","error":""},"_links":{"self":[{"href":"https:\/\/www.europesays.com\/es\/wp-json\/wp\/v2\/posts\/261195","targetHints":{"allow":["GET"]}}],"collection":[{"href":"https:\/\/www.europesays.com\/es\/wp-json\/wp\/v2\/posts"}],"about":[{"href":"https:\/\/www.europesays.com\/es\/wp-json\/wp\/v2\/types\/post"}],"author":[{"embeddable":true,"href":"https:\/\/www.europesays.com\/es\/wp-json\/wp\/v2\/users\/2"}],"replies":[{"embeddable":true,"href":"https:\/\/www.europesays.com\/es\/wp-json\/wp\/v2\/comments?post=261195"}],"version-history":[{"count":0,"href":"https:\/\/www.europesays.com\/es\/wp-json\/wp\/v2\/posts\/261195\/revisions"}],"wp:featuredmedia":[{"embeddable":true,"href":"https:\/\/www.europesays.com\/es\/wp-json\/wp\/v2\/media\/261196"}],"wp:attachment":[{"href":"https:\/\/www.europesays.com\/es\/wp-json\/wp\/v2\/media?parent=261195"}],"wp:term":[{"taxonomy":"category","embeddable":true,"href":"https:\/\/www.europesays.com\/es\/wp-json\/wp\/v2\/categories?post=261195"},{"taxonomy":"post_tag","embeddable":true,"href":"https:\/\/www.europesays.com\/es\/wp-json\/wp\/v2\/tags?post=261195"}],"curies":[{"name":"wp","href":"https:\/\/api.w.org\/{rel}","templated":true}]}}