{"id":261197,"date":"2025-11-29T00:10:12","date_gmt":"2025-11-29T00:10:12","guid":{"rendered":"https:\/\/www.europesays.com\/es\/261197\/"},"modified":"2025-11-29T00:10:12","modified_gmt":"2025-11-29T00:10:12","slug":"vamos-a-volver-a-primera","status":"publish","type":"post","link":"https:\/\/www.europesays.com\/es\/261197\/","title":{"rendered":"\u201cVamos a volver a Primera\u201d"},"content":{"rendered":"<p>La Navidad ya ilumina A Coru\u00f1a y lo ha hecho con un protagonista muy especial para el deportivismo. Este viernes, <strong>Bebeto<\/strong>, leyenda del SuperD\u00e9por, fue el encargado de pulsar el bot\u00f3n que encendi\u00f3 los m\u00e1s de 3 millones de luces LED y los 560 arcos decorativos que vestir\u00e1n la ciudad durante estas fiestas. Y lo hizo desde un lugar cargado de historia: el <strong>balc\u00f3n de Mar\u00eda Pita desde el que celebr\u00f3, hace ya 30 a\u00f1os, la Copa del Rey de 1995.<\/strong><\/p>\n<p>El exdelantero brasile\u00f1o no solo activ\u00f3 oficialmente la Navidad coru\u00f1esa, sino que volvi\u00f3 a enamorar a la afici\u00f3n con un mensaje directo al coraz\u00f3n del deportivismo. \u201c<strong>El D\u00e9por est\u00e1 en mi coraz\u00f3n y vamos a volver a Primera<\/strong>\u201d, asegur\u00f3 ante una plaza repleta, despertando la ovaci\u00f3n de los presentes.<\/p>\n<p>A su lado estuvo la alcaldesa <strong>In\u00e9s Rey<\/strong>, acompa\u00f1ada por seis ni\u00f1as y ni\u00f1os finalistas del concurso municipal de postales navide\u00f1as. El dise\u00f1o ganador, obra de Dar\u00edo Mart\u00edn Sarmiento, alumno de 5\u00ba de Primaria del CEIP San Francisco Javier, ser\u00e1 la postal oficial del Ayuntamiento para este 2025.<\/p>\n<p>A las 19:00 horas lleg\u00f3 el momento culminante. <strong>Bebeto, junto a los peque\u00f1os artistas, puls\u00f3 el bot\u00f3n que encendi\u00f3 en apenas unos segundos toda la iluminaci\u00f3n de la ciudad<\/strong>.<\/p>\n<p>El encendido navide\u00f1o de 2025 deja, adem\u00e1s del espect\u00e1culo visual, una imagen imborrable: <strong>Bebeto regresando a A Coru\u00f1a para regalar luz<\/strong>, emoci\u00f3n y un gui\u00f1o al Deportivo en un momento clave de la temporada.<\/p>\n","protected":false},"excerpt":{"rendered":"La Navidad ya ilumina A Coru\u00f1a y lo ha hecho con un protagonista muy especial para el deportivismo.&hellip;\n","protected":false},"author":2,"featured_media":261198,"comment_status":"","ping_status":"","sticky":false,"template":"","format":"standard","meta":{"footnotes":""},"categories":[268],"tags":[168,25,24,280,282,281,23,167],"class_list":{"0":"post-261197","1":"post","2":"type-post","3":"status-publish","4":"format-standard","5":"has-post-thumbnail","7":"category-futbol","8":"tag-deportes","9":"tag-es","10":"tag-espana","11":"tag-football","12":"tag-futbol","13":"tag-soccer","14":"tag-spain","15":"tag-sports"},"share_on_mastodon":{"url":"https:\/\/pubeurope.com\/@es\/115630088347598335","error":""},"_links":{"self":[{"href":"https:\/\/www.europesays.com\/es\/wp-json\/wp\/v2\/posts\/261197","targetHints":{"allow":["GET"]}}],"collection":[{"href":"https:\/\/www.europesays.com\/es\/wp-json\/wp\/v2\/posts"}],"about":[{"href":"https:\/\/www.europesays.com\/es\/wp-json\/wp\/v2\/types\/post"}],"author":[{"embeddable":true,"href":"https:\/\/www.europesays.com\/es\/wp-json\/wp\/v2\/users\/2"}],"replies":[{"embeddable":true,"href":"https:\/\/www.europesays.com\/es\/wp-json\/wp\/v2\/comments?post=261197"}],"version-history":[{"count":0,"href":"https:\/\/www.europesays.com\/es\/wp-json\/wp\/v2\/posts\/261197\/revisions"}],"wp:featuredmedia":[{"embeddable":true,"href":"https:\/\/www.europesays.com\/es\/wp-json\/wp\/v2\/media\/261198"}],"wp:attachment":[{"href":"https:\/\/www.europesays.com\/es\/wp-json\/wp\/v2\/media?parent=261197"}],"wp:term":[{"taxonomy":"category","embeddable":true,"href":"https:\/\/www.europesays.com\/es\/wp-json\/wp\/v2\/categories?post=261197"},{"taxonomy":"post_tag","embeddable":true,"href":"https:\/\/www.europesays.com\/es\/wp-json\/wp\/v2\/tags?post=261197"}],"curies":[{"name":"wp","href":"https:\/\/api.w.org\/{rel}","templated":true}]}}