{"id":261199,"date":"2025-11-29T00:11:16","date_gmt":"2025-11-29T00:11:16","guid":{"rendered":"https:\/\/www.europesays.com\/es\/261199\/"},"modified":"2025-11-29T00:11:16","modified_gmt":"2025-11-29T00:11:16","slug":"carmen-lomana-da-una-leccion-de-estilo-con-un-conjunto-negro-con-apliques-dorados-y-es-la-inspiracion-perfecta-para-los-looks-de-navidad-de-este-ano","status":"publish","type":"post","link":"https:\/\/www.europesays.com\/es\/261199\/","title":{"rendered":"Carmen Lomana da una lecci\u00f3n de estilo con un conjunto negro con apliques dorados y es la inspiraci\u00f3n perfecta para los looks de Navidad de este a\u00f1o"},"content":{"rendered":"<p data-journey-content=\"true\" data-node-id=\"3\" class=\"css-6wxqfj emevuu60\">Anoche tuvo lugar un evento espectacular en el nuevo espacio <strong data-node-id=\"3.1\">Nuga Castellana<\/strong>, en pleno <strong data-node-id=\"3.3\">Paseo de la Castellana<\/strong>: el nuevo n\u00facelo urbano de vanguardia que re\u00fane viviendas, oficinas, restaurantes y bienestar en una manzana de car\u00e1cter singular. En este encuentro, <strong data-node-id=\"3.5\">se reunieron algunas de las personalidades m\u00e1s destacadas de Espa\u00f1a<\/strong>, y al mismo tiempo, se convirti\u00f3 en un evento que hac\u00eda menci\u00f3n de la <strong data-node-id=\"3.7\">elegancia y el lujo con m\u00e1s estilo. <\/strong><\/p>\n<p data-journey-content=\"true\" data-node-id=\"6\" class=\"css-6wxqfj emevuu60\">Entre las invitadas, destacaron algunas como <strong data-node-id=\"6.1\">Blanca Romero, Eugenia Osborne o Melyssa Pinto<\/strong>. Sin embargo, Carmen Lomana acapar\u00f3 todos los focos, y nos dio una lecci\u00f3n de estilo con elegancia y clase, demostr\u00e1ndonos que, <a href=\"https:\/\/www.elle.com\/es\/star-style\/el-estilo-de\/a66137596\/carmen-lomana-vestido-transparencias-entretiempo-silvia-tcherassi-fashion-week-madrid-otono-2025\/\" target=\"_blank\" data-vars-ga-outbound-link=\"https:\/\/www.elle.com\/es\/star-style\/el-estilo-de\/a66137596\/carmen-lomana-vestido-transparencias-entretiempo-silvia-tcherassi-fashion-week-madrid-otono-2025\/\" data-vars-ga-ux-element=\"Hyperlink\" data-vars-ga-call-to-action=\"a sus 77 a\u00f1os, sigue siendo una de las socialit\u00e9s con m\u00e1s estilo del pa\u00eds\" data-node-id=\"6.3\" class=\"body-link css-103hk4r emevuu60\" rel=\"nofollow noopener\">a sus 77 a\u00f1os, sigue siendo una de las socialit\u00e9s con m\u00e1s estilo del pa\u00eds<\/a>. Lomana siempre elige sus estilismos de la manera m\u00e1s adecuada y elegante, escogiendo siempre la opci\u00f3n m\u00e1s apropiada para el evento al que acude. <\/p>\n<p data-journey-content=\"true\" data-node-id=\"9\" class=\"css-6wxqfj emevuu60\"><strong data-node-id=\"9.0\">Carmen Lomana es experta a la hora de sorprendernos<\/strong>, y no le tiembla el pulso a la hora de elegir los vestidos m\u00e1s elegantes y espectaculares, pero \u00faltimamente, <a href=\"https:\/\/www.elle.com\/es\/star-style\/el-estilo-de\/a69483777\/carmen-lomana-conjunto-fiesta-inspiracion-navidad\/\" target=\"_blank\" data-vars-ga-outbound-link=\"https:\/\/www.elle.com\/es\/star-style\/el-estilo-de\/a69483777\/carmen-lomana-conjunto-fiesta-inspiracion-navidad\/\" data-vars-ga-ux-element=\"Hyperlink\" data-vars-ga-call-to-action=\"est\u00e1 siendo la mejor inspiraci\u00f3n para nuestros looks de fiestas de Navidad\" data-node-id=\"9.2\" class=\"body-link css-103hk4r emevuu60\" rel=\"nofollow noopener\">est\u00e1 siendo la mejor inspiraci\u00f3n para nuestros looks de fiestas de Navidad<\/a>, y desde luego, estaremos fij\u00e1ndonos en ella este a\u00f1o. <\/p>\n<p>Carmen Lomana con conjunto negro de fiesta con apliques dorados<\/p>\n<p data-journey-content=\"true\" data-node-id=\"13\" class=\"css-6wxqfj emevuu60\">Para la inauguraci\u00f3n de este espacio \u00fanico de Nuga Castellana, Carmen Lomana se decant\u00f3 por un estilismo que era<strong data-node-id=\"13.1\"> el equilibrio perfecto entre un look sencillo y casual, y uno espectacular<\/strong>, y el truco estaba en los detalles y accesorios que eligi\u00f3 para la noche. <\/p>\n<p data-journey-content=\"true\" data-node-id=\"15\" class=\"css-6wxqfj emevuu60\">Desde luego, <a href=\"https:\/\/www.elle.com\/es\/moda\/noticias\/a69107745\/novedades-zara-conjuntos-monocolor-de-punto-elegantes-botas-altas-estilo\/\" target=\"_blank\" data-vars-ga-outbound-link=\"https:\/\/www.elle.com\/es\/moda\/noticias\/a69107745\/novedades-zara-conjuntos-monocolor-de-punto-elegantes-botas-altas-estilo\/\" data-vars-ga-ux-element=\"Hyperlink\" data-vars-ga-call-to-action=\"los conjuntos monocolor de dos piezas son uno de nuestros estilismos preferidos\" data-node-id=\"15.1\" class=\"body-link css-103hk4r emevuu60\" rel=\"nofollow noopener\">los conjuntos monocolor de dos piezas son uno de nuestros estilismos preferidos<\/a>, y Carmen Lomana conoce este truco a la perfecci\u00f3n. <strong data-node-id=\"15.3\">Los conjuntos de dos piezas son cl\u00e1sicos y casuales<\/strong>, a pesar de que parezca una elecci\u00f3n simple, siempre son elegantes. La socialit\u00e9 elige una <strong data-node-id=\"15.5\">camisa en color negro, con un cuello redondo <\/strong>y unas mangas que llegan hasta la mitad del brazo. Sus <strong data-node-id=\"15.7\">pantalones<\/strong>, tambi\u00e9n en color negro, son <strong data-node-id=\"15.9\">ajustados y rectos<\/strong>, y terminan justo por encima de los tobillos. <\/p>\n<p><img draggable=\"true\" alt=\"carmen lomana da una lecci\u00f3n de estilo con un conjunto negro con apliques dorados y es la inspiraci\u00f3n perfecta para los looks de navidad de este a\u00f1o\" title=\"Carmen Lomana da una lecci\u00f3n de estilo con un conjunto negro con apliques dorados y es la inspiraci\u00f3n perfecta para los looks de Navidad de este a\u00f1o\" loading=\"lazy\" width=\"2048\" height=\"3072\" decoding=\"async\" data-nimg=\"1\" style=\"color:transparent;width:100%;height:auto;\"   src=\"https:\/\/www.europesays.com\/es\/wp-content\/uploads\/2025\/11\/u595762-017-692972167cb1e.jpg\" class=\"css-0 e1g79fud0\"\/><a target=\"_blank\" rel=\"noopener nofollow\" data-theme-key=\"base-link\" href=\"https:\/\/pinterest.com\/pin\/create\/button\/?url=https:\/\/www.elle.com\/es\/star-style\/el-estilo-de\/a69572075\/carmen-lomana-leccion-estilo-apliques-dorados-inspiracion-look-fiestas-navidad-2025\/&amp;description=- ElleSpain&amp;media=https:\/\/hips.hearstapps.com\/hmg-prod\/images\/u595762-017-692972167cb1e.jpg?resize=1600:*\" class=\"pinterest css-on9hn5 e1c1bym14\"><img decoding=\"async\" data-dynamic-svg=\"true\" src=\"https:\/\/www.elle.com\/_assets\/design-tokens\/fre\/static\/icons\/social\/pinterest.e8cf655.svg?primary=%2523ffffff\" loading=\"lazy\" data-testid=\"dynamic-svg-base\" height=\"auto\" width=\"auto\" alt=\"pinterest\" class=\"css-4lml0h e1mlxuuw1\"\/><\/a>GIM<\/p>\n<p>Carmen Lomana da una lecci\u00f3n de estilo con un conjunto negro con apliques dorados y es la inspiraci\u00f3n perfecta para los looks de Navidad de este a\u00f1o<\/p>\n<p data-journey-content=\"true\" data-node-id=\"18\" class=\"css-6wxqfj emevuu60\">Para iluminar este look tan cl\u00e1sico, Lomana elige unos <strong data-node-id=\"18.1\">apliques dorados <\/strong>que coloca en los pu\u00f1os de las mangas de su camisa y en los bajos de la misma. Con unas <strong data-node-id=\"18.3\">formas de hojas<\/strong>, que rodean el cuerpo de la socialit\u00e9, estos apliques aportan <strong data-node-id=\"18.5\">luminosidad, brillo y dinamismo al estilismo<\/strong>. Una elecci\u00f3n muy elegante, que combina con sus <strong data-node-id=\"18.7\">zapatos de tac\u00f3n &#8216;Slingback&#8217; de Chanel<\/strong>, en color <strong data-node-id=\"18.9\">dorado y negro<\/strong>, con punta ligeramente redonda y un peque\u00f1o <strong data-node-id=\"18.11\">lazo negro<\/strong>. Remata su look con un <strong data-node-id=\"18.13\">brazalete <\/strong><strong data-node-id=\"18.14\">dorado<\/strong>, unos <strong data-node-id=\"18.16\">pendientes largos<\/strong> dorados y un bolso de mano <strong data-node-id=\"18.18\">&#8216;My Sicily Bag&#8217; de Dolce &amp; Gabbana<\/strong>.<\/p>\n<p><img draggable=\"true\" alt=\"carmen lomana da una lecci\u00f3n de estilo con un conjunto negro con apliques dorados y es la inspiraci\u00f3n perfecta para los looks de navidad de este a\u00f1o\" title=\"Carmen Lomana da una lecci\u00f3n de estilo con un conjunto negro con apliques dorados y es la inspiraci\u00f3n perfecta para los looks de Navidad de este a\u00f1o\" loading=\"lazy\" width=\"2677\" height=\"4016\" decoding=\"async\" data-nimg=\"1\" style=\"color:transparent;width:100%;height:auto;\"   src=\"https:\/\/www.europesays.com\/es\/wp-content\/uploads\/2025\/11\/u595762-016-6929717829e14.jpg\" class=\"css-0 e1g79fud0\"\/><a target=\"_blank\" rel=\"noopener nofollow\" data-theme-key=\"base-link\" href=\"https:\/\/pinterest.com\/pin\/create\/button\/?url=https:\/\/www.elle.com\/es\/star-style\/el-estilo-de\/a69572075\/carmen-lomana-leccion-estilo-apliques-dorados-inspiracion-look-fiestas-navidad-2025\/&amp;description=- ElleSpain&amp;media=https:\/\/hips.hearstapps.com\/hmg-prod\/images\/u595762-016-6929717829e14.jpg?resize=1600:*\" class=\"pinterest css-on9hn5 e1c1bym14\"><img decoding=\"async\" data-dynamic-svg=\"true\" src=\"https:\/\/www.elle.com\/_assets\/design-tokens\/fre\/static\/icons\/social\/pinterest.e8cf655.svg?primary=%2523ffffff\" loading=\"lazy\" data-testid=\"dynamic-svg-base\" height=\"auto\" width=\"auto\" alt=\"pinterest\" class=\"css-4lml0h e1mlxuuw1\"\/><\/a>GIM<\/p>\n<p>Carmen Lomana da una lecci\u00f3n de estilo con un conjunto negro con apliques dorados y es la inspiraci\u00f3n perfecta para los looks de Navidad de este a\u00f1o<\/p>\n<p><img draggable=\"true\" alt=\"carmen lomana da una lecci\u00f3n de estilo con un conjunto negro con apliques dorados y es la inspiraci\u00f3n perfecta para los looks de navidad de este a\u00f1o\" title=\"Carmen Lomana da una lecci\u00f3n de estilo con un conjunto negro con apliques dorados y es la inspiraci\u00f3n perfecta para los looks de Navidad de este a\u00f1o\" loading=\"lazy\" width=\"2048\" height=\"3072\" decoding=\"async\" data-nimg=\"1\" style=\"color:transparent;width:100%;height:auto;\"   src=\"https:\/\/www.europesays.com\/es\/wp-content\/uploads\/2025\/11\/u595762-017-692971e570887.jpg\" class=\"css-0 e1g79fud0\"\/><a target=\"_blank\" rel=\"noopener nofollow\" data-theme-key=\"base-link\" href=\"https:\/\/pinterest.com\/pin\/create\/button\/?url=https:\/\/www.elle.com\/es\/star-style\/el-estilo-de\/a69572075\/carmen-lomana-leccion-estilo-apliques-dorados-inspiracion-look-fiestas-navidad-2025\/&amp;description=- ElleSpain&amp;media=https:\/\/hips.hearstapps.com\/hmg-prod\/images\/u595762-017-692971e570887.jpg?resize=1600:*\" class=\"pinterest css-on9hn5 e1c1bym14\"><img decoding=\"async\" data-dynamic-svg=\"true\" src=\"https:\/\/www.elle.com\/_assets\/design-tokens\/fre\/static\/icons\/social\/pinterest.e8cf655.svg?primary=%2523ffffff\" loading=\"lazy\" data-testid=\"dynamic-svg-base\" height=\"auto\" width=\"auto\" alt=\"pinterest\" class=\"css-4lml0h e1mlxuuw1\"\/><\/a>GIM<\/p>\n<p>Carmen Lomana da una lecci\u00f3n de estilo con un conjunto negro con apliques dorados y es la inspiraci\u00f3n perfecta para los looks de Navidad de este a\u00f1o<\/p>\n","protected":false},"excerpt":{"rendered":"Anoche tuvo lugar un evento espectacular en el nuevo espacio Nuga Castellana, en pleno Paseo de la Castellana:&hellip;\n","protected":false},"author":2,"featured_media":261200,"comment_status":"","ping_status":"","sticky":false,"template":"","format":"standard","meta":{"footnotes":""},"categories":[174],"tags":[255,253,146,147,25,24,256,23],"class_list":{"0":"post-261199","1":"post","2":"type-post","3":"status-publish","4":"format-standard","5":"has-post-thumbnail","7":"category-famosos","8":"tag-celebrities","9":"tag-discover","10":"tag-entertainment","11":"tag-entretenimiento","12":"tag-es","13":"tag-espana","14":"tag-famosos","15":"tag-spain"},"share_on_mastodon":{"url":"https:\/\/pubeurope.com\/@es\/115630092686019066","error":""},"_links":{"self":[{"href":"https:\/\/www.europesays.com\/es\/wp-json\/wp\/v2\/posts\/261199","targetHints":{"allow":["GET"]}}],"collection":[{"href":"https:\/\/www.europesays.com\/es\/wp-json\/wp\/v2\/posts"}],"about":[{"href":"https:\/\/www.europesays.com\/es\/wp-json\/wp\/v2\/types\/post"}],"author":[{"embeddable":true,"href":"https:\/\/www.europesays.com\/es\/wp-json\/wp\/v2\/users\/2"}],"replies":[{"embeddable":true,"href":"https:\/\/www.europesays.com\/es\/wp-json\/wp\/v2\/comments?post=261199"}],"version-history":[{"count":0,"href":"https:\/\/www.europesays.com\/es\/wp-json\/wp\/v2\/posts\/261199\/revisions"}],"wp:featuredmedia":[{"embeddable":true,"href":"https:\/\/www.europesays.com\/es\/wp-json\/wp\/v2\/media\/261200"}],"wp:attachment":[{"href":"https:\/\/www.europesays.com\/es\/wp-json\/wp\/v2\/media?parent=261199"}],"wp:term":[{"taxonomy":"category","embeddable":true,"href":"https:\/\/www.europesays.com\/es\/wp-json\/wp\/v2\/categories?post=261199"},{"taxonomy":"post_tag","embeddable":true,"href":"https:\/\/www.europesays.com\/es\/wp-json\/wp\/v2\/tags?post=261199"}],"curies":[{"name":"wp","href":"https:\/\/api.w.org\/{rel}","templated":true}]}}