{"id":261201,"date":"2025-11-29T00:14:13","date_gmt":"2025-11-29T00:14:13","guid":{"rendered":"https:\/\/www.europesays.com\/es\/261201\/"},"modified":"2025-11-29T00:14:13","modified_gmt":"2025-11-29T00:14:13","slug":"ferran-arrasa-en-la-voz-con-una-espectacular-version-de-listen","status":"publish","type":"post","link":"https:\/\/www.europesays.com\/es\/261201\/","title":{"rendered":"Ferran arrasa en La Voz con una espectacular versi\u00f3n de \u2018Listen\u2019"},"content":{"rendered":"<p><b>Ferran<\/b>, del equipo de <b>Pablo L\u00f3pez<\/b>, ha regresado al escenario de La Voz con una de las actuaciones m\u00e1s intensas de la noche.<\/p>\n<p>El joven talent, que se gan\u00f3 su puesto en los Directos tras ganar el Asalto Final, eligi\u00f3 <b>\u2018Listen\u2019<\/b>, de <b>Beyonc\u00e9<\/b>, un reto vocal enorme que volvi\u00f3 a demostrar su crecimiento y su capacidad de conmover al p\u00fablico.<\/p>\n<p>Con una puesta en escena potente y una interpretaci\u00f3n cargada de fuerza, <b>Ferran <\/b>logr\u00f3 dominar cada nota del tema, mostrando una madurez art\u00edstica que ha ido afianzando a lo largo del concurso.<\/p>\n<p>Su actuaci\u00f3n se convirti\u00f3 en uno de los momentos m\u00e1s destacados de la primera Semifinal. \u00bfSer\u00e1 uno de los elegidos por el p\u00fablico o por su coach? \u00a1Todo puede suceder en <b>La Voz<\/b>!<\/p>\n<p>   <img decoding=\"async\" title=\"\u201cCreo que puedes ganar este concurso\u201d: Yatra lanza la frase que nadie esperaba en La Voz \" alt=\"\u201cCreo que puedes ganar este concurso\u201d: Yatra lanza la frase que nadie esperaba en La Voz \" width=\"480\" height=\"270\" src=\"https:\/\/www.europesays.com\/es\/wp-content\/uploads\/2025\/11\/1764375253_511_70.jpg\" loading=\"lazy\" class=\"lazy\"\/><\/p>\n","protected":false},"excerpt":{"rendered":"Ferran, del equipo de Pablo L\u00f3pez, ha regresado al escenario de La Voz con una de las actuaciones&hellip;\n","protected":false},"author":2,"featured_media":261202,"comment_status":"","ping_status":"","sticky":false,"template":"","format":"standard","meta":{"footnotes":""},"categories":[171],"tags":[146,147,25,24,23,214],"class_list":{"0":"post-261201","1":"post","2":"type-post","3":"status-publish","4":"format-standard","5":"has-post-thumbnail","7":"category-tv","8":"tag-entertainment","9":"tag-entretenimiento","10":"tag-es","11":"tag-espana","12":"tag-spain","13":"tag-tv"},"share_on_mastodon":{"url":"https:\/\/pubeurope.com\/@es\/115630104785277770","error":""},"_links":{"self":[{"href":"https:\/\/www.europesays.com\/es\/wp-json\/wp\/v2\/posts\/261201","targetHints":{"allow":["GET"]}}],"collection":[{"href":"https:\/\/www.europesays.com\/es\/wp-json\/wp\/v2\/posts"}],"about":[{"href":"https:\/\/www.europesays.com\/es\/wp-json\/wp\/v2\/types\/post"}],"author":[{"embeddable":true,"href":"https:\/\/www.europesays.com\/es\/wp-json\/wp\/v2\/users\/2"}],"replies":[{"embeddable":true,"href":"https:\/\/www.europesays.com\/es\/wp-json\/wp\/v2\/comments?post=261201"}],"version-history":[{"count":0,"href":"https:\/\/www.europesays.com\/es\/wp-json\/wp\/v2\/posts\/261201\/revisions"}],"wp:featuredmedia":[{"embeddable":true,"href":"https:\/\/www.europesays.com\/es\/wp-json\/wp\/v2\/media\/261202"}],"wp:attachment":[{"href":"https:\/\/www.europesays.com\/es\/wp-json\/wp\/v2\/media?parent=261201"}],"wp:term":[{"taxonomy":"category","embeddable":true,"href":"https:\/\/www.europesays.com\/es\/wp-json\/wp\/v2\/categories?post=261201"},{"taxonomy":"post_tag","embeddable":true,"href":"https:\/\/www.europesays.com\/es\/wp-json\/wp\/v2\/tags?post=261201"}],"curies":[{"name":"wp","href":"https:\/\/api.w.org\/{rel}","templated":true}]}}