{"id":261203,"date":"2025-11-29T00:15:27","date_gmt":"2025-11-29T00:15:27","guid":{"rendered":"https:\/\/www.europesays.com\/es\/261203\/"},"modified":"2025-11-29T00:15:27","modified_gmt":"2025-11-29T00:15:27","slug":"esta-mujer-no-va-a-ser-menos","status":"publish","type":"post","link":"https:\/\/www.europesays.com\/es\/261203\/","title":{"rendered":"Esta mujer no va a ser menos"},"content":{"rendered":"<p>La artista canaria <strong>Valeria Castro<\/strong> ha regresado a un escenario despu\u00e9s de anunciar hace poco m\u00e1s de un mes que necesitaba <a href=\"https:\/\/diariodeavisos.elespanol.com\/2025\/10\/valeria-castro-deja-los-escenarios\/\" rel=\"nofollow noopener\" target=\"_blank\">detener su actividad profesional<\/a>. La int\u00e9rprete recibi\u00f3 este mi\u00e9rcoles el <strong>Premio Ondas a Fen\u00f3meno Musical del A\u00f1o<\/strong>, galard\u00f3n que comparte con Guitarricadelafuente, en la gala celebrada en el Gran Teatre del Liceu de Barcelona.<\/p>\n<p>Durante la ceremonia, la cantante subi\u00f3 al escenario para recoger el reconocimiento, que dedic\u00f3 a su familia, a su equipo y a las personas que la han acompa\u00f1ado en las \u00faltimas semanas. <\/p>\n<p>En su intervenci\u00f3n quiso destacar que la voz de un int\u00e9rprete \u201cconvive con lo que pasamos, con c\u00f3mo nos tratamos y con el l\u00edmite del cuerpo. El ruido y los est\u00edmulos extremos del mundo a veces nos hacen pensar que hay que tirar pa\u2019 lante como sea, y est\u00e1 muy bien, siempre y cuando no pasemos por encima de nosotras mismas. Desde esta transparencia, desde esta fragilidad es que aprend\u00ed a hacer canciones que a m\u00ed me han salvado\u201d<\/p>\n<p>Asimismo, quiso agradecer a su tierra, La Palma, que son \u201cgente de heridas reconstruidas y esta mujer de La Palma no va a ser menos\u201d.<\/p>\n<p>Valeria Castro hizo referencia al comunicado que public\u00f3 en octubre, tras actuar en Operaci\u00f3n Triunfo, en el que explicaba que suspend\u00eda su gira debido a un<strong> problema de salud<\/strong>. Entonces afirm\u00f3 que el <strong>agotamiento y el deterioro de su salud mental<\/strong> hab\u00edan afectado directamente a su instrumento de trabajo. <\/p>\n<p>Posteriormente aclar\u00f3 que la actuaci\u00f3n televisiva no fue el origen del malestar, sino que se trataba de una<strong> situaci\u00f3n previa<\/strong>.<\/p>\n<blockquote class=\"tiktok-embed\" cite=\"https:\/\/www.tiktok.com\/@la_ser\/video\/7577146398513040662\" data-video-id=\"7577146398513040662\" style=\"max-width: 605px;min-width: 325px;\"><p>  <a target=\"_blank\" title=\"@la_ser\" href=\"https:\/\/www.tiktok.com\/@la_ser?refer=embed\" rel=\"nofollow noopener\">@la_ser<\/a> \ud83c\udfc6 El emotivo discurso de Valeria Castro: \u00abEl ruidos y los est\u00edmulos externos del mundo nos hacen pensar que hay que tirar para adelante como sea y est\u00e1 muy bien, siempre y cuando no pasemos por encima de nosotras mismas\u00bb @premiosondas @sercatalunya <a title=\"comunicacion\" target=\"_blank\" href=\"https:\/\/www.tiktok.com\/tag\/comunicacion?refer=embed\" rel=\"nofollow noopener\">#comunicacion<\/a> <a title=\"periodismo\" target=\"_blank\" href=\"https:\/\/www.tiktok.com\/tag\/periodismo?refer=embed\" rel=\"nofollow noopener\">#periodismo<\/a> <a title=\"radio\" target=\"_blank\" href=\"https:\/\/www.tiktok.com\/tag\/radio?refer=embed\" rel=\"nofollow noopener\">#radio<\/a> <a title=\"barcelona\" target=\"_blank\" href=\"https:\/\/www.tiktok.com\/tag\/barcelona?refer=embed\" rel=\"nofollow noopener\">#barcelona<\/a> <a title=\"cadenaser\" target=\"_blank\" href=\"https:\/\/www.tiktok.com\/tag\/cadenaser?refer=embed\" rel=\"nofollow noopener\">#cadenaser<\/a> <a title=\"valeriacastro\" target=\"_blank\" href=\"https:\/\/www.tiktok.com\/tag\/valeriacastro?refer=embed\" rel=\"nofollow noopener\">#ValeriaCastro<\/a> <a title=\"premiosondas\" target=\"_blank\" href=\"https:\/\/www.tiktok.com\/tag\/premiosondas?refer=embed\" rel=\"nofollow noopener\">#PremiosOndas<\/a> <a target=\"_blank\" title=\"\u266c original sound  - Cadena SER\" href=\"https:\/\/www.tiktok.com\/music\/original-sound-Cadena-SER-7577146442899163926?refer=embed\" rel=\"nofollow noopener\">\u266c original sound  \u2013 Cadena SER<\/a>  <\/p><\/blockquote>\n<p>En una entrevista en el programa La Ventana de la Cadena SER, la int\u00e9rprete confirm\u00f3 que se encuentra mejor y destac\u00f3 la importancia de haber contado con profesionales durante este periodo. <\/p>\n<p>Tambi\u00e9n se refiri\u00f3 a la necesidad de considerar la pausa como una baja laboral, reivindicando el derecho a solicitarla <strong>por motivos de salud mental<\/strong>.<\/p>\n<p><a href=\"https:\/\/www.tiktok.com\/@la_ser\/video\/7577146398513040662?embed_source=121374463%2C121468991%2C121439635%2C121749182%2C121433650%2C121404358%2C121497414%2C121477481%2C121351166%2C121811500%2C121960941%2C121860360%2C121487028%2C121331973%2C120811592%2C120810756%2C121885509%3Bnull%3Bembed_masking&amp;refer=embed&amp;referer_url=diariodeavisos.elespanol.com%2Fwp-admin%2Fpost.php%3Fpost%3D841521%26action%3Dedit&amp;referer_video_id=7577146398513040662\" rel=\"nofollow noopener\" target=\"_blank\">Los Ondas<\/a> destacaron de Valeria Castro su <strong>capacidad narrativa, el arraigo con sus ra\u00edces canarias y la autenticidad de su propuesta musical<\/strong>.<\/p>\n<p>Valeria Castro retomar\u00e1 su gira el <strong>8 de diciembre<\/strong> en Vigo, y posteriormente actuar\u00e1 en Mallorca el d\u00eda 11, en Burgos el d\u00eda 21 y en Madrid en enero.<\/p>\n<p>\t\t\t<script async src=\"\/\/www.tiktok.com\/embed.js\"><\/script><\/p>\n","protected":false},"excerpt":{"rendered":"La artista canaria Valeria Castro ha regresado a un escenario despu\u00e9s de anunciar hace poco m\u00e1s de un&hellip;\n","protected":false},"author":2,"featured_media":261204,"comment_status":"","ping_status":"","sticky":false,"template":"","format":"standard","meta":{"footnotes":""},"categories":[170],"tags":[146,147,25,24,184,185,23],"class_list":{"0":"post-261203","1":"post","2":"type-post","3":"status-publish","4":"format-standard","5":"has-post-thumbnail","7":"category-musica","8":"tag-entertainment","9":"tag-entretenimiento","10":"tag-es","11":"tag-espana","12":"tag-music","13":"tag-musica","14":"tag-spain"},"share_on_mastodon":{"url":"https:\/\/pubeurope.com\/@es\/115630107862993369","error":""},"_links":{"self":[{"href":"https:\/\/www.europesays.com\/es\/wp-json\/wp\/v2\/posts\/261203","targetHints":{"allow":["GET"]}}],"collection":[{"href":"https:\/\/www.europesays.com\/es\/wp-json\/wp\/v2\/posts"}],"about":[{"href":"https:\/\/www.europesays.com\/es\/wp-json\/wp\/v2\/types\/post"}],"author":[{"embeddable":true,"href":"https:\/\/www.europesays.com\/es\/wp-json\/wp\/v2\/users\/2"}],"replies":[{"embeddable":true,"href":"https:\/\/www.europesays.com\/es\/wp-json\/wp\/v2\/comments?post=261203"}],"version-history":[{"count":0,"href":"https:\/\/www.europesays.com\/es\/wp-json\/wp\/v2\/posts\/261203\/revisions"}],"wp:featuredmedia":[{"embeddable":true,"href":"https:\/\/www.europesays.com\/es\/wp-json\/wp\/v2\/media\/261204"}],"wp:attachment":[{"href":"https:\/\/www.europesays.com\/es\/wp-json\/wp\/v2\/media?parent=261203"}],"wp:term":[{"taxonomy":"category","embeddable":true,"href":"https:\/\/www.europesays.com\/es\/wp-json\/wp\/v2\/categories?post=261203"},{"taxonomy":"post_tag","embeddable":true,"href":"https:\/\/www.europesays.com\/es\/wp-json\/wp\/v2\/tags?post=261203"}],"curies":[{"name":"wp","href":"https:\/\/api.w.org\/{rel}","templated":true}]}}