{"id":261207,"date":"2025-11-29T00:17:16","date_gmt":"2025-11-29T00:17:16","guid":{"rendered":"https:\/\/www.europesays.com\/es\/261207\/"},"modified":"2025-11-29T00:17:16","modified_gmt":"2025-11-29T00:17:16","slug":"el-momento-del-atletico-la-duda-de-oblak-y-la-urgencia-del-oviedo","status":"publish","type":"post","link":"https:\/\/www.europesays.com\/es\/261207\/","title":{"rendered":"El momento del Atl\u00e9tico, la duda de Oblak y la urgencia del Oviedo"},"content":{"rendered":"<p class=\"mb-4 text-lg md:leading-8 break-words\">Madrid\/Oviedo, 28 nov (EFE).- Desde la primera jornada, el Atl\u00e9tico de Madrid no estaba tan cerca del liderato como ahora, a cuatro puntos, lanzado por cinco victorias consecutivas y la fuerza del Metropolitano, donde este s\u00e1bado recibe al Oviedo, el \u00faltimo de la LaLiga, con la duda a\u00fan de Jan Oblak, la mejor racha actual del campeonato, las advertencias contra el exceso de confianza y la b\u00fasqueda del d\u00e9cimo triunfo seguido en casa.<\/p>\n<p class=\"mb-4 text-lg md:leading-8 break-words\">Por ah\u00ed, tras el 1-1 con el Elche, ya han pasado esta temporada el Villarreal (2-0), el Rayo Vallecano (3-2), el Real Madrid (5-2), el Eintracht Francfort (5-1), Osasuna (1-0), el Sevilla (3-0), el Union Saint-Gilloise (3-1), el Levante (3-1) y el Inter (2-1), todos derrotados por el Atl\u00e9tico y su estadio, al calor de un p\u00fablico entregado y convencido de su equipo, tras el ruido y las dudas con las que comenz\u00f3 la campa\u00f1a en agosto.<\/p>\n<p class=\"mb-4 text-lg md:leading-8 break-words\">A\u00fan es cuarto, pero a cuatro puntos de la cima. Hace apenas dos jornadas, miraba a ocho a la primera posici\u00f3n del Real Madrid. Y ya gana fuera de su campo, por 0-1 en Getafe y antes por 0-2 contra el Betis, mientras crece en todos sus registros y en todos sus sectores, tanto colectiva e individualmente. La prueba de fuego del Inter al solvent\u00f3 con ambici\u00f3n y car\u00e1cter.<\/p>\n<p class=\"mb-4 text-lg md:leading-8 break-words\">No hay nadie actualmente en LaLiga en el momento de triunfos del Atl\u00e9tico, con sus cinco victorias consecutivas. Ni siquiera el Villarreal, que ha ganado sus \u00faltimos cuatro duelos ligueros, ni tampoco el Barcelona, en un tramo de tres victorias sucesivas.<\/p>\n<p class=\"mb-4 text-lg md:leading-8 break-words\">Pero tampoco hay nadie mejor que el Atl\u00e9tico en las \u00faltimas diez jornadas: 26 de 30 puntos, ocho triunfos, dos empates y ninguna derrota del par\u00f3n de septiembre en adelante, quitando las tres primeras citas.<\/p>\n<p class=\"mb-4 text-lg md:leading-8 break-words\">Entre la competici\u00f3n espa\u00f1ola y la Liga de Campeones, el Atl\u00e9tico ha ganado diez de sus \u00faltimos doce encuentros oficiales para sentirse capaz de todo, como hace un a\u00f1o, cuando construy\u00f3 una fant\u00e1stica marca de 15 triunfos.<\/p>\n<p class=\"mb-4 text-lg md:leading-8 break-words\">Entonces, se desvaneci\u00f3 desde enero en adelante, fuera de todo t\u00edtulo en marzo y abril cuando el cansancio y el sobreesfuerzo devoraron a su once, exhausto, y sus aspiraciones. Hoy es diferente. Tiene m\u00e1s y, sobre todo, mejores recursos. Ha amplificado su plantilla. Y debe notarse.<\/p>\n<p class=\"mb-4 text-lg md:leading-8 break-words\">El martes espera el Barcelona. Antes, este s\u00e1bado, recibe al Oviedo. No hay futuro sin presente. No hay Liga si no se gana al equipo carbay\u00f3n, por mucho que venza despu\u00e9s al conjunto catal\u00e1n. Menos a\u00fan en esta Liga, que entra en ebullici\u00f3n. Los cuatro primeros est\u00e1n en un margen de cuatro puntos. Cada fallo es una invitaci\u00f3n a sus contrarios para aprovecharse.<\/p>\n<p class=\"mb-4 text-lg md:leading-8 break-words\">El partido a partido cobra a\u00fan m\u00e1s fuerza si cabe este s\u00e1bado, con Simeone pendiente de Oblak, baja ante Getafe e Inter y todav\u00eda en duda por sus molestias para formar en el once contra el Oviedo. Este s\u00e1bado mismo se tomar\u00e1 la decisi\u00f3n entre su vuelta ya o la continuidad de Juan Musso, solvente en los dos encuentros que ha suplido al esloveno.<\/p>\n<p class=\"mb-4 text-lg md:leading-8 break-words\">No hay pistas del once de Simeone, que tiene las bajas de Robin Le Normand y Marcos Llorente. El condicionante de la alineaci\u00f3n lo pone el esfuerzo ante el Inter del pasado mi\u00e9rcoles y la cercan\u00eda del duelo de este martes contra el Barcelona. A\u00fan as\u00ed, se espera una alineaci\u00f3n pr\u00f3xima a la tipo, quiz\u00e1 con el descanso de Jos\u00e9 Mar\u00eda Gim\u00e9nez, Juli\u00e1n \u00c1lvarez, Giuliano Simeone o alguna otra pieza habitual.<\/p>\n<p class=\"mb-4 text-lg md:leading-8 break-words\">Lo espera el Oviedo, que juega por primera vez contra el Atl\u00e9tico de Madrid en el Metropolitano, llega colista a la cita de este s\u00e1bado y busca volver a ganar tras casi dos meses sin sumar de tres.<\/p>\n<p><img alt=\"\" loading=\"lazy\" width=\"960\" height=\"640\" decoding=\"async\" data-nimg=\"1\" class=\"rounded-lg\" style=\"color:transparent\" src=\"https:\/\/www.europesays.com\/es\/wp-content\/uploads\/2025\/11\/5af0c352b413d806eedeb85d162ea975.jpeg\"\/><\/p>\n<p class=\"mb-4 text-lg md:leading-8 break-words\">Luis Carri\u00f3n, su entrenador, cuenta con las bajas de los lesionados Javi L\u00f3pez y Brandon Domingues y el sancionado Ilyas Chaira, as\u00ed que no tiene que hacer ning\u00fan descarte, ya que regresa el ingl\u00e9s Ovie Ejaria y, con el mediapunta juvenil Pablo Agud\u00edn, son 23 jugadores los que conforman la lista de convocados.<\/p>\n<p class=\"mb-4 text-lg md:leading-8 break-words\">Rahim ser\u00e1 el sustituto de Javi L\u00f3pez en el lateral izquierdo, volviendo a ser titular tras cuatro jornadas seguidas como suplente, y Carmo recuperar\u00e1 su sitio en el eje de la zaga en detrimento de Dani Calvo.<\/p>\n<p class=\"mb-4 text-lg md:leading-8 break-words\">Mientras, la competencia por ser titular en lugar de Ilyas Chaira est\u00e1 m\u00e1s re\u00f1ida, con Hassan, Luka Ilic e incluso Josip Brekalo jug\u00e1ndose un puesto.<\/p>\n<p class=\"mb-4 text-lg md:leading-8 break-words\">Por \u00faltimo, tambi\u00e9n hay dudas en si el capit\u00e1n Santi Cazorla repetir\u00e1 titularidad, ya que, aunque el centrocampista de 40 a\u00f1os fue el jugador m\u00e1s destacado del Oviedo en el empate ante el Rayo Vallecano, la naturaleza del partido del s\u00e1bado (es previsible que el Atl\u00e9tico domine a trav\u00e9s del bal\u00f3n) igual hace que Carri\u00f3n reserve al veterano internacional.<\/p>\n<p class=\"mb-4 text-lg md:leading-8 break-words\">Los azules, colistas de Primera Divisi\u00f3n, todav\u00eda no han ganado desde la llegada de Luis Carri\u00f3n, encadenan tres empates y dos derrotas con el t\u00e9cnico barcelon\u00e9s y su \u00faltimo triunfo data de finales de septiembre, en Mestalla, todav\u00eda con Paunovic en el banquillo carbay\u00f3n.<\/p>\n<p class=\"mb-4 text-lg md:leading-8 break-words\">El Real Oviedo, que ya jug\u00f3 en la temporada 2018-19 en el Metropolitano, pero ante el Rayo Majadahonda, no se enfrenta al Atl\u00e9tico de Madrid en partido liguero desde el curso 2001-02 y en Segunda Divisi\u00f3n. La \u00faltima vez en Primera fue en el a\u00f1o 2000, en un partido disputado en el antiguo Tartiere que acab\u00f3 2-2 y supuso el descenso del Atl\u00e9tico de Madrid.<\/p>\n<p class=\"mb-4 text-lg md:leading-8 break-words\">Alineaciones probables:<\/p>\n<p class=\"mb-4 text-lg md:leading-8 break-words\">Atl\u00e9tico de Madrid: Oblak o Musso; Molina, Gim\u00e9nez o Lenglet, Hancko, Ruggeri; Nico o Giuliano, Barrios, Koke, Baena; Griezmann o Juli\u00e1n Alvarez y Sorloth.<\/p>\n<p class=\"mb-4 text-lg md:leading-8 break-words\">Real Oviedo: Aar\u00f3n Escandell; Nacho Vidal, Costas, Carmo, Rahim; Dendoncker, Colombatto; Hassan, Santi Cazorla, Fede Vi\u00f1as; Rond\u00f3n.<\/p>\n<p class=\"mb-4 text-lg md:leading-8 break-words\">\u00c1rbitro: V\u00edctor Garc\u00eda (C. Catal\u00e1n).<\/p>\n<p class=\"mb-4 text-lg md:leading-8 break-words\">Estadio: Metropolitano.<\/p>\n<p><img alt=\"\" loading=\"lazy\" width=\"960\" height=\"640\" decoding=\"async\" data-nimg=\"1\" class=\"rounded-lg\" style=\"color:transparent\" src=\"https:\/\/www.europesays.com\/es\/wp-content\/uploads\/2025\/11\/1bf6fd81d73c9bea841ce2a3e852ea5e.jpeg\"\/><\/p>\n<p class=\"mb-4 text-lg md:leading-8 break-words\">Hora: 21.00.<\/p>\n<p class=\"mb-4 text-lg md:leading-8 break-words\">(c) Agencia EFE<\/p>\n","protected":false},"excerpt":{"rendered":"Madrid\/Oviedo, 28 nov (EFE).- Desde la primera jornada, el Atl\u00e9tico de Madrid no estaba tan cerca del liderato&hellip;\n","protected":false},"author":2,"featured_media":261208,"comment_status":"","ping_status":"","sticky":false,"template":"","format":"standard","meta":{"footnotes":""},"categories":[93],"tags":[3409,168,65201,25,24,38542,288,205,1796,3048,23,167],"class_list":{"0":"post-261207","1":"post","2":"type-post","3":"status-publish","4":"format-standard","5":"has-post-thumbnail","7":"category-deportes","8":"tag-atletico-de-madrid","9":"tag-deportes","10":"tag-eintracht-francfort","11":"tag-es","12":"tag-espana","13":"tag-jan-oblak","14":"tag-laliga","15":"tag-madrid","16":"tag-oviedo","17":"tag-real-madrid","18":"tag-spain","19":"tag-sports"},"share_on_mastodon":{"url":"https:\/\/pubeurope.com\/@es\/115630116064483190","error":""},"_links":{"self":[{"href":"https:\/\/www.europesays.com\/es\/wp-json\/wp\/v2\/posts\/261207","targetHints":{"allow":["GET"]}}],"collection":[{"href":"https:\/\/www.europesays.com\/es\/wp-json\/wp\/v2\/posts"}],"about":[{"href":"https:\/\/www.europesays.com\/es\/wp-json\/wp\/v2\/types\/post"}],"author":[{"embeddable":true,"href":"https:\/\/www.europesays.com\/es\/wp-json\/wp\/v2\/users\/2"}],"replies":[{"embeddable":true,"href":"https:\/\/www.europesays.com\/es\/wp-json\/wp\/v2\/comments?post=261207"}],"version-history":[{"count":0,"href":"https:\/\/www.europesays.com\/es\/wp-json\/wp\/v2\/posts\/261207\/revisions"}],"wp:featuredmedia":[{"embeddable":true,"href":"https:\/\/www.europesays.com\/es\/wp-json\/wp\/v2\/media\/261208"}],"wp:attachment":[{"href":"https:\/\/www.europesays.com\/es\/wp-json\/wp\/v2\/media?parent=261207"}],"wp:term":[{"taxonomy":"category","embeddable":true,"href":"https:\/\/www.europesays.com\/es\/wp-json\/wp\/v2\/categories?post=261207"},{"taxonomy":"post_tag","embeddable":true,"href":"https:\/\/www.europesays.com\/es\/wp-json\/wp\/v2\/tags?post=261207"}],"curies":[{"name":"wp","href":"https:\/\/api.w.org\/{rel}","templated":true}]}}